{"id":75860,"date":"2021-03-05T12:00:17","date_gmt":"2021-03-05T11:00:17","guid":{"rendered":"https:\/\/www.matrix4design.com\/?p=75860"},"modified":"2021-03-03T10:36:51","modified_gmt":"2021-03-03T09:36:51","slug":"the-pod-la-caffetteria-ready-to-use-di-modourbano-ai-tempi-del-covid","status":"publish","type":"post","link":"https:\/\/www.matrix4design.com\/it\/architettura\/the-pod-la-caffetteria-ready-to-use-di-modourbano-ai-tempi-del-covid\/","title":{"rendered":"The Pod, la caffetteria \u201cready to use\u201d di Modourbano ai tempi del COVID"},"content":{"rendered":"<p>&nbsp;<\/p>\n<p>Negli ultimi mesi la pandemia globale ci ha costretto a modificare le nostre abitudini e a riconfigurare ogni aspetto del quotidiano, tra nuove regole e soluzioni ingegnose.<\/p>\n<p>Per aiutarci con queste ultime, fortunatamente, sono intervenuti architetti e progettisti, per mestiere preparati ad affrontare e indirizzare il cambiamento: \u00e8 ci\u00f2 che ha fatto lo studio di architettura milanese <a href=\"http:\/\/www.modourbano.it\/\" target=\"_blank\" rel=\"noopener\"><strong>Modourbano <\/strong><\/a>con il gruppo<strong> Peabodys Coffee <\/strong>creando <strong>The Pod<\/strong>, un&#8217;unit\u00e0 caffetteria completamente autonoma da installarsi all&#8217;interno delle strutture sanitarie ed ospedaliere con tempi, costi e modalit\u00e0 semplificate.<\/p>\n<p><img loading=\"lazy\" decoding=\"async\" class=\"size-large wp-image-75861 aligncenter\" src=\"https:\/\/www.matrix4design.com\/wp-content\/uploads\/2021\/03\/Modourbano-the-Pod-di-Peabodys-1024x724.jpg\" alt=\"\" width=\"1024\" height=\"724\" srcset=\"https:\/\/www.matrix4design.com\/wp-content\/uploads\/2021\/03\/Modourbano-the-Pod-di-Peabodys-1024x724.jpg 1024w, https:\/\/www.matrix4design.com\/wp-content\/uploads\/2021\/03\/Modourbano-the-Pod-di-Peabodys-300x212.jpg 300w, https:\/\/www.matrix4design.com\/wp-content\/uploads\/2021\/03\/Modourbano-the-Pod-di-Peabodys-768x543.jpg 768w, https:\/\/www.matrix4design.com\/wp-content\/uploads\/2021\/03\/Modourbano-the-Pod-di-Peabodys-1536x1086.jpg 1536w, https:\/\/www.matrix4design.com\/wp-content\/uploads\/2021\/03\/Modourbano-the-Pod-di-Peabodys-150x106.jpg 150w, https:\/\/www.matrix4design.com\/wp-content\/uploads\/2021\/03\/Modourbano-the-Pod-di-Peabodys-696x492.jpg 696w, https:\/\/www.matrix4design.com\/wp-content\/uploads\/2021\/03\/Modourbano-the-Pod-di-Peabodys-1068x755.jpg 1068w, https:\/\/www.matrix4design.com\/wp-content\/uploads\/2021\/03\/Modourbano-the-Pod-di-Peabodys.jpg 1600w\" sizes=\"auto, (max-width: 1024px) 100vw, 1024px\" \/><\/p>\n<p>Gi\u00e0 autore delle caffetterie Peabodys in Gran Bretagna, in questo caso Modourbano ha progettato <strong>The Pod<\/strong> adeguando il progetto alle misure di sicurezza imposte dall&#8217;evento pandemico e dal distanziamento sociale: <strong>tecnologie cashless e contactless<\/strong>, <strong>grafiche di segnalazione della coda<\/strong> con i clienti due metri l&#8217;uno dall&#8217;altro, <strong>totem per l&#8217;igienizzazione<\/strong> e <strong>schermi protettivi<\/strong> per gli operatori che lavorano all&#8217;interno.<\/p>\n<p>The Pod \u00e8 quindi un <strong>modulo compatto dal design minimale, allestibile in 24 ore<\/strong>, che riflette perfettamente il servizio affidabile, di alta qualit\u00e0 che si svolge al suo interno.<\/p>\n<p><img loading=\"lazy\" decoding=\"async\" class=\"size-large wp-image-75862 aligncenter\" src=\"https:\/\/www.matrix4design.com\/wp-content\/uploads\/2021\/03\/2.Modourbano-the-Pod-di-Peabodys-1024x724.jpg\" alt=\"\" width=\"1024\" height=\"724\" srcset=\"https:\/\/www.matrix4design.com\/wp-content\/uploads\/2021\/03\/2.Modourbano-the-Pod-di-Peabodys-1024x724.jpg 1024w, https:\/\/www.matrix4design.com\/wp-content\/uploads\/2021\/03\/2.Modourbano-the-Pod-di-Peabodys-300x212.jpg 300w, https:\/\/www.matrix4design.com\/wp-content\/uploads\/2021\/03\/2.Modourbano-the-Pod-di-Peabodys-768x543.jpg 768w, https:\/\/www.matrix4design.com\/wp-content\/uploads\/2021\/03\/2.Modourbano-the-Pod-di-Peabodys-1536x1086.jpg 1536w, https:\/\/www.matrix4design.com\/wp-content\/uploads\/2021\/03\/2.Modourbano-the-Pod-di-Peabodys.jpg 1600w\" sizes=\"auto, (max-width: 1024px) 100vw, 1024px\" \/><\/p>\n<p>Inoltre, il concept delle caffetterie Peabodys viene declinato ulteriormente: il cliente ritrova <strong>il calore del legno<\/strong>, un&#8217;atmosfera minimale che \u00e8 allo stesso tempo domestica e familiare e che si allontana dall&#8217;immagine fredda degli spazi ospedalieri e sanitari; gli stessi materiali si ritrovano anche sul bancone principale e sui complementi d&#8217;arredo, tavoli, accessori e totem.<\/p>\n<p>Mentre il modulo da interni \u00e8 completamente realizzato in legno, <strong>la versione outdoor \u00e8 basata sulla struttura metallica di un container<\/strong>; le unit\u00e0 contengono tutto il necessario per servire i propri clienti: macchina per caff\u00e8 espresso, macinacaff\u00e8, boiler, forno ad alta velocit\u00e0, frigorifero e congelatore sottopiano, macchina per il ghiaccio, frullatori, bollitore per zuppa, vetrina refrigerata, lavello per utensili, eccetera.<\/p>\n<p>Le dimensioni compatte sono \u201c<strong>ready to use<\/strong>\u201d attraverso la disponibilit\u00e0 dei servizi minimi richiesti e possono essere comodamente installate <strong>in sole 24 ore<\/strong>, come detto, richiedendo una semplice alimentazione elettrica per funzionare.<\/p>\n<p><img loading=\"lazy\" decoding=\"async\" class=\"size-large wp-image-75863 aligncenter\" src=\"https:\/\/www.matrix4design.com\/wp-content\/uploads\/2021\/03\/06_Modourbano-the-Pod-di-Peabodys--1024x576.jpg\" alt=\"\" width=\"1024\" height=\"576\" srcset=\"https:\/\/www.matrix4design.com\/wp-content\/uploads\/2021\/03\/06_Modourbano-the-Pod-di-Peabodys--1024x576.jpg 1024w, https:\/\/www.matrix4design.com\/wp-content\/uploads\/2021\/03\/06_Modourbano-the-Pod-di-Peabodys--300x169.jpg 300w, https:\/\/www.matrix4design.com\/wp-content\/uploads\/2021\/03\/06_Modourbano-the-Pod-di-Peabodys--768x432.jpg 768w, https:\/\/www.matrix4design.com\/wp-content\/uploads\/2021\/03\/06_Modourbano-the-Pod-di-Peabodys--1536x864.jpg 1536w, https:\/\/www.matrix4design.com\/wp-content\/uploads\/2021\/03\/06_Modourbano-the-Pod-di-Peabodys-.jpg 1600w\" sizes=\"auto, (max-width: 1024px) 100vw, 1024px\" \/><\/p>\n<p>Ad integrazione del modulo principale sono affiancati infine <strong>i distributori automatici di cibi caldi di alta qualit\u00e0 disponibili 24\/7 per il personale sanitario e i fruitori degli spazi ospedalieri<\/strong>, particolarmente utili nelle aree protette dove il personale non pu\u00f2 spostarsi facilmente tra i reparti per accedere a cibi caldi.<\/p>\n<p>La creativit\u00e0 degli architetti si pone cos\u00ec al servizio delle esigenze contemporanee, con l\u2019obiettivo di migliorare la qualit\u00e0 della vita e del lavoro in questa fase cos\u00ec complessa.<\/p>\n<p>&nbsp;<\/p>\n","protected":false},"excerpt":{"rendered":"<p>&nbsp; Negli ultimi mesi la pandemia globale ci ha costretto a modificare le nostre abitudini e a riconfigurare ogni aspetto del quotidiano, tra nuove regole e soluzioni ingegnose. Per aiutarci con queste ultime, fortunatamente, sono intervenuti architetti e progettisti, per mestiere preparati ad affrontare e indirizzare il cambiamento: \u00e8 ci\u00f2 che ha fatto lo studio [&hellip;]<\/p>\n","protected":false},"author":6,"featured_media":75861,"comment_status":"closed","ping_status":"closed","sticky":false,"template":"","format":"standard","meta":{"_acf_changed":false,"footnotes":""},"categories":[367,417,368],"tags":[],"class_list":{"0":"post-75860","1":"post","2":"type-post","3":"status-publish","4":"format-standard","5":"has-post-thumbnail","7":"category-architettura","8":"category-architettura-home","9":"category-featured"},"acf":[],"yoast_head":"<!-- This site is optimized with the Yoast SEO plugin v27.0 - https:\/\/yoast.com\/product\/yoast-seo-wordpress\/ -->\n<title>The Pod, la caffetteria \u201cready to use\u201d di Modourbano ai tempi del COVID<\/title>\n<meta name=\"description\" content=\"The Pod di Modourbano per Peabodys \u00e8 un\u2019unit\u00e0 caffetteria autonoma da installarsi all&#039;interno di strutture sanitarie ed ospedaliere.\" \/>\n<meta name=\"robots\" content=\"index, follow, max-snippet:-1, max-image-preview:large, max-video-preview:-1\" \/>\n<link rel=\"canonical\" href=\"https:\/\/www.matrix4design.com\/it\/architettura\/the-pod-la-caffetteria-ready-to-use-di-modourbano-ai-tempi-del-covid\/\" \/>\n<meta property=\"og:locale\" content=\"it_IT\" \/>\n<meta property=\"og:type\" content=\"article\" \/>\n<meta property=\"og:title\" content=\"The Pod, la caffetteria \u201cready to use\u201d di Modourbano ai tempi del COVID\" \/>\n<meta property=\"og:description\" content=\"The Pod di Modourbano per Peabodys \u00e8 un\u2019unit\u00e0 caffetteria autonoma da installarsi all&#039;interno di strutture sanitarie ed ospedaliere.\" \/>\n<meta property=\"og:url\" content=\"https:\/\/www.matrix4design.com\/it\/architettura\/the-pod-la-caffetteria-ready-to-use-di-modourbano-ai-tempi-del-covid\/\" \/>\n<meta property=\"og:site_name\" content=\"Matrix4Design\" \/>\n<meta property=\"article:publisher\" content=\"https:\/\/www.facebook.com\/matrix4designmagazine\/\" \/>\n<meta property=\"article:published_time\" content=\"2021-03-05T11:00:17+00:00\" \/>\n<meta property=\"og:image\" content=\"https:\/\/www.matrix4design.com\/wp-content\/uploads\/2021\/03\/Modourbano-the-Pod-di-Peabodys.jpg\" \/>\n\t<meta property=\"og:image:width\" content=\"1600\" \/>\n\t<meta property=\"og:image:height\" content=\"1131\" \/>\n\t<meta property=\"og:image:type\" content=\"image\/jpeg\" \/>\n<meta name=\"author\" content=\"Redazione\" \/>\n<meta name=\"twitter:card\" content=\"summary_large_image\" \/>\n<meta name=\"twitter:label1\" content=\"Scritto da\" \/>\n\t<meta name=\"twitter:data1\" content=\"Redazione\" \/>\n\t<meta name=\"twitter:label2\" content=\"Tempo di lettura stimato\" \/>\n\t<meta name=\"twitter:data2\" content=\"3 minuti\" \/>\n<script type=\"application\/ld+json\" class=\"yoast-schema-graph\">{\"@context\":\"https:\/\/schema.org\",\"@graph\":[{\"@type\":\"Article\",\"@id\":\"https:\/\/www.matrix4design.com\/it\/architettura\/the-pod-la-caffetteria-ready-to-use-di-modourbano-ai-tempi-del-covid\/#article\",\"isPartOf\":{\"@id\":\"https:\/\/www.matrix4design.com\/it\/architettura\/the-pod-la-caffetteria-ready-to-use-di-modourbano-ai-tempi-del-covid\/\"},\"author\":{\"name\":\"Redazione\",\"@id\":\"https:\/\/www.matrix4design.com\/it\/#\/schema\/person\/b2b6dd48f9d6892ca224742379951fa1\"},\"headline\":\"The Pod, la caffetteria \u201cready to use\u201d di Modourbano ai tempi del COVID\",\"datePublished\":\"2021-03-05T11:00:17+00:00\",\"mainEntityOfPage\":{\"@id\":\"https:\/\/www.matrix4design.com\/it\/architettura\/the-pod-la-caffetteria-ready-to-use-di-modourbano-ai-tempi-del-covid\/\"},\"wordCount\":412,\"publisher\":{\"@id\":\"https:\/\/www.matrix4design.com\/it\/#organization\"},\"image\":{\"@id\":\"https:\/\/www.matrix4design.com\/it\/architettura\/the-pod-la-caffetteria-ready-to-use-di-modourbano-ai-tempi-del-covid\/#primaryimage\"},\"thumbnailUrl\":\"https:\/\/www.matrix4design.com\/wp-content\/uploads\/2021\/03\/Modourbano-the-Pod-di-Peabodys.jpg\",\"articleSection\":[\"Architettura\",\"Architettura home\",\"Featured\"],\"inLanguage\":\"it-IT\"},{\"@type\":\"WebPage\",\"@id\":\"https:\/\/www.matrix4design.com\/it\/architettura\/the-pod-la-caffetteria-ready-to-use-di-modourbano-ai-tempi-del-covid\/\",\"url\":\"https:\/\/www.matrix4design.com\/it\/architettura\/the-pod-la-caffetteria-ready-to-use-di-modourbano-ai-tempi-del-covid\/\",\"name\":\"The Pod, la caffetteria \u201cready to use\u201d di Modourbano ai tempi del COVID\",\"isPartOf\":{\"@id\":\"https:\/\/www.matrix4design.com\/it\/#website\"},\"primaryImageOfPage\":{\"@id\":\"https:\/\/www.matrix4design.com\/it\/architettura\/the-pod-la-caffetteria-ready-to-use-di-modourbano-ai-tempi-del-covid\/#primaryimage\"},\"image\":{\"@id\":\"https:\/\/www.matrix4design.com\/it\/architettura\/the-pod-la-caffetteria-ready-to-use-di-modourbano-ai-tempi-del-covid\/#primaryimage\"},\"thumbnailUrl\":\"https:\/\/www.matrix4design.com\/wp-content\/uploads\/2021\/03\/Modourbano-the-Pod-di-Peabodys.jpg\",\"datePublished\":\"2021-03-05T11:00:17+00:00\",\"description\":\"The Pod di Modourbano per Peabodys \u00e8 un\u2019unit\u00e0 caffetteria autonoma da installarsi all'interno di strutture sanitarie ed ospedaliere.\",\"breadcrumb\":{\"@id\":\"https:\/\/www.matrix4design.com\/it\/architettura\/the-pod-la-caffetteria-ready-to-use-di-modourbano-ai-tempi-del-covid\/#breadcrumb\"},\"inLanguage\":\"it-IT\",\"potentialAction\":[{\"@type\":\"ReadAction\",\"target\":[\"https:\/\/www.matrix4design.com\/it\/architettura\/the-pod-la-caffetteria-ready-to-use-di-modourbano-ai-tempi-del-covid\/\"]}]},{\"@type\":\"ImageObject\",\"inLanguage\":\"it-IT\",\"@id\":\"https:\/\/www.matrix4design.com\/it\/architettura\/the-pod-la-caffetteria-ready-to-use-di-modourbano-ai-tempi-del-covid\/#primaryimage\",\"url\":\"https:\/\/www.matrix4design.com\/wp-content\/uploads\/2021\/03\/Modourbano-the-Pod-di-Peabodys.jpg\",\"contentUrl\":\"https:\/\/www.matrix4design.com\/wp-content\/uploads\/2021\/03\/Modourbano-the-Pod-di-Peabodys.jpg\",\"width\":1600,\"height\":1131},{\"@type\":\"BreadcrumbList\",\"@id\":\"https:\/\/www.matrix4design.com\/it\/architettura\/the-pod-la-caffetteria-ready-to-use-di-modourbano-ai-tempi-del-covid\/#breadcrumb\",\"itemListElement\":[{\"@type\":\"ListItem\",\"position\":1,\"name\":\"Home\",\"item\":\"https:\/\/www.matrix4design.com\/it\/\"},{\"@type\":\"ListItem\",\"position\":2,\"name\":\"The Pod, la caffetteria \u201cready to use\u201d di Modourbano ai tempi del COVID\"}]},{\"@type\":\"WebSite\",\"@id\":\"https:\/\/www.matrix4design.com\/it\/#website\",\"url\":\"https:\/\/www.matrix4design.com\/it\/\",\"name\":\"Matrix4Design\",\"description\":\"Digital architecture and design b2b magazine\",\"publisher\":{\"@id\":\"https:\/\/www.matrix4design.com\/it\/#organization\"},\"potentialAction\":[{\"@type\":\"SearchAction\",\"target\":{\"@type\":\"EntryPoint\",\"urlTemplate\":\"https:\/\/www.matrix4design.com\/it\/?s={search_term_string}\"},\"query-input\":{\"@type\":\"PropertyValueSpecification\",\"valueRequired\":true,\"valueName\":\"search_term_string\"}}],\"inLanguage\":\"it-IT\"},{\"@type\":\"Organization\",\"@id\":\"https:\/\/www.matrix4design.com\/it\/#organization\",\"name\":\"Matrix4Design\",\"url\":\"https:\/\/www.matrix4design.com\/it\/\",\"logo\":{\"@type\":\"ImageObject\",\"inLanguage\":\"it-IT\",\"@id\":\"https:\/\/www.matrix4design.com\/it\/#\/schema\/logo\/image\/\",\"url\":\"https:\/\/www.matrix4design.com\/wp-content\/uploads\/2020\/04\/logo_matrix4design.png\",\"contentUrl\":\"https:\/\/www.matrix4design.com\/wp-content\/uploads\/2020\/04\/logo_matrix4design.png\",\"width\":804,\"height\":114,\"caption\":\"Matrix4Design\"},\"image\":{\"@id\":\"https:\/\/www.matrix4design.com\/it\/#\/schema\/logo\/image\/\"},\"sameAs\":[\"https:\/\/www.facebook.com\/matrix4designmagazine\/\",\"https:\/\/www.instagram.com\/matrix4designmagazine\/\",\"https:\/\/www.youtube.com\/channel\/UCtuhSSrP3MOO_URZgv8mQ1A\"]},{\"@type\":\"Person\",\"@id\":\"https:\/\/www.matrix4design.com\/it\/#\/schema\/person\/b2b6dd48f9d6892ca224742379951fa1\",\"name\":\"Redazione\",\"image\":{\"@type\":\"ImageObject\",\"inLanguage\":\"it-IT\",\"@id\":\"https:\/\/www.matrix4design.com\/it\/#\/schema\/person\/image\/\",\"url\":\"https:\/\/www.matrix4design.com\/wp-content\/uploads\/2023\/01\/logo_M4D_2023-96x96.jpg\",\"contentUrl\":\"https:\/\/www.matrix4design.com\/wp-content\/uploads\/2023\/01\/logo_M4D_2023-96x96.jpg\",\"caption\":\"Redazione\"},\"url\":\"https:\/\/www.matrix4design.com\/it\/author\/redazione\/\"}]}<\/script>\n<!-- \/ Yoast SEO plugin. -->","yoast_head_json":{"title":"The Pod, la caffetteria \u201cready to use\u201d di Modourbano ai tempi del COVID","description":"The Pod di Modourbano per Peabodys \u00e8 un\u2019unit\u00e0 caffetteria autonoma da installarsi all'interno di strutture sanitarie ed ospedaliere.","robots":{"index":"index","follow":"follow","max-snippet":"max-snippet:-1","max-image-preview":"max-image-preview:large","max-video-preview":"max-video-preview:-1"},"canonical":"https:\/\/www.matrix4design.com\/it\/architettura\/the-pod-la-caffetteria-ready-to-use-di-modourbano-ai-tempi-del-covid\/","og_locale":"it_IT","og_type":"article","og_title":"The Pod, la caffetteria \u201cready to use\u201d di Modourbano ai tempi del COVID","og_description":"The Pod di Modourbano per Peabodys \u00e8 un\u2019unit\u00e0 caffetteria autonoma da installarsi all'interno di strutture sanitarie ed ospedaliere.","og_url":"https:\/\/www.matrix4design.com\/it\/architettura\/the-pod-la-caffetteria-ready-to-use-di-modourbano-ai-tempi-del-covid\/","og_site_name":"Matrix4Design","article_publisher":"https:\/\/www.facebook.com\/matrix4designmagazine\/","article_published_time":"2021-03-05T11:00:17+00:00","og_image":[{"width":1600,"height":1131,"url":"https:\/\/www.matrix4design.com\/wp-content\/uploads\/2021\/03\/Modourbano-the-Pod-di-Peabodys.jpg","type":"image\/jpeg"}],"author":"Redazione","twitter_card":"summary_large_image","twitter_misc":{"Scritto da":"Redazione","Tempo di lettura stimato":"3 minuti"},"schema":{"@context":"https:\/\/schema.org","@graph":[{"@type":"Article","@id":"https:\/\/www.matrix4design.com\/it\/architettura\/the-pod-la-caffetteria-ready-to-use-di-modourbano-ai-tempi-del-covid\/#article","isPartOf":{"@id":"https:\/\/www.matrix4design.com\/it\/architettura\/the-pod-la-caffetteria-ready-to-use-di-modourbano-ai-tempi-del-covid\/"},"author":{"name":"Redazione","@id":"https:\/\/www.matrix4design.com\/it\/#\/schema\/person\/b2b6dd48f9d6892ca224742379951fa1"},"headline":"The Pod, la caffetteria \u201cready to use\u201d di Modourbano ai tempi del COVID","datePublished":"2021-03-05T11:00:17+00:00","mainEntityOfPage":{"@id":"https:\/\/www.matrix4design.com\/it\/architettura\/the-pod-la-caffetteria-ready-to-use-di-modourbano-ai-tempi-del-covid\/"},"wordCount":412,"publisher":{"@id":"https:\/\/www.matrix4design.com\/it\/#organization"},"image":{"@id":"https:\/\/www.matrix4design.com\/it\/architettura\/the-pod-la-caffetteria-ready-to-use-di-modourbano-ai-tempi-del-covid\/#primaryimage"},"thumbnailUrl":"https:\/\/www.matrix4design.com\/wp-content\/uploads\/2021\/03\/Modourbano-the-Pod-di-Peabodys.jpg","articleSection":["Architettura","Architettura home","Featured"],"inLanguage":"it-IT"},{"@type":"WebPage","@id":"https:\/\/www.matrix4design.com\/it\/architettura\/the-pod-la-caffetteria-ready-to-use-di-modourbano-ai-tempi-del-covid\/","url":"https:\/\/www.matrix4design.com\/it\/architettura\/the-pod-la-caffetteria-ready-to-use-di-modourbano-ai-tempi-del-covid\/","name":"The Pod, la caffetteria \u201cready to use\u201d di Modourbano ai tempi del COVID","isPartOf":{"@id":"https:\/\/www.matrix4design.com\/it\/#website"},"primaryImageOfPage":{"@id":"https:\/\/www.matrix4design.com\/it\/architettura\/the-pod-la-caffetteria-ready-to-use-di-modourbano-ai-tempi-del-covid\/#primaryimage"},"image":{"@id":"https:\/\/www.matrix4design.com\/it\/architettura\/the-pod-la-caffetteria-ready-to-use-di-modourbano-ai-tempi-del-covid\/#primaryimage"},"thumbnailUrl":"https:\/\/www.matrix4design.com\/wp-content\/uploads\/2021\/03\/Modourbano-the-Pod-di-Peabodys.jpg","datePublished":"2021-03-05T11:00:17+00:00","description":"The Pod di Modourbano per Peabodys \u00e8 un\u2019unit\u00e0 caffetteria autonoma da installarsi all'interno di strutture sanitarie ed ospedaliere.","breadcrumb":{"@id":"https:\/\/www.matrix4design.com\/it\/architettura\/the-pod-la-caffetteria-ready-to-use-di-modourbano-ai-tempi-del-covid\/#breadcrumb"},"inLanguage":"it-IT","potentialAction":[{"@type":"ReadAction","target":["https:\/\/www.matrix4design.com\/it\/architettura\/the-pod-la-caffetteria-ready-to-use-di-modourbano-ai-tempi-del-covid\/"]}]},{"@type":"ImageObject","inLanguage":"it-IT","@id":"https:\/\/www.matrix4design.com\/it\/architettura\/the-pod-la-caffetteria-ready-to-use-di-modourbano-ai-tempi-del-covid\/#primaryimage","url":"https:\/\/www.matrix4design.com\/wp-content\/uploads\/2021\/03\/Modourbano-the-Pod-di-Peabodys.jpg","contentUrl":"https:\/\/www.matrix4design.com\/wp-content\/uploads\/2021\/03\/Modourbano-the-Pod-di-Peabodys.jpg","width":1600,"height":1131},{"@type":"BreadcrumbList","@id":"https:\/\/www.matrix4design.com\/it\/architettura\/the-pod-la-caffetteria-ready-to-use-di-modourbano-ai-tempi-del-covid\/#breadcrumb","itemListElement":[{"@type":"ListItem","position":1,"name":"Home","item":"https:\/\/www.matrix4design.com\/it\/"},{"@type":"ListItem","position":2,"name":"The Pod, la caffetteria \u201cready to use\u201d di Modourbano ai tempi del COVID"}]},{"@type":"WebSite","@id":"https:\/\/www.matrix4design.com\/it\/#website","url":"https:\/\/www.matrix4design.com\/it\/","name":"Matrix4Design","description":"Digital architecture and design b2b magazine","publisher":{"@id":"https:\/\/www.matrix4design.com\/it\/#organization"},"potentialAction":[{"@type":"SearchAction","target":{"@type":"EntryPoint","urlTemplate":"https:\/\/www.matrix4design.com\/it\/?s={search_term_string}"},"query-input":{"@type":"PropertyValueSpecification","valueRequired":true,"valueName":"search_term_string"}}],"inLanguage":"it-IT"},{"@type":"Organization","@id":"https:\/\/www.matrix4design.com\/it\/#organization","name":"Matrix4Design","url":"https:\/\/www.matrix4design.com\/it\/","logo":{"@type":"ImageObject","inLanguage":"it-IT","@id":"https:\/\/www.matrix4design.com\/it\/#\/schema\/logo\/image\/","url":"https:\/\/www.matrix4design.com\/wp-content\/uploads\/2020\/04\/logo_matrix4design.png","contentUrl":"https:\/\/www.matrix4design.com\/wp-content\/uploads\/2020\/04\/logo_matrix4design.png","width":804,"height":114,"caption":"Matrix4Design"},"image":{"@id":"https:\/\/www.matrix4design.com\/it\/#\/schema\/logo\/image\/"},"sameAs":["https:\/\/www.facebook.com\/matrix4designmagazine\/","https:\/\/www.instagram.com\/matrix4designmagazine\/","https:\/\/www.youtube.com\/channel\/UCtuhSSrP3MOO_URZgv8mQ1A"]},{"@type":"Person","@id":"https:\/\/www.matrix4design.com\/it\/#\/schema\/person\/b2b6dd48f9d6892ca224742379951fa1","name":"Redazione","image":{"@type":"ImageObject","inLanguage":"it-IT","@id":"https:\/\/www.matrix4design.com\/it\/#\/schema\/person\/image\/","url":"https:\/\/www.matrix4design.com\/wp-content\/uploads\/2023\/01\/logo_M4D_2023-96x96.jpg","contentUrl":"https:\/\/www.matrix4design.com\/wp-content\/uploads\/2023\/01\/logo_M4D_2023-96x96.jpg","caption":"Redazione"},"url":"https:\/\/www.matrix4design.com\/it\/author\/redazione\/"}]}},"_links":{"self":[{"href":"https:\/\/www.matrix4design.com\/it\/wp-json\/wp\/v2\/posts\/75860","targetHints":{"allow":["GET"]}}],"collection":[{"href":"https:\/\/www.matrix4design.com\/it\/wp-json\/wp\/v2\/posts"}],"about":[{"href":"https:\/\/www.matrix4design.com\/it\/wp-json\/wp\/v2\/types\/post"}],"author":[{"embeddable":true,"href":"https:\/\/www.matrix4design.com\/it\/wp-json\/wp\/v2\/users\/6"}],"replies":[{"embeddable":true,"href":"https:\/\/www.matrix4design.com\/it\/wp-json\/wp\/v2\/comments?post=75860"}],"version-history":[{"count":1,"href":"https:\/\/www.matrix4design.com\/it\/wp-json\/wp\/v2\/posts\/75860\/revisions"}],"predecessor-version":[{"id":75864,"href":"https:\/\/www.matrix4design.com\/it\/wp-json\/wp\/v2\/posts\/75860\/revisions\/75864"}],"wp:featuredmedia":[{"embeddable":true,"href":"https:\/\/www.matrix4design.com\/it\/wp-json\/wp\/v2\/media\/75861"}],"wp:attachment":[{"href":"https:\/\/www.matrix4design.com\/it\/wp-json\/wp\/v2\/media?parent=75860"}],"wp:term":[{"taxonomy":"category","embeddable":true,"href":"https:\/\/www.matrix4design.com\/it\/wp-json\/wp\/v2\/categories?post=75860"},{"taxonomy":"post_tag","embeddable":true,"href":"https:\/\/www.matrix4design.com\/it\/wp-json\/wp\/v2\/tags?post=75860"}],"curies":[{"name":"wp","href":"https:\/\/api.w.org\/{rel}","templated":true}]}}