{"id":77005,"date":"2021-04-14T12:00:08","date_gmt":"2021-04-14T10:00:08","guid":{"rendered":"https:\/\/www.matrix4design.com\/?p=77005"},"modified":"2026-02-10T12:22:18","modified_gmt":"2026-02-10T11:22:18","slug":"il-video-racconto-di-fabric-la-terracotta-da-parati-di-terreal","status":"publish","type":"post","link":"https:\/\/www.matrix4design.com\/it\/design\/il-video-racconto-di-fabric-la-terracotta-da-parati-di-terreal\/","title":{"rendered":"Il video-racconto di FaBRIC, la terracotta da parati di Terreal"},"content":{"rendered":"<p>&nbsp;<\/p>\n<p>Da tempo ormai il colore e il calore dei mattoni sono diventati protagonisti di molti spazi interni contemporanei, dando vita ad una vera e propria tendenza sintetizzabile come \u201cterracotta da parati\u201d.<\/p>\n<p>In questo contesto, <a href=\"https:\/\/www.sanmarco.it\/\" target=\"_blank\" rel=\"noopener\"><strong>Terreal Italia<\/strong><\/a>, azienda di riferimento nella produzione e commercializzazione di sistemi di involucro in terracotta per l\u2019architettura, punta sulla linea\u00a0<a href=\"https:\/\/www.matrix4design.com\/it\/design\/fabric-la-terracotta-di-terreal-italia-scalda-gli-spazi-interni\/?rm=1\" target=\"_blank\" rel=\"noopener\"><strong>FaBRIC<\/strong><\/a> per offrire ai progettisti un nuovo pannello di rivestimento per interni con finitura in mattone faccia a vista.<\/p>\n<p><img loading=\"lazy\" decoding=\"async\" class=\"size-full wp-image-77006 aligncenter\" src=\"https:\/\/www.matrix4design.com\/wp-content\/uploads\/2021\/04\/Ambientazione_1.jpg\" alt=\"\" width=\"736\" height=\"877\" srcset=\"https:\/\/www.matrix4design.com\/wp-content\/uploads\/2021\/04\/Ambientazione_1.jpg 736w, https:\/\/www.matrix4design.com\/wp-content\/uploads\/2021\/04\/Ambientazione_1-252x300.jpg 252w\" sizes=\"auto, (max-width: 736px) 100vw, 736px\" \/><\/p>\n<p>Leggero, versatile e facile da posare, <strong>FaBRIC<\/strong>\u00a0\u00e8 costituito da un supporto in lana di legno di abete rosso mineralizzata e legata con cemento e polvere di marmo a cui vengono applicati per incollaggio listelli in terracotta a pasta molle prodotti a stampo secondo l\u2019antica maniera.<\/p>\n<p><strong>FaBRIC<\/strong>\u00a0\u00e8 disponibile in due finiture esclusive,\u00a0<strong>DOGI2.0<\/strong>\u00a0di\u00a0<strong>SanMarco<\/strong>\u00a0e\u00a0<strong>RUSTICO 800<\/strong>\u00a0di\u00a0<strong>Pica<\/strong>, \u00e8 dotato di caratteristiche igro-termo regolatrici e propriet\u00e0 fonoassorbenti, a cui si aggiungono le qualit\u00e0 generate dall\u2019essere un prodotto naturale, Made in Italy e biocompatibile al 100%.<\/p>\n<p><img loading=\"lazy\" decoding=\"async\" class=\"size-full wp-image-77007 aligncenter\" src=\"https:\/\/www.matrix4design.com\/wp-content\/uploads\/2021\/04\/Ambientazione_2.jpg\" alt=\"\" width=\"729\" height=\"874\" srcset=\"https:\/\/www.matrix4design.com\/wp-content\/uploads\/2021\/04\/Ambientazione_2.jpg 729w, https:\/\/www.matrix4design.com\/wp-content\/uploads\/2021\/04\/Ambientazione_2-250x300.jpg 250w\" sizes=\"auto, (max-width: 729px) 100vw, 729px\" \/><\/p>\n<p>Per raccontare in modo chiaro ed efficace l\u2019eccellenza di una proposta cos\u00ec sofisticata, <strong>Terreal Italia<\/strong> ha realizzato un <strong>video<\/strong> di presentazione in cui si passano in rassegna le peculiarit\u00e0 di <strong>FaBRIC<\/strong>, le sue diverse fasi di posa e si offre un saggio delle ambientazioni di interior design pi\u00f9 suggestive in cui trova piena applicazione.<\/p>\n","protected":false},"excerpt":{"rendered":"<p>&nbsp; Da tempo ormai il colore e il calore dei mattoni sono diventati protagonisti di molti spazi interni contemporanei, dando vita ad una vera e propria tendenza sintetizzabile come \u201cterracotta da parati\u201d. In questo contesto, Terreal Italia, azienda di riferimento nella produzione e commercializzazione di sistemi di involucro in terracotta per l\u2019architettura, punta sulla linea\u00a0FaBRIC [&hellip;]<\/p>\n","protected":false},"author":6,"featured_media":77006,"comment_status":"closed","ping_status":"closed","sticky":false,"template":"","format":"video","meta":{"_acf_changed":false,"footnotes":""},"categories":[421,366,418,368,379,534],"tags":[437],"class_list":{"0":"post-77005","1":"post","2":"type-post","3":"status-publish","4":"format-video","5":"has-post-thumbnail","7":"category-dontstopdesign","8":"category-design","9":"category-design-home","10":"category-featured","11":"category-focus-home","12":"category-video","13":"tag-superfici","14":"post_format-post-format-video"},"acf":[],"yoast_head":"<!-- This site is optimized with the Yoast SEO plugin v27.0 - https:\/\/yoast.com\/product\/yoast-seo-wordpress\/ -->\n<title>Il video-racconto di FaBRIC, la terracotta da parati di Terreal<\/title>\n<meta name=\"description\" content=\"Terreal Italia presenta il video-racconto di FaBRIC, il nuovo pannello di rivestimento per interni destinato alle case contemporanee.\" \/>\n<meta name=\"robots\" content=\"index, follow, max-snippet:-1, max-image-preview:large, max-video-preview:-1\" \/>\n<link rel=\"canonical\" href=\"https:\/\/www.matrix4design.com\/it\/design\/il-video-racconto-di-fabric-la-terracotta-da-parati-di-terreal\/\" \/>\n<meta property=\"og:locale\" content=\"it_IT\" \/>\n<meta property=\"og:type\" content=\"article\" \/>\n<meta property=\"og:title\" content=\"Il video-racconto di FaBRIC, la terracotta da parati di Terreal\" \/>\n<meta property=\"og:description\" content=\"Terreal Italia presenta il video-racconto di FaBRIC, il nuovo pannello di rivestimento per interni destinato alle case contemporanee.\" \/>\n<meta property=\"og:url\" content=\"https:\/\/www.matrix4design.com\/it\/design\/il-video-racconto-di-fabric-la-terracotta-da-parati-di-terreal\/\" \/>\n<meta property=\"og:site_name\" content=\"Matrix4Design\" \/>\n<meta property=\"article:publisher\" content=\"https:\/\/www.facebook.com\/matrix4designmagazine\/\" \/>\n<meta property=\"article:published_time\" content=\"2021-04-14T10:00:08+00:00\" \/>\n<meta property=\"article:modified_time\" content=\"2026-02-10T11:22:18+00:00\" \/>\n<meta property=\"og:image\" content=\"https:\/\/www.matrix4design.com\/wp-content\/uploads\/2021\/04\/Ambientazione_1.jpg\" \/>\n\t<meta property=\"og:image:width\" content=\"736\" \/>\n\t<meta property=\"og:image:height\" content=\"877\" \/>\n\t<meta property=\"og:image:type\" content=\"image\/jpeg\" \/>\n<meta name=\"author\" content=\"Redazione\" \/>\n<meta name=\"twitter:card\" content=\"summary_large_image\" \/>\n<meta name=\"twitter:label1\" content=\"Scritto da\" \/>\n\t<meta name=\"twitter:data1\" content=\"Redazione\" \/>\n\t<meta name=\"twitter:label2\" content=\"Tempo di lettura stimato\" \/>\n\t<meta name=\"twitter:data2\" content=\"2 minuti\" \/>\n<script type=\"application\/ld+json\" class=\"yoast-schema-graph\">{\"@context\":\"https:\/\/schema.org\",\"@graph\":[{\"@type\":\"Article\",\"@id\":\"https:\/\/www.matrix4design.com\/it\/design\/il-video-racconto-di-fabric-la-terracotta-da-parati-di-terreal\/#article\",\"isPartOf\":{\"@id\":\"https:\/\/www.matrix4design.com\/it\/design\/il-video-racconto-di-fabric-la-terracotta-da-parati-di-terreal\/\"},\"author\":{\"name\":\"Redazione\",\"@id\":\"https:\/\/www.matrix4design.com\/it\/#\/schema\/person\/b2b6dd48f9d6892ca224742379951fa1\"},\"headline\":\"Il video-racconto di FaBRIC, la terracotta da parati di Terreal\",\"datePublished\":\"2021-04-14T10:00:08+00:00\",\"dateModified\":\"2026-02-10T11:22:18+00:00\",\"mainEntityOfPage\":{\"@id\":\"https:\/\/www.matrix4design.com\/it\/design\/il-video-racconto-di-fabric-la-terracotta-da-parati-di-terreal\/\"},\"wordCount\":225,\"publisher\":{\"@id\":\"https:\/\/www.matrix4design.com\/it\/#organization\"},\"image\":{\"@id\":\"https:\/\/www.matrix4design.com\/it\/design\/il-video-racconto-di-fabric-la-terracotta-da-parati-di-terreal\/#primaryimage\"},\"thumbnailUrl\":\"https:\/\/www.matrix4design.com\/wp-content\/uploads\/2021\/04\/Ambientazione_1.jpg\",\"keywords\":[\"superfici\"],\"articleSection\":[\"#dontstopdesign\",\"Design\",\"Design home\",\"Featured\",\"Focus home\",\"Video\"],\"inLanguage\":\"it-IT\"},{\"@type\":\"WebPage\",\"@id\":\"https:\/\/www.matrix4design.com\/it\/design\/il-video-racconto-di-fabric-la-terracotta-da-parati-di-terreal\/\",\"url\":\"https:\/\/www.matrix4design.com\/it\/design\/il-video-racconto-di-fabric-la-terracotta-da-parati-di-terreal\/\",\"name\":\"Il video-racconto di FaBRIC, la terracotta da parati di Terreal\",\"isPartOf\":{\"@id\":\"https:\/\/www.matrix4design.com\/it\/#website\"},\"primaryImageOfPage\":{\"@id\":\"https:\/\/www.matrix4design.com\/it\/design\/il-video-racconto-di-fabric-la-terracotta-da-parati-di-terreal\/#primaryimage\"},\"image\":{\"@id\":\"https:\/\/www.matrix4design.com\/it\/design\/il-video-racconto-di-fabric-la-terracotta-da-parati-di-terreal\/#primaryimage\"},\"thumbnailUrl\":\"https:\/\/www.matrix4design.com\/wp-content\/uploads\/2021\/04\/Ambientazione_1.jpg\",\"datePublished\":\"2021-04-14T10:00:08+00:00\",\"dateModified\":\"2026-02-10T11:22:18+00:00\",\"description\":\"Terreal Italia presenta il video-racconto di FaBRIC, il nuovo pannello di rivestimento per interni destinato alle case contemporanee.\",\"breadcrumb\":{\"@id\":\"https:\/\/www.matrix4design.com\/it\/design\/il-video-racconto-di-fabric-la-terracotta-da-parati-di-terreal\/#breadcrumb\"},\"inLanguage\":\"it-IT\",\"potentialAction\":[{\"@type\":\"ReadAction\",\"target\":[\"https:\/\/www.matrix4design.com\/it\/design\/il-video-racconto-di-fabric-la-terracotta-da-parati-di-terreal\/\"]}]},{\"@type\":\"ImageObject\",\"inLanguage\":\"it-IT\",\"@id\":\"https:\/\/www.matrix4design.com\/it\/design\/il-video-racconto-di-fabric-la-terracotta-da-parati-di-terreal\/#primaryimage\",\"url\":\"https:\/\/www.matrix4design.com\/wp-content\/uploads\/2021\/04\/Ambientazione_1.jpg\",\"contentUrl\":\"https:\/\/www.matrix4design.com\/wp-content\/uploads\/2021\/04\/Ambientazione_1.jpg\",\"width\":736,\"height\":877},{\"@type\":\"BreadcrumbList\",\"@id\":\"https:\/\/www.matrix4design.com\/it\/design\/il-video-racconto-di-fabric-la-terracotta-da-parati-di-terreal\/#breadcrumb\",\"itemListElement\":[{\"@type\":\"ListItem\",\"position\":1,\"name\":\"Home\",\"item\":\"https:\/\/www.matrix4design.com\/it\/\"},{\"@type\":\"ListItem\",\"position\":2,\"name\":\"Il video-racconto di FaBRIC, la terracotta da parati di Terreal\"}]},{\"@type\":\"WebSite\",\"@id\":\"https:\/\/www.matrix4design.com\/it\/#website\",\"url\":\"https:\/\/www.matrix4design.com\/it\/\",\"name\":\"Matrix4Design\",\"description\":\"Digital architecture and design b2b magazine\",\"publisher\":{\"@id\":\"https:\/\/www.matrix4design.com\/it\/#organization\"},\"potentialAction\":[{\"@type\":\"SearchAction\",\"target\":{\"@type\":\"EntryPoint\",\"urlTemplate\":\"https:\/\/www.matrix4design.com\/it\/?s={search_term_string}\"},\"query-input\":{\"@type\":\"PropertyValueSpecification\",\"valueRequired\":true,\"valueName\":\"search_term_string\"}}],\"inLanguage\":\"it-IT\"},{\"@type\":\"Organization\",\"@id\":\"https:\/\/www.matrix4design.com\/it\/#organization\",\"name\":\"Matrix4Design\",\"url\":\"https:\/\/www.matrix4design.com\/it\/\",\"logo\":{\"@type\":\"ImageObject\",\"inLanguage\":\"it-IT\",\"@id\":\"https:\/\/www.matrix4design.com\/it\/#\/schema\/logo\/image\/\",\"url\":\"https:\/\/www.matrix4design.com\/wp-content\/uploads\/2020\/04\/logo_matrix4design.png\",\"contentUrl\":\"https:\/\/www.matrix4design.com\/wp-content\/uploads\/2020\/04\/logo_matrix4design.png\",\"width\":804,\"height\":114,\"caption\":\"Matrix4Design\"},\"image\":{\"@id\":\"https:\/\/www.matrix4design.com\/it\/#\/schema\/logo\/image\/\"},\"sameAs\":[\"https:\/\/www.facebook.com\/matrix4designmagazine\/\",\"https:\/\/www.instagram.com\/matrix4designmagazine\/\",\"https:\/\/www.youtube.com\/channel\/UCtuhSSrP3MOO_URZgv8mQ1A\"]},{\"@type\":\"Person\",\"@id\":\"https:\/\/www.matrix4design.com\/it\/#\/schema\/person\/b2b6dd48f9d6892ca224742379951fa1\",\"name\":\"Redazione\",\"image\":{\"@type\":\"ImageObject\",\"inLanguage\":\"it-IT\",\"@id\":\"https:\/\/www.matrix4design.com\/it\/#\/schema\/person\/image\/\",\"url\":\"https:\/\/www.matrix4design.com\/wp-content\/uploads\/2023\/01\/logo_M4D_2023-96x96.jpg\",\"contentUrl\":\"https:\/\/www.matrix4design.com\/wp-content\/uploads\/2023\/01\/logo_M4D_2023-96x96.jpg\",\"caption\":\"Redazione\"},\"url\":\"https:\/\/www.matrix4design.com\/it\/author\/redazione\/\"}]}<\/script>\n<!-- \/ Yoast SEO plugin. -->","yoast_head_json":{"title":"Il video-racconto di FaBRIC, la terracotta da parati di Terreal","description":"Terreal Italia presenta il video-racconto di FaBRIC, il nuovo pannello di rivestimento per interni destinato alle case contemporanee.","robots":{"index":"index","follow":"follow","max-snippet":"max-snippet:-1","max-image-preview":"max-image-preview:large","max-video-preview":"max-video-preview:-1"},"canonical":"https:\/\/www.matrix4design.com\/it\/design\/il-video-racconto-di-fabric-la-terracotta-da-parati-di-terreal\/","og_locale":"it_IT","og_type":"article","og_title":"Il video-racconto di FaBRIC, la terracotta da parati di Terreal","og_description":"Terreal Italia presenta il video-racconto di FaBRIC, il nuovo pannello di rivestimento per interni destinato alle case contemporanee.","og_url":"https:\/\/www.matrix4design.com\/it\/design\/il-video-racconto-di-fabric-la-terracotta-da-parati-di-terreal\/","og_site_name":"Matrix4Design","article_publisher":"https:\/\/www.facebook.com\/matrix4designmagazine\/","article_published_time":"2021-04-14T10:00:08+00:00","article_modified_time":"2026-02-10T11:22:18+00:00","og_image":[{"width":736,"height":877,"url":"https:\/\/www.matrix4design.com\/wp-content\/uploads\/2021\/04\/Ambientazione_1.jpg","type":"image\/jpeg"}],"author":"Redazione","twitter_card":"summary_large_image","twitter_misc":{"Scritto da":"Redazione","Tempo di lettura stimato":"2 minuti"},"schema":{"@context":"https:\/\/schema.org","@graph":[{"@type":"Article","@id":"https:\/\/www.matrix4design.com\/it\/design\/il-video-racconto-di-fabric-la-terracotta-da-parati-di-terreal\/#article","isPartOf":{"@id":"https:\/\/www.matrix4design.com\/it\/design\/il-video-racconto-di-fabric-la-terracotta-da-parati-di-terreal\/"},"author":{"name":"Redazione","@id":"https:\/\/www.matrix4design.com\/it\/#\/schema\/person\/b2b6dd48f9d6892ca224742379951fa1"},"headline":"Il video-racconto di FaBRIC, la terracotta da parati di Terreal","datePublished":"2021-04-14T10:00:08+00:00","dateModified":"2026-02-10T11:22:18+00:00","mainEntityOfPage":{"@id":"https:\/\/www.matrix4design.com\/it\/design\/il-video-racconto-di-fabric-la-terracotta-da-parati-di-terreal\/"},"wordCount":225,"publisher":{"@id":"https:\/\/www.matrix4design.com\/it\/#organization"},"image":{"@id":"https:\/\/www.matrix4design.com\/it\/design\/il-video-racconto-di-fabric-la-terracotta-da-parati-di-terreal\/#primaryimage"},"thumbnailUrl":"https:\/\/www.matrix4design.com\/wp-content\/uploads\/2021\/04\/Ambientazione_1.jpg","keywords":["superfici"],"articleSection":["#dontstopdesign","Design","Design home","Featured","Focus home","Video"],"inLanguage":"it-IT"},{"@type":"WebPage","@id":"https:\/\/www.matrix4design.com\/it\/design\/il-video-racconto-di-fabric-la-terracotta-da-parati-di-terreal\/","url":"https:\/\/www.matrix4design.com\/it\/design\/il-video-racconto-di-fabric-la-terracotta-da-parati-di-terreal\/","name":"Il video-racconto di FaBRIC, la terracotta da parati di Terreal","isPartOf":{"@id":"https:\/\/www.matrix4design.com\/it\/#website"},"primaryImageOfPage":{"@id":"https:\/\/www.matrix4design.com\/it\/design\/il-video-racconto-di-fabric-la-terracotta-da-parati-di-terreal\/#primaryimage"},"image":{"@id":"https:\/\/www.matrix4design.com\/it\/design\/il-video-racconto-di-fabric-la-terracotta-da-parati-di-terreal\/#primaryimage"},"thumbnailUrl":"https:\/\/www.matrix4design.com\/wp-content\/uploads\/2021\/04\/Ambientazione_1.jpg","datePublished":"2021-04-14T10:00:08+00:00","dateModified":"2026-02-10T11:22:18+00:00","description":"Terreal Italia presenta il video-racconto di FaBRIC, il nuovo pannello di rivestimento per interni destinato alle case contemporanee.","breadcrumb":{"@id":"https:\/\/www.matrix4design.com\/it\/design\/il-video-racconto-di-fabric-la-terracotta-da-parati-di-terreal\/#breadcrumb"},"inLanguage":"it-IT","potentialAction":[{"@type":"ReadAction","target":["https:\/\/www.matrix4design.com\/it\/design\/il-video-racconto-di-fabric-la-terracotta-da-parati-di-terreal\/"]}]},{"@type":"ImageObject","inLanguage":"it-IT","@id":"https:\/\/www.matrix4design.com\/it\/design\/il-video-racconto-di-fabric-la-terracotta-da-parati-di-terreal\/#primaryimage","url":"https:\/\/www.matrix4design.com\/wp-content\/uploads\/2021\/04\/Ambientazione_1.jpg","contentUrl":"https:\/\/www.matrix4design.com\/wp-content\/uploads\/2021\/04\/Ambientazione_1.jpg","width":736,"height":877},{"@type":"BreadcrumbList","@id":"https:\/\/www.matrix4design.com\/it\/design\/il-video-racconto-di-fabric-la-terracotta-da-parati-di-terreal\/#breadcrumb","itemListElement":[{"@type":"ListItem","position":1,"name":"Home","item":"https:\/\/www.matrix4design.com\/it\/"},{"@type":"ListItem","position":2,"name":"Il video-racconto di FaBRIC, la terracotta da parati di Terreal"}]},{"@type":"WebSite","@id":"https:\/\/www.matrix4design.com\/it\/#website","url":"https:\/\/www.matrix4design.com\/it\/","name":"Matrix4Design","description":"Digital architecture and design b2b magazine","publisher":{"@id":"https:\/\/www.matrix4design.com\/it\/#organization"},"potentialAction":[{"@type":"SearchAction","target":{"@type":"EntryPoint","urlTemplate":"https:\/\/www.matrix4design.com\/it\/?s={search_term_string}"},"query-input":{"@type":"PropertyValueSpecification","valueRequired":true,"valueName":"search_term_string"}}],"inLanguage":"it-IT"},{"@type":"Organization","@id":"https:\/\/www.matrix4design.com\/it\/#organization","name":"Matrix4Design","url":"https:\/\/www.matrix4design.com\/it\/","logo":{"@type":"ImageObject","inLanguage":"it-IT","@id":"https:\/\/www.matrix4design.com\/it\/#\/schema\/logo\/image\/","url":"https:\/\/www.matrix4design.com\/wp-content\/uploads\/2020\/04\/logo_matrix4design.png","contentUrl":"https:\/\/www.matrix4design.com\/wp-content\/uploads\/2020\/04\/logo_matrix4design.png","width":804,"height":114,"caption":"Matrix4Design"},"image":{"@id":"https:\/\/www.matrix4design.com\/it\/#\/schema\/logo\/image\/"},"sameAs":["https:\/\/www.facebook.com\/matrix4designmagazine\/","https:\/\/www.instagram.com\/matrix4designmagazine\/","https:\/\/www.youtube.com\/channel\/UCtuhSSrP3MOO_URZgv8mQ1A"]},{"@type":"Person","@id":"https:\/\/www.matrix4design.com\/it\/#\/schema\/person\/b2b6dd48f9d6892ca224742379951fa1","name":"Redazione","image":{"@type":"ImageObject","inLanguage":"it-IT","@id":"https:\/\/www.matrix4design.com\/it\/#\/schema\/person\/image\/","url":"https:\/\/www.matrix4design.com\/wp-content\/uploads\/2023\/01\/logo_M4D_2023-96x96.jpg","contentUrl":"https:\/\/www.matrix4design.com\/wp-content\/uploads\/2023\/01\/logo_M4D_2023-96x96.jpg","caption":"Redazione"},"url":"https:\/\/www.matrix4design.com\/it\/author\/redazione\/"}]}},"_links":{"self":[{"href":"https:\/\/www.matrix4design.com\/it\/wp-json\/wp\/v2\/posts\/77005","targetHints":{"allow":["GET"]}}],"collection":[{"href":"https:\/\/www.matrix4design.com\/it\/wp-json\/wp\/v2\/posts"}],"about":[{"href":"https:\/\/www.matrix4design.com\/it\/wp-json\/wp\/v2\/types\/post"}],"author":[{"embeddable":true,"href":"https:\/\/www.matrix4design.com\/it\/wp-json\/wp\/v2\/users\/6"}],"replies":[{"embeddable":true,"href":"https:\/\/www.matrix4design.com\/it\/wp-json\/wp\/v2\/comments?post=77005"}],"version-history":[{"count":3,"href":"https:\/\/www.matrix4design.com\/it\/wp-json\/wp\/v2\/posts\/77005\/revisions"}],"predecessor-version":[{"id":118444,"href":"https:\/\/www.matrix4design.com\/it\/wp-json\/wp\/v2\/posts\/77005\/revisions\/118444"}],"wp:featuredmedia":[{"embeddable":true,"href":"https:\/\/www.matrix4design.com\/it\/wp-json\/wp\/v2\/media\/77006"}],"wp:attachment":[{"href":"https:\/\/www.matrix4design.com\/it\/wp-json\/wp\/v2\/media?parent=77005"}],"wp:term":[{"taxonomy":"category","embeddable":true,"href":"https:\/\/www.matrix4design.com\/it\/wp-json\/wp\/v2\/categories?post=77005"},{"taxonomy":"post_tag","embeddable":true,"href":"https:\/\/www.matrix4design.com\/it\/wp-json\/wp\/v2\/tags?post=77005"}],"curies":[{"name":"wp","href":"https:\/\/api.w.org\/{rel}","templated":true}]}}