{"id":77317,"date":"2021-04-23T12:00:53","date_gmt":"2021-04-23T10:00:53","guid":{"rendered":"https:\/\/www.matrix4design.com\/?p=77317"},"modified":"2021-04-21T11:25:17","modified_gmt":"2021-04-21T09:25:17","slug":"plisse-la-nuova-collezione-vical-design-punta-sullartigianalita","status":"publish","type":"post","link":"https:\/\/www.matrix4design.com\/it\/design\/plisse-la-nuova-collezione-vical-design-punta-sullartigianalita\/","title":{"rendered":"PLISS\u00c9, la nuova collezione Vical Design punta sull\u2019artigianalit\u00e0"},"content":{"rendered":"<p>&nbsp;<\/p>\n<p>Ispirata dalla vita dell\u2019artista spagnolo Mario Fortuny e all\u2019attivit\u00e0 artigianale dell\u2019azienda Lognan, la collezione <strong>PLISS\u00c9<\/strong> \u00e8 la prima collezione disegnata interamente da <strong>Jos\u00e9 Manuel Ferrero<\/strong> per <strong>Vical Design<\/strong>, il nuovo brand di <a href=\"https:\/\/www.vicalhome.com\/en\/\" target=\"_blank\" rel=\"noopener\"><strong>Vical Home<\/strong><\/a>.<\/p>\n<p>La linea \u00e8 costituita da diversi pezzi artigianali, frutto di una delicata lavorazione dei tessuti pliss\u00e9; combinando legno intagliato e pietra naturale, intrecci di rattan e strutture metalliche quasi invisibili si vengono a creare una serie di grafiche e texture naturali che danno forma e volume ai diversi complementi d\u2019arredo, in un gioco di sfumature luminose.<\/p>\n<p>La collezione si compone di una variet\u00e0 di pezzi che si distinguono per tipologia e a combinazione di materiali e processi.<\/p>\n<p><strong>PLISS\u00c9 RATTAN<\/strong> \u00e8 la delicata lavorazione artigianale a base di fibre naturali, applicata all&#8217;intera famiglia di sedute (divani, poltrone e sedie), tavoli, lampade a sospensione e a un sistema di paraventi modulari con le fibre intrecciate.<\/p>\n<p>In <strong>LEGNO PLISS\u00c9<\/strong> il legno naturale \u00e8 stato utilizzato per sviluppare intagli con geometrie pieghettate combinate in diverse scale per generare un interessante sistema di mobili e tavoli.<\/p>\n<p>Ancora, <strong>PLISS\u00c9 METAL<\/strong> \u00e8 la sintesi di <strong>PLISS\u00c9<\/strong>, un grafico con linee appuntite applicato a un sistema di vasi da fiori che uniscono metallo e cemento insieme al design di una sedia che riflette l&#8217;intero universo concettuale creato, diventando l&#8217;icona della collezione.<\/p>\n<p>Infine, <strong>PLISS\u00c9 STONE<\/strong> presenta un sistema di vasi da fiori di grandi dimensioni che giocano con le pieghe e la texture della pietra invecchiata, tutti rigorosamente pezzi unici.<\/p>\n<p>&nbsp;<\/p>\n\t\t<div style=\"clear:both\"><\/div>\n\t\t<div class=\"psgal_wrap\">\n\t\t\t<div id=\"psgal_77317_1\" data-psgal_id=\"77317_1\" data-psgal_container_id=\"container_77317_1\" data-psgal_thumbnail_width=\"164\" data-psgal_use_masonary=\"1\" class=\"psgal-inline psgal gallery-columns-3 gallery-size-thumbnail use_masonry_1 show_captions_\" itemscope itemtype=\"http:\/\/schema.org\/ImageGallery\">\n\t\t\t\t\t\t\t\t\t\t<figure class=\"msnry_items\" itemscope itemtype=\"http:\/\/schema.org\/ImageObject\" style=\"width:164px;\">\n\t\t\t\t\t\t\t<a href=\"https:\/\/www.matrix4design.com\/wp-content\/uploads\/2021\/04\/05-PLISSE-RATTAN-DESIGNED-ESTUDIHAC-JMFERRERO-BY-VICAL-DESIGN.jpg\" itemprop=\"contentUrl\" data-size=\"1600x1067\" data-caption=\"Pliss\u00e9 Rattan\" style=\"height:154px;\">\n\t\t\t\t\t\t\t\t<img decoding=\"async\" class=\"msnry_thumb\" src=\"https:\/\/www.matrix4design.com\/wp-content\/uploads\/2021\/04\/05-PLISSE-RATTAN-DESIGNED-ESTUDIHAC-JMFERRERO-BY-VICAL-DESIGN-540x540.jpg\" itemprop=\"thumbnail\" alt=\"\" \/>\n\t\t\t\t\t\t\t<\/a>\n\t\t\t\t\t\t\t\t\t\t\t\t\t\t<figcaption class=\"photoswipe-gallery-caption\" style=\"display:none;\">Pliss\u00e9 Rattan<\/figcaption>\n\n\t\t\t\t\t\t<\/figure>\n\t\t\t\t\t\t\t\t\t\t<figure class=\"msnry_items\" itemscope itemtype=\"http:\/\/schema.org\/ImageObject\" style=\"width:164px;\">\n\t\t\t\t\t\t\t<a href=\"https:\/\/www.matrix4design.com\/wp-content\/uploads\/2021\/04\/07-PLISSE-RATTAN-DESIGNED-ESTUDIHAC-JMFERRERO-BY-VICAL-DESIGN.jpg\" itemprop=\"contentUrl\" data-size=\"1600x1600\" data-caption=\"Pliss\u00e9 Rattan\" style=\"height:154px;\">\n\t\t\t\t\t\t\t\t<img decoding=\"async\" class=\"msnry_thumb\" src=\"https:\/\/www.matrix4design.com\/wp-content\/uploads\/2021\/04\/07-PLISSE-RATTAN-DESIGNED-ESTUDIHAC-JMFERRERO-BY-VICAL-DESIGN-540x540.jpg\" itemprop=\"thumbnail\" alt=\"\" \/>\n\t\t\t\t\t\t\t<\/a>\n\t\t\t\t\t\t\t\t\t\t\t\t\t\t<figcaption class=\"photoswipe-gallery-caption\" style=\"display:none;\">Pliss\u00e9 Rattan<\/figcaption>\n\n\t\t\t\t\t\t<\/figure>\n\t\t\t\t\t\t\t\t\t\t<figure class=\"msnry_items\" itemscope itemtype=\"http:\/\/schema.org\/ImageObject\" style=\"width:164px;\">\n\t\t\t\t\t\t\t<a href=\"https:\/\/www.matrix4design.com\/wp-content\/uploads\/2021\/04\/10-PLISSE-RATTAN-DESIGNED-ESTUDIHAC-JMFERRERO-BY-VICAL-DESIGN.jpg\" itemprop=\"contentUrl\" data-size=\"1600x1600\" data-caption=\"Pliss\u00e9 Rattan\" style=\"height:154px;\">\n\t\t\t\t\t\t\t\t<img decoding=\"async\" class=\"msnry_thumb\" src=\"https:\/\/www.matrix4design.com\/wp-content\/uploads\/2021\/04\/10-PLISSE-RATTAN-DESIGNED-ESTUDIHAC-JMFERRERO-BY-VICAL-DESIGN-540x540.jpg\" itemprop=\"thumbnail\" alt=\"\" \/>\n\t\t\t\t\t\t\t<\/a>\n\t\t\t\t\t\t\t\t\t\t\t\t\t\t<figcaption class=\"photoswipe-gallery-caption\" style=\"display:none;\">Pliss\u00e9 Rattan<\/figcaption>\n\n\t\t\t\t\t\t<\/figure>\n\t\t\t\t\t\t\t\t\t\t<figure class=\"msnry_items\" itemscope itemtype=\"http:\/\/schema.org\/ImageObject\" style=\"width:164px;\">\n\t\t\t\t\t\t\t<a href=\"https:\/\/www.matrix4design.com\/wp-content\/uploads\/2021\/04\/15-PLISSE-RATTAN-DESIGNED-ESTUDIHAC-JMFERRERO-BY-VICAL-DESIGN.jpg\" itemprop=\"contentUrl\" data-size=\"1600x1067\" data-caption=\"Pliss\u00e9 Rattan\" style=\"height:154px;\">\n\t\t\t\t\t\t\t\t<img decoding=\"async\" class=\"msnry_thumb\" src=\"https:\/\/www.matrix4design.com\/wp-content\/uploads\/2021\/04\/15-PLISSE-RATTAN-DESIGNED-ESTUDIHAC-JMFERRERO-BY-VICAL-DESIGN-540x540.jpg\" itemprop=\"thumbnail\" alt=\"\" \/>\n\t\t\t\t\t\t\t<\/a>\n\t\t\t\t\t\t\t\t\t\t\t\t\t\t<figcaption class=\"photoswipe-gallery-caption\" style=\"display:none;\">Pliss\u00e9 Rattan<\/figcaption>\n\n\t\t\t\t\t\t<\/figure>\n\t\t\t\t\t\t\t\t\t\t<figure class=\"msnry_items\" itemscope itemtype=\"http:\/\/schema.org\/ImageObject\" style=\"width:164px;\">\n\t\t\t\t\t\t\t<a href=\"https:\/\/www.matrix4design.com\/wp-content\/uploads\/2021\/04\/16-PLISSE-RATTAN-DESIGNED-ESTUDIHAC-JMFERRERO-BY-VICAL-DESIGN.jpg\" itemprop=\"contentUrl\" data-size=\"1600x1067\" data-caption=\"Pliss\u00e9 Rattan\" style=\"height:154px;\">\n\t\t\t\t\t\t\t\t<img decoding=\"async\" class=\"msnry_thumb\" src=\"https:\/\/www.matrix4design.com\/wp-content\/uploads\/2021\/04\/16-PLISSE-RATTAN-DESIGNED-ESTUDIHAC-JMFERRERO-BY-VICAL-DESIGN-540x540.jpg\" itemprop=\"thumbnail\" alt=\"\" \/>\n\t\t\t\t\t\t\t<\/a>\n\t\t\t\t\t\t\t\t\t\t\t\t\t\t<figcaption class=\"photoswipe-gallery-caption\" style=\"display:none;\">Pliss\u00e9 Rattan<\/figcaption>\n\n\t\t\t\t\t\t<\/figure>\n\t\t\t\t\t\t\t\t\t\t<figure class=\"msnry_items\" itemscope itemtype=\"http:\/\/schema.org\/ImageObject\" style=\"width:164px;\">\n\t\t\t\t\t\t\t<a href=\"https:\/\/www.matrix4design.com\/wp-content\/uploads\/2021\/04\/20-PLISSE-RATTAN-DESIGNED-ESTUDIHAC-JMFERRERO-BY-VICAL-DESIGN.jpg\" itemprop=\"contentUrl\" data-size=\"1600x1600\" data-caption=\"Pliss\u00e9 Rattan\" style=\"height:154px;\">\n\t\t\t\t\t\t\t\t<img decoding=\"async\" class=\"msnry_thumb\" src=\"https:\/\/www.matrix4design.com\/wp-content\/uploads\/2021\/04\/20-PLISSE-RATTAN-DESIGNED-ESTUDIHAC-JMFERRERO-BY-VICAL-DESIGN-540x540.jpg\" itemprop=\"thumbnail\" alt=\"\" \/>\n\t\t\t\t\t\t\t<\/a>\n\t\t\t\t\t\t\t\t\t\t\t\t\t\t<figcaption class=\"photoswipe-gallery-caption\" style=\"display:none;\">Pliss\u00e9 Rattan<\/figcaption>\n\n\t\t\t\t\t\t<\/figure>\n\t\t\t\t\t\t\t\t\t\t<figure class=\"msnry_items\" itemscope itemtype=\"http:\/\/schema.org\/ImageObject\" style=\"width:164px;\">\n\t\t\t\t\t\t\t<a href=\"https:\/\/www.matrix4design.com\/wp-content\/uploads\/2021\/04\/21-PLISSE-RATTAN-DESIGNED-ESTUDIHAC-JMFERRERO-BY-VICAL-DESIGN.jpg\" itemprop=\"contentUrl\" data-size=\"1600x1067\" data-caption=\"Pliss\u00e9 Rattan\" style=\"height:154px;\">\n\t\t\t\t\t\t\t\t<img decoding=\"async\" class=\"msnry_thumb\" src=\"https:\/\/www.matrix4design.com\/wp-content\/uploads\/2021\/04\/21-PLISSE-RATTAN-DESIGNED-ESTUDIHAC-JMFERRERO-BY-VICAL-DESIGN-540x540.jpg\" itemprop=\"thumbnail\" alt=\"\" \/>\n\t\t\t\t\t\t\t<\/a>\n\t\t\t\t\t\t\t\t\t\t\t\t\t\t<figcaption class=\"photoswipe-gallery-caption\" style=\"display:none;\">Pliss\u00e9 Rattan<\/figcaption>\n\n\t\t\t\t\t\t<\/figure>\n\t\t\t\t\t\t\t\t\t\t<figure class=\"msnry_items\" itemscope itemtype=\"http:\/\/schema.org\/ImageObject\" style=\"width:164px;\">\n\t\t\t\t\t\t\t<a href=\"https:\/\/www.matrix4design.com\/wp-content\/uploads\/2021\/04\/30-PLISSE-WOOD-DESIGNED-ESTUDIHAC-JMFERRERO-BY-VICAL-DESIGN.jpg\" itemprop=\"contentUrl\" data-size=\"1067x1600\" data-caption=\"Piss\u00e9 Wood\" style=\"height:154px;\">\n\t\t\t\t\t\t\t\t<img decoding=\"async\" class=\"msnry_thumb\" src=\"https:\/\/www.matrix4design.com\/wp-content\/uploads\/2021\/04\/30-PLISSE-WOOD-DESIGNED-ESTUDIHAC-JMFERRERO-BY-VICAL-DESIGN-540x540.jpg\" itemprop=\"thumbnail\" alt=\"\" \/>\n\t\t\t\t\t\t\t<\/a>\n\t\t\t\t\t\t\t\t\t\t\t\t\t\t<figcaption class=\"photoswipe-gallery-caption\" style=\"display:none;\">Piss\u00e9 Wood<\/figcaption>\n\n\t\t\t\t\t\t<\/figure>\n\t\t\t\t\t\t\t\t\t\t<figure class=\"msnry_items\" itemscope itemtype=\"http:\/\/schema.org\/ImageObject\" style=\"width:164px;\">\n\t\t\t\t\t\t\t<a href=\"https:\/\/www.matrix4design.com\/wp-content\/uploads\/2021\/04\/33-PLISSE-WOOD-DESIGNED-ESTUDIHAC-JMFERRERO-BY-VICAL-DESIGN.jpg\" itemprop=\"contentUrl\" data-size=\"1600x1600\" data-caption=\"Piss\u00e9 Wood\" style=\"height:154px;\">\n\t\t\t\t\t\t\t\t<img decoding=\"async\" class=\"msnry_thumb\" src=\"https:\/\/www.matrix4design.com\/wp-content\/uploads\/2021\/04\/33-PLISSE-WOOD-DESIGNED-ESTUDIHAC-JMFERRERO-BY-VICAL-DESIGN-540x540.jpg\" itemprop=\"thumbnail\" alt=\"\" \/>\n\t\t\t\t\t\t\t<\/a>\n\t\t\t\t\t\t\t\t\t\t\t\t\t\t<figcaption class=\"photoswipe-gallery-caption\" style=\"display:none;\">Piss\u00e9 Wood<\/figcaption>\n\n\t\t\t\t\t\t<\/figure>\n\t\t\t\t\t\t\t\t\t\t<figure class=\"msnry_items\" itemscope itemtype=\"http:\/\/schema.org\/ImageObject\" style=\"width:164px;\">\n\t\t\t\t\t\t\t<a href=\"https:\/\/www.matrix4design.com\/wp-content\/uploads\/2021\/04\/34-PLISSE-METAL-DESIGNED-ESTUDIHAC-JMFERRERO-BY-VICAL-DESIGN.jpg\" itemprop=\"contentUrl\" data-size=\"1600x1067\" data-caption=\"Pliss\u00e9 Metal\" style=\"height:154px;\">\n\t\t\t\t\t\t\t\t<img decoding=\"async\" class=\"msnry_thumb\" src=\"https:\/\/www.matrix4design.com\/wp-content\/uploads\/2021\/04\/34-PLISSE-METAL-DESIGNED-ESTUDIHAC-JMFERRERO-BY-VICAL-DESIGN-540x540.jpg\" itemprop=\"thumbnail\" alt=\"\" \/>\n\t\t\t\t\t\t\t<\/a>\n\t\t\t\t\t\t\t\t\t\t\t\t\t\t<figcaption class=\"photoswipe-gallery-caption\" style=\"display:none;\">Pliss\u00e9 Metal<\/figcaption>\n\n\t\t\t\t\t\t<\/figure>\n\t\t\t\t\t\t\t\t\t\t<figure class=\"msnry_items\" itemscope itemtype=\"http:\/\/schema.org\/ImageObject\" style=\"width:164px;\">\n\t\t\t\t\t\t\t<a href=\"https:\/\/www.matrix4design.com\/wp-content\/uploads\/2021\/04\/40-PLISSE-METAL-DESIGNED-ESTUDIHAC-JMFERRERO-BY-VICAL-DESIGN.jpg\" itemprop=\"contentUrl\" data-size=\"1600x1600\" data-caption=\"Pliss\u00e9 Metal\" style=\"height:154px;\">\n\t\t\t\t\t\t\t\t<img decoding=\"async\" class=\"msnry_thumb\" src=\"https:\/\/www.matrix4design.com\/wp-content\/uploads\/2021\/04\/40-PLISSE-METAL-DESIGNED-ESTUDIHAC-JMFERRERO-BY-VICAL-DESIGN-540x540.jpg\" itemprop=\"thumbnail\" alt=\"\" \/>\n\t\t\t\t\t\t\t<\/a>\n\t\t\t\t\t\t\t\t\t\t\t\t\t\t<figcaption class=\"photoswipe-gallery-caption\" style=\"display:none;\">Pliss\u00e9 Metal<\/figcaption>\n\n\t\t\t\t\t\t<\/figure>\n\t\t\t\t\t\t\t\t\t\t<figure class=\"msnry_items\" itemscope itemtype=\"http:\/\/schema.org\/ImageObject\" style=\"width:164px;\">\n\t\t\t\t\t\t\t<a href=\"https:\/\/www.matrix4design.com\/wp-content\/uploads\/2021\/04\/42-PLISSE-STONE-DESIGNED-ESTUDIHAC-JMFERRERO-BY-VICAL-DESIGN.jpg\" itemprop=\"contentUrl\" data-size=\"1600x1600\" data-caption=\"Pliss\u00e9 Stone\" style=\"height:154px;\">\n\t\t\t\t\t\t\t\t<img decoding=\"async\" class=\"msnry_thumb\" src=\"https:\/\/www.matrix4design.com\/wp-content\/uploads\/2021\/04\/42-PLISSE-STONE-DESIGNED-ESTUDIHAC-JMFERRERO-BY-VICAL-DESIGN-540x540.jpg\" itemprop=\"thumbnail\" alt=\"\" \/>\n\t\t\t\t\t\t\t<\/a>\n\t\t\t\t\t\t\t\t\t\t\t\t\t\t<figcaption class=\"photoswipe-gallery-caption\" style=\"display:none;\">Pliss\u00e9 Stone<\/figcaption>\n\n\t\t\t\t\t\t<\/figure>\n\t\t\t\t\t\t\t<\/div>\n\t\t<\/div>\n\t\t<div style='clear:both'><\/div>\n\n<p>&nbsp;<\/p>\n","protected":false},"excerpt":{"rendered":"<p>&nbsp; Ispirata dalla vita dell\u2019artista spagnolo Mario Fortuny e all\u2019attivit\u00e0 artigianale dell\u2019azienda Lognan, la collezione PLISS\u00c9 \u00e8 la prima collezione disegnata interamente da Jos\u00e9 Manuel Ferrero per Vical Design, il nuovo brand di Vical Home. La linea \u00e8 costituita da diversi pezzi artigianali, frutto di una delicata lavorazione dei tessuti pliss\u00e9; combinando legno intagliato e [&hellip;]<\/p>\n","protected":false},"author":6,"featured_media":77318,"comment_status":"closed","ping_status":"closed","sticky":false,"template":"","format":"standard","meta":{"_acf_changed":false,"footnotes":""},"categories":[366,418,368],"tags":[432],"class_list":{"0":"post-77317","1":"post","2":"type-post","3":"status-publish","4":"format-standard","5":"has-post-thumbnail","7":"category-design","8":"category-design-home","9":"category-featured","10":"tag-living"},"acf":[],"yoast_head":"<!-- This site is optimized with the Yoast SEO plugin v27.0 - https:\/\/yoast.com\/product\/yoast-seo-wordpress\/ -->\n<title>PLISS\u00c9, la nuova collezione Vical Design punta sull\u2019artigianalit\u00e0<\/title>\n<meta name=\"description\" content=\"PLISS\u00c9 \u00e8 la prima collezione disegnata interamente da Jos\u00e9 Manuel Ferrero per Vical Design, nuovo brand di Vical Home.\" \/>\n<meta name=\"robots\" content=\"index, follow, max-snippet:-1, max-image-preview:large, max-video-preview:-1\" \/>\n<link rel=\"canonical\" href=\"https:\/\/www.matrix4design.com\/it\/design\/plisse-la-nuova-collezione-vical-design-punta-sullartigianalita\/\" \/>\n<meta property=\"og:locale\" content=\"it_IT\" \/>\n<meta property=\"og:type\" content=\"article\" \/>\n<meta property=\"og:title\" content=\"PLISS\u00c9, la nuova collezione Vical Design punta sull\u2019artigianalit\u00e0\" \/>\n<meta property=\"og:description\" content=\"PLISS\u00c9 \u00e8 la prima collezione disegnata interamente da Jos\u00e9 Manuel Ferrero per Vical Design, nuovo brand di Vical Home.\" \/>\n<meta property=\"og:url\" content=\"https:\/\/www.matrix4design.com\/it\/design\/plisse-la-nuova-collezione-vical-design-punta-sullartigianalita\/\" \/>\n<meta property=\"og:site_name\" content=\"Matrix4Design\" \/>\n<meta property=\"article:publisher\" content=\"https:\/\/www.facebook.com\/matrix4designmagazine\/\" \/>\n<meta property=\"article:published_time\" content=\"2021-04-23T10:00:53+00:00\" \/>\n<meta property=\"og:image\" content=\"https:\/\/www.matrix4design.com\/wp-content\/uploads\/2021\/04\/MAKING-OF-COLECCION-PLISSE-DESIGNED-ESTUDIHAC-JMFERRERO-BY-VICAL-DESGIN-01.jpg\" \/>\n\t<meta property=\"og:image:width\" content=\"1600\" \/>\n\t<meta property=\"og:image:height\" content=\"900\" \/>\n\t<meta property=\"og:image:type\" content=\"image\/jpeg\" \/>\n<meta name=\"author\" content=\"Redazione\" \/>\n<meta name=\"twitter:card\" content=\"summary_large_image\" \/>\n<meta name=\"twitter:label1\" content=\"Scritto da\" \/>\n\t<meta name=\"twitter:data1\" content=\"Redazione\" \/>\n\t<meta name=\"twitter:label2\" content=\"Tempo di lettura stimato\" \/>\n\t<meta name=\"twitter:data2\" content=\"2 minuti\" \/>\n<script type=\"application\/ld+json\" class=\"yoast-schema-graph\">{\"@context\":\"https:\/\/schema.org\",\"@graph\":[{\"@type\":\"Article\",\"@id\":\"https:\/\/www.matrix4design.com\/it\/design\/plisse-la-nuova-collezione-vical-design-punta-sullartigianalita\/#article\",\"isPartOf\":{\"@id\":\"https:\/\/www.matrix4design.com\/it\/design\/plisse-la-nuova-collezione-vical-design-punta-sullartigianalita\/\"},\"author\":{\"name\":\"Redazione\",\"@id\":\"https:\/\/www.matrix4design.com\/it\/#\/schema\/person\/b2b6dd48f9d6892ca224742379951fa1\"},\"headline\":\"PLISS\u00c9, la nuova collezione Vical Design punta sull\u2019artigianalit\u00e0\",\"datePublished\":\"2021-04-23T10:00:53+00:00\",\"mainEntityOfPage\":{\"@id\":\"https:\/\/www.matrix4design.com\/it\/design\/plisse-la-nuova-collezione-vical-design-punta-sullartigianalita\/\"},\"wordCount\":261,\"publisher\":{\"@id\":\"https:\/\/www.matrix4design.com\/it\/#organization\"},\"image\":{\"@id\":\"https:\/\/www.matrix4design.com\/it\/design\/plisse-la-nuova-collezione-vical-design-punta-sullartigianalita\/#primaryimage\"},\"thumbnailUrl\":\"https:\/\/www.matrix4design.com\/wp-content\/uploads\/2021\/04\/MAKING-OF-COLECCION-PLISSE-DESIGNED-ESTUDIHAC-JMFERRERO-BY-VICAL-DESGIN-01.jpg\",\"keywords\":[\"living\"],\"articleSection\":[\"Design\",\"Design home\",\"Featured\"],\"inLanguage\":\"it-IT\"},{\"@type\":\"WebPage\",\"@id\":\"https:\/\/www.matrix4design.com\/it\/design\/plisse-la-nuova-collezione-vical-design-punta-sullartigianalita\/\",\"url\":\"https:\/\/www.matrix4design.com\/it\/design\/plisse-la-nuova-collezione-vical-design-punta-sullartigianalita\/\",\"name\":\"PLISS\u00c9, la nuova collezione Vical Design punta sull\u2019artigianalit\u00e0\",\"isPartOf\":{\"@id\":\"https:\/\/www.matrix4design.com\/it\/#website\"},\"primaryImageOfPage\":{\"@id\":\"https:\/\/www.matrix4design.com\/it\/design\/plisse-la-nuova-collezione-vical-design-punta-sullartigianalita\/#primaryimage\"},\"image\":{\"@id\":\"https:\/\/www.matrix4design.com\/it\/design\/plisse-la-nuova-collezione-vical-design-punta-sullartigianalita\/#primaryimage\"},\"thumbnailUrl\":\"https:\/\/www.matrix4design.com\/wp-content\/uploads\/2021\/04\/MAKING-OF-COLECCION-PLISSE-DESIGNED-ESTUDIHAC-JMFERRERO-BY-VICAL-DESGIN-01.jpg\",\"datePublished\":\"2021-04-23T10:00:53+00:00\",\"description\":\"PLISS\u00c9 \u00e8 la prima collezione disegnata interamente da Jos\u00e9 Manuel Ferrero per Vical Design, nuovo brand di Vical Home.\",\"breadcrumb\":{\"@id\":\"https:\/\/www.matrix4design.com\/it\/design\/plisse-la-nuova-collezione-vical-design-punta-sullartigianalita\/#breadcrumb\"},\"inLanguage\":\"it-IT\",\"potentialAction\":[{\"@type\":\"ReadAction\",\"target\":[\"https:\/\/www.matrix4design.com\/it\/design\/plisse-la-nuova-collezione-vical-design-punta-sullartigianalita\/\"]}]},{\"@type\":\"ImageObject\",\"inLanguage\":\"it-IT\",\"@id\":\"https:\/\/www.matrix4design.com\/it\/design\/plisse-la-nuova-collezione-vical-design-punta-sullartigianalita\/#primaryimage\",\"url\":\"https:\/\/www.matrix4design.com\/wp-content\/uploads\/2021\/04\/MAKING-OF-COLECCION-PLISSE-DESIGNED-ESTUDIHAC-JMFERRERO-BY-VICAL-DESGIN-01.jpg\",\"contentUrl\":\"https:\/\/www.matrix4design.com\/wp-content\/uploads\/2021\/04\/MAKING-OF-COLECCION-PLISSE-DESIGNED-ESTUDIHAC-JMFERRERO-BY-VICAL-DESGIN-01.jpg\",\"width\":1600,\"height\":900},{\"@type\":\"BreadcrumbList\",\"@id\":\"https:\/\/www.matrix4design.com\/it\/design\/plisse-la-nuova-collezione-vical-design-punta-sullartigianalita\/#breadcrumb\",\"itemListElement\":[{\"@type\":\"ListItem\",\"position\":1,\"name\":\"Home\",\"item\":\"https:\/\/www.matrix4design.com\/it\/\"},{\"@type\":\"ListItem\",\"position\":2,\"name\":\"PLISS\u00c9, la nuova collezione Vical Design punta sull\u2019artigianalit\u00e0\"}]},{\"@type\":\"WebSite\",\"@id\":\"https:\/\/www.matrix4design.com\/it\/#website\",\"url\":\"https:\/\/www.matrix4design.com\/it\/\",\"name\":\"Matrix4Design\",\"description\":\"Digital architecture and design b2b magazine\",\"publisher\":{\"@id\":\"https:\/\/www.matrix4design.com\/it\/#organization\"},\"potentialAction\":[{\"@type\":\"SearchAction\",\"target\":{\"@type\":\"EntryPoint\",\"urlTemplate\":\"https:\/\/www.matrix4design.com\/it\/?s={search_term_string}\"},\"query-input\":{\"@type\":\"PropertyValueSpecification\",\"valueRequired\":true,\"valueName\":\"search_term_string\"}}],\"inLanguage\":\"it-IT\"},{\"@type\":\"Organization\",\"@id\":\"https:\/\/www.matrix4design.com\/it\/#organization\",\"name\":\"Matrix4Design\",\"url\":\"https:\/\/www.matrix4design.com\/it\/\",\"logo\":{\"@type\":\"ImageObject\",\"inLanguage\":\"it-IT\",\"@id\":\"https:\/\/www.matrix4design.com\/it\/#\/schema\/logo\/image\/\",\"url\":\"https:\/\/www.matrix4design.com\/wp-content\/uploads\/2020\/04\/logo_matrix4design.png\",\"contentUrl\":\"https:\/\/www.matrix4design.com\/wp-content\/uploads\/2020\/04\/logo_matrix4design.png\",\"width\":804,\"height\":114,\"caption\":\"Matrix4Design\"},\"image\":{\"@id\":\"https:\/\/www.matrix4design.com\/it\/#\/schema\/logo\/image\/\"},\"sameAs\":[\"https:\/\/www.facebook.com\/matrix4designmagazine\/\",\"https:\/\/www.instagram.com\/matrix4designmagazine\/\",\"https:\/\/www.youtube.com\/channel\/UCtuhSSrP3MOO_URZgv8mQ1A\"]},{\"@type\":\"Person\",\"@id\":\"https:\/\/www.matrix4design.com\/it\/#\/schema\/person\/b2b6dd48f9d6892ca224742379951fa1\",\"name\":\"Redazione\",\"image\":{\"@type\":\"ImageObject\",\"inLanguage\":\"it-IT\",\"@id\":\"https:\/\/www.matrix4design.com\/it\/#\/schema\/person\/image\/\",\"url\":\"https:\/\/www.matrix4design.com\/wp-content\/uploads\/2023\/01\/logo_M4D_2023-96x96.jpg\",\"contentUrl\":\"https:\/\/www.matrix4design.com\/wp-content\/uploads\/2023\/01\/logo_M4D_2023-96x96.jpg\",\"caption\":\"Redazione\"},\"url\":\"https:\/\/www.matrix4design.com\/it\/author\/redazione\/\"}]}<\/script>\n<!-- \/ Yoast SEO plugin. -->","yoast_head_json":{"title":"PLISS\u00c9, la nuova collezione Vical Design punta sull\u2019artigianalit\u00e0","description":"PLISS\u00c9 \u00e8 la prima collezione disegnata interamente da Jos\u00e9 Manuel Ferrero per Vical Design, nuovo brand di Vical Home.","robots":{"index":"index","follow":"follow","max-snippet":"max-snippet:-1","max-image-preview":"max-image-preview:large","max-video-preview":"max-video-preview:-1"},"canonical":"https:\/\/www.matrix4design.com\/it\/design\/plisse-la-nuova-collezione-vical-design-punta-sullartigianalita\/","og_locale":"it_IT","og_type":"article","og_title":"PLISS\u00c9, la nuova collezione Vical Design punta sull\u2019artigianalit\u00e0","og_description":"PLISS\u00c9 \u00e8 la prima collezione disegnata interamente da Jos\u00e9 Manuel Ferrero per Vical Design, nuovo brand di Vical Home.","og_url":"https:\/\/www.matrix4design.com\/it\/design\/plisse-la-nuova-collezione-vical-design-punta-sullartigianalita\/","og_site_name":"Matrix4Design","article_publisher":"https:\/\/www.facebook.com\/matrix4designmagazine\/","article_published_time":"2021-04-23T10:00:53+00:00","og_image":[{"width":1600,"height":900,"url":"https:\/\/www.matrix4design.com\/wp-content\/uploads\/2021\/04\/MAKING-OF-COLECCION-PLISSE-DESIGNED-ESTUDIHAC-JMFERRERO-BY-VICAL-DESGIN-01.jpg","type":"image\/jpeg"}],"author":"Redazione","twitter_card":"summary_large_image","twitter_misc":{"Scritto da":"Redazione","Tempo di lettura stimato":"2 minuti"},"schema":{"@context":"https:\/\/schema.org","@graph":[{"@type":"Article","@id":"https:\/\/www.matrix4design.com\/it\/design\/plisse-la-nuova-collezione-vical-design-punta-sullartigianalita\/#article","isPartOf":{"@id":"https:\/\/www.matrix4design.com\/it\/design\/plisse-la-nuova-collezione-vical-design-punta-sullartigianalita\/"},"author":{"name":"Redazione","@id":"https:\/\/www.matrix4design.com\/it\/#\/schema\/person\/b2b6dd48f9d6892ca224742379951fa1"},"headline":"PLISS\u00c9, la nuova collezione Vical Design punta sull\u2019artigianalit\u00e0","datePublished":"2021-04-23T10:00:53+00:00","mainEntityOfPage":{"@id":"https:\/\/www.matrix4design.com\/it\/design\/plisse-la-nuova-collezione-vical-design-punta-sullartigianalita\/"},"wordCount":261,"publisher":{"@id":"https:\/\/www.matrix4design.com\/it\/#organization"},"image":{"@id":"https:\/\/www.matrix4design.com\/it\/design\/plisse-la-nuova-collezione-vical-design-punta-sullartigianalita\/#primaryimage"},"thumbnailUrl":"https:\/\/www.matrix4design.com\/wp-content\/uploads\/2021\/04\/MAKING-OF-COLECCION-PLISSE-DESIGNED-ESTUDIHAC-JMFERRERO-BY-VICAL-DESGIN-01.jpg","keywords":["living"],"articleSection":["Design","Design home","Featured"],"inLanguage":"it-IT"},{"@type":"WebPage","@id":"https:\/\/www.matrix4design.com\/it\/design\/plisse-la-nuova-collezione-vical-design-punta-sullartigianalita\/","url":"https:\/\/www.matrix4design.com\/it\/design\/plisse-la-nuova-collezione-vical-design-punta-sullartigianalita\/","name":"PLISS\u00c9, la nuova collezione Vical Design punta sull\u2019artigianalit\u00e0","isPartOf":{"@id":"https:\/\/www.matrix4design.com\/it\/#website"},"primaryImageOfPage":{"@id":"https:\/\/www.matrix4design.com\/it\/design\/plisse-la-nuova-collezione-vical-design-punta-sullartigianalita\/#primaryimage"},"image":{"@id":"https:\/\/www.matrix4design.com\/it\/design\/plisse-la-nuova-collezione-vical-design-punta-sullartigianalita\/#primaryimage"},"thumbnailUrl":"https:\/\/www.matrix4design.com\/wp-content\/uploads\/2021\/04\/MAKING-OF-COLECCION-PLISSE-DESIGNED-ESTUDIHAC-JMFERRERO-BY-VICAL-DESGIN-01.jpg","datePublished":"2021-04-23T10:00:53+00:00","description":"PLISS\u00c9 \u00e8 la prima collezione disegnata interamente da Jos\u00e9 Manuel Ferrero per Vical Design, nuovo brand di Vical Home.","breadcrumb":{"@id":"https:\/\/www.matrix4design.com\/it\/design\/plisse-la-nuova-collezione-vical-design-punta-sullartigianalita\/#breadcrumb"},"inLanguage":"it-IT","potentialAction":[{"@type":"ReadAction","target":["https:\/\/www.matrix4design.com\/it\/design\/plisse-la-nuova-collezione-vical-design-punta-sullartigianalita\/"]}]},{"@type":"ImageObject","inLanguage":"it-IT","@id":"https:\/\/www.matrix4design.com\/it\/design\/plisse-la-nuova-collezione-vical-design-punta-sullartigianalita\/#primaryimage","url":"https:\/\/www.matrix4design.com\/wp-content\/uploads\/2021\/04\/MAKING-OF-COLECCION-PLISSE-DESIGNED-ESTUDIHAC-JMFERRERO-BY-VICAL-DESGIN-01.jpg","contentUrl":"https:\/\/www.matrix4design.com\/wp-content\/uploads\/2021\/04\/MAKING-OF-COLECCION-PLISSE-DESIGNED-ESTUDIHAC-JMFERRERO-BY-VICAL-DESGIN-01.jpg","width":1600,"height":900},{"@type":"BreadcrumbList","@id":"https:\/\/www.matrix4design.com\/it\/design\/plisse-la-nuova-collezione-vical-design-punta-sullartigianalita\/#breadcrumb","itemListElement":[{"@type":"ListItem","position":1,"name":"Home","item":"https:\/\/www.matrix4design.com\/it\/"},{"@type":"ListItem","position":2,"name":"PLISS\u00c9, la nuova collezione Vical Design punta sull\u2019artigianalit\u00e0"}]},{"@type":"WebSite","@id":"https:\/\/www.matrix4design.com\/it\/#website","url":"https:\/\/www.matrix4design.com\/it\/","name":"Matrix4Design","description":"Digital architecture and design b2b magazine","publisher":{"@id":"https:\/\/www.matrix4design.com\/it\/#organization"},"potentialAction":[{"@type":"SearchAction","target":{"@type":"EntryPoint","urlTemplate":"https:\/\/www.matrix4design.com\/it\/?s={search_term_string}"},"query-input":{"@type":"PropertyValueSpecification","valueRequired":true,"valueName":"search_term_string"}}],"inLanguage":"it-IT"},{"@type":"Organization","@id":"https:\/\/www.matrix4design.com\/it\/#organization","name":"Matrix4Design","url":"https:\/\/www.matrix4design.com\/it\/","logo":{"@type":"ImageObject","inLanguage":"it-IT","@id":"https:\/\/www.matrix4design.com\/it\/#\/schema\/logo\/image\/","url":"https:\/\/www.matrix4design.com\/wp-content\/uploads\/2020\/04\/logo_matrix4design.png","contentUrl":"https:\/\/www.matrix4design.com\/wp-content\/uploads\/2020\/04\/logo_matrix4design.png","width":804,"height":114,"caption":"Matrix4Design"},"image":{"@id":"https:\/\/www.matrix4design.com\/it\/#\/schema\/logo\/image\/"},"sameAs":["https:\/\/www.facebook.com\/matrix4designmagazine\/","https:\/\/www.instagram.com\/matrix4designmagazine\/","https:\/\/www.youtube.com\/channel\/UCtuhSSrP3MOO_URZgv8mQ1A"]},{"@type":"Person","@id":"https:\/\/www.matrix4design.com\/it\/#\/schema\/person\/b2b6dd48f9d6892ca224742379951fa1","name":"Redazione","image":{"@type":"ImageObject","inLanguage":"it-IT","@id":"https:\/\/www.matrix4design.com\/it\/#\/schema\/person\/image\/","url":"https:\/\/www.matrix4design.com\/wp-content\/uploads\/2023\/01\/logo_M4D_2023-96x96.jpg","contentUrl":"https:\/\/www.matrix4design.com\/wp-content\/uploads\/2023\/01\/logo_M4D_2023-96x96.jpg","caption":"Redazione"},"url":"https:\/\/www.matrix4design.com\/it\/author\/redazione\/"}]}},"_links":{"self":[{"href":"https:\/\/www.matrix4design.com\/it\/wp-json\/wp\/v2\/posts\/77317","targetHints":{"allow":["GET"]}}],"collection":[{"href":"https:\/\/www.matrix4design.com\/it\/wp-json\/wp\/v2\/posts"}],"about":[{"href":"https:\/\/www.matrix4design.com\/it\/wp-json\/wp\/v2\/types\/post"}],"author":[{"embeddable":true,"href":"https:\/\/www.matrix4design.com\/it\/wp-json\/wp\/v2\/users\/6"}],"replies":[{"embeddable":true,"href":"https:\/\/www.matrix4design.com\/it\/wp-json\/wp\/v2\/comments?post=77317"}],"version-history":[{"count":2,"href":"https:\/\/www.matrix4design.com\/it\/wp-json\/wp\/v2\/posts\/77317\/revisions"}],"predecessor-version":[{"id":77427,"href":"https:\/\/www.matrix4design.com\/it\/wp-json\/wp\/v2\/posts\/77317\/revisions\/77427"}],"wp:featuredmedia":[{"embeddable":true,"href":"https:\/\/www.matrix4design.com\/it\/wp-json\/wp\/v2\/media\/77318"}],"wp:attachment":[{"href":"https:\/\/www.matrix4design.com\/it\/wp-json\/wp\/v2\/media?parent=77317"}],"wp:term":[{"taxonomy":"category","embeddable":true,"href":"https:\/\/www.matrix4design.com\/it\/wp-json\/wp\/v2\/categories?post=77317"},{"taxonomy":"post_tag","embeddable":true,"href":"https:\/\/www.matrix4design.com\/it\/wp-json\/wp\/v2\/tags?post=77317"}],"curies":[{"name":"wp","href":"https:\/\/api.w.org\/{rel}","templated":true}]}}