{"id":78613,"date":"2021-06-10T08:00:22","date_gmt":"2021-06-10T06:00:22","guid":{"rendered":"https:\/\/www.matrix4design.com\/?p=78613"},"modified":"2021-06-07T15:36:50","modified_gmt":"2021-06-07T13:36:50","slug":"kindergarten-enneberg-il-progetto-di-andreas-gruber-a-marebbe","status":"publish","type":"post","link":"https:\/\/www.matrix4design.com\/it\/architettura\/kindergarten-enneberg-il-progetto-di-andreas-gruber-a-marebbe\/","title":{"rendered":"Kindergarten Enneberg, il progetto di Andreas Gruber a Marebbe"},"content":{"rendered":"<p>&nbsp;<\/p>\n<p>A Enneberg (Marebbe), in provincia di Bolzano, lo studio <a href=\"http:\/\/www.architektgruber.com\/\" target=\"_blank\" rel=\"noopener\"><strong>Architekt Andreas Gruber<\/strong><\/a> ha recentemente completato il progetto <strong>Kindergarten Enneberg<\/strong>, un ampliamento dell&#8217;asilo esistente.<\/p>\n<p>L&#8217;attenzione si \u00e8 concentrata su un concept a lungo termine, pensato dal punto di vista del futuro utente, al fine di creare <strong>spazi a misura di bambino<\/strong>, inondati di luce; la flessibilit\u00e0 e la vivibilit\u00e0 delle aule, la scala e le proporzioni, cos\u00ec come l&#8217;accessibilit\u00e0, hanno un ruolo fondamentale nel progetto il cui scopo \u00e8 anche quello di creare luoghi pi\u00f9 riparati e riservati, una sorta di <em>retreat places<\/em>.<\/p>\n<p><strong>Mattoni termici, intonaco e superfici in legno naturale<\/strong> sono stati i principali materiali utilizzati, mentre il motivo della facciata e l\u2019uso del colore riflettono la natura giocosa dei bambini; d&#8217;altra parte, le diverse altezze e distanze delle finestre esaltano il paesaggio alpino circostante.<\/p>\n<p>In particolare, <strong>le ampie cornici delle finestre<\/strong> sono pensate come parte del concept architettonico: caratterizzano le stanze e possono essere usate come posti a sedere o aree di gioco.<\/p>\n<p>Per incoraggiare la creativit\u00e0 dei bambini, sono stati progettati <strong>arredi su misura<\/strong> in collaborazione con gli interior designer di <strong>MarchGut<\/strong>: si tratta di speciali moduli didattici che possono essere spostati liberamente nelle stanze; sono realizzati in legno massiccio e le superfici interne sono rivestite con superfici user-friendly.<\/p>\n<p>Kindergarten Enneberg viene quindi concepito come un luogo dove i bambini possono stare al sicuro e sviluppare liberamente i loro sensi e le loro abilit\u00e0.<\/p>\n<p>&nbsp;<\/p>\n\t\t<div style=\"clear:both\"><\/div>\n\t\t<div class=\"psgal_wrap\">\n\t\t\t<div id=\"psgal_78613_1\" data-psgal_id=\"78613_1\" data-psgal_container_id=\"container_78613_1\" data-psgal_thumbnail_width=\"164\" data-psgal_use_masonary=\"1\" class=\"psgal-inline psgal gallery-columns-3 gallery-size-thumbnail use_masonry_1 show_captions_\" itemscope itemtype=\"http:\/\/schema.org\/ImageGallery\">\n\t\t\t\t\t\t\t\t\t\t<figure class=\"msnry_items\" itemscope itemtype=\"http:\/\/schema.org\/ImageObject\" style=\"width:164px;\">\n\t\t\t\t\t\t\t<a href=\"https:\/\/www.matrix4design.com\/wp-content\/uploads\/2021\/06\/36_Andreas-Gruber_Arch_KIGA-Enneberg_IMG_0138_GW.jpg\" itemprop=\"contentUrl\" data-size=\"667x1000\" data-caption=\"\u00a9 Gustav Willeit\" style=\"height:154px;\">\n\t\t\t\t\t\t\t\t<img decoding=\"async\" class=\"msnry_thumb\" src=\"https:\/\/www.matrix4design.com\/wp-content\/uploads\/2021\/06\/36_Andreas-Gruber_Arch_KIGA-Enneberg_IMG_0138_GW-540x540.jpg\" itemprop=\"thumbnail\" alt=\"\" \/>\n\t\t\t\t\t\t\t<\/a>\n\t\t\t\t\t\t\t\t\t\t\t\t\t\t<figcaption class=\"photoswipe-gallery-caption\" style=\"display:none;\">\u00a9 Gustav Willeit<\/figcaption>\n\n\t\t\t\t\t\t<\/figure>\n\t\t\t\t\t\t\t\t\t\t<figure class=\"msnry_items\" itemscope itemtype=\"http:\/\/schema.org\/ImageObject\" style=\"width:164px;\">\n\t\t\t\t\t\t\t<a href=\"https:\/\/www.matrix4design.com\/wp-content\/uploads\/2021\/06\/35_Andreas-Gruber_Arch_KIGA-Enneberg_IMG_0207_GW.jpg\" itemprop=\"contentUrl\" data-size=\"667x1000\" data-caption=\"\u00a9 Gustav Willeit\" style=\"height:154px;\">\n\t\t\t\t\t\t\t\t<img decoding=\"async\" class=\"msnry_thumb\" src=\"https:\/\/www.matrix4design.com\/wp-content\/uploads\/2021\/06\/35_Andreas-Gruber_Arch_KIGA-Enneberg_IMG_0207_GW-540x540.jpg\" itemprop=\"thumbnail\" alt=\"\" \/>\n\t\t\t\t\t\t\t<\/a>\n\t\t\t\t\t\t\t\t\t\t\t\t\t\t<figcaption class=\"photoswipe-gallery-caption\" style=\"display:none;\">\u00a9 Gustav Willeit<\/figcaption>\n\n\t\t\t\t\t\t<\/figure>\n\t\t\t\t\t\t\t\t\t\t<figure class=\"msnry_items\" itemscope itemtype=\"http:\/\/schema.org\/ImageObject\" style=\"width:164px;\">\n\t\t\t\t\t\t\t<a href=\"https:\/\/www.matrix4design.com\/wp-content\/uploads\/2021\/06\/34_Andreas-Gruber_Arch_KIGA-Enneberg_IMG_0213_GW.jpg\" itemprop=\"contentUrl\" data-size=\"667x1000\" data-caption=\"\u00a9 Gustav Willeit\" style=\"height:154px;\">\n\t\t\t\t\t\t\t\t<img decoding=\"async\" class=\"msnry_thumb\" src=\"https:\/\/www.matrix4design.com\/wp-content\/uploads\/2021\/06\/34_Andreas-Gruber_Arch_KIGA-Enneberg_IMG_0213_GW-540x540.jpg\" itemprop=\"thumbnail\" alt=\"\" \/>\n\t\t\t\t\t\t\t<\/a>\n\t\t\t\t\t\t\t\t\t\t\t\t\t\t<figcaption class=\"photoswipe-gallery-caption\" style=\"display:none;\">\u00a9 Gustav Willeit<\/figcaption>\n\n\t\t\t\t\t\t<\/figure>\n\t\t\t\t\t\t\t\t\t\t<figure class=\"msnry_items\" itemscope itemtype=\"http:\/\/schema.org\/ImageObject\" style=\"width:164px;\">\n\t\t\t\t\t\t\t<a href=\"https:\/\/www.matrix4design.com\/wp-content\/uploads\/2021\/06\/37_Andreas-Gruber_Arch_KIGA-Enneberg_IMG_0150_GW.jpg\" itemprop=\"contentUrl\" data-size=\"667x1000\" data-caption=\"\u00a9 Gustav Willeit\" style=\"height:154px;\">\n\t\t\t\t\t\t\t\t<img decoding=\"async\" class=\"msnry_thumb\" src=\"https:\/\/www.matrix4design.com\/wp-content\/uploads\/2021\/06\/37_Andreas-Gruber_Arch_KIGA-Enneberg_IMG_0150_GW-540x540.jpg\" itemprop=\"thumbnail\" alt=\"\" \/>\n\t\t\t\t\t\t\t<\/a>\n\t\t\t\t\t\t\t\t\t\t\t\t\t\t<figcaption class=\"photoswipe-gallery-caption\" style=\"display:none;\">\u00a9 Gustav Willeit<\/figcaption>\n\n\t\t\t\t\t\t<\/figure>\n\t\t\t\t\t\t\t\t\t\t<figure class=\"msnry_items\" itemscope itemtype=\"http:\/\/schema.org\/ImageObject\" style=\"width:164px;\">\n\t\t\t\t\t\t\t<a href=\"https:\/\/www.matrix4design.com\/wp-content\/uploads\/2021\/06\/26_Andreas-Gruber_Arch_KIGA-Enneberg_IMG_0180_GW.jpg\" itemprop=\"contentUrl\" data-size=\"1500x1000\" data-caption=\"\u00a9 Gustav Willeit\" style=\"height:154px;\">\n\t\t\t\t\t\t\t\t<img decoding=\"async\" class=\"msnry_thumb\" src=\"https:\/\/www.matrix4design.com\/wp-content\/uploads\/2021\/06\/26_Andreas-Gruber_Arch_KIGA-Enneberg_IMG_0180_GW-540x540.jpg\" itemprop=\"thumbnail\" alt=\"\" \/>\n\t\t\t\t\t\t\t<\/a>\n\t\t\t\t\t\t\t\t\t\t\t\t\t\t<figcaption class=\"photoswipe-gallery-caption\" style=\"display:none;\">\u00a9 Gustav Willeit<\/figcaption>\n\n\t\t\t\t\t\t<\/figure>\n\t\t\t\t\t\t\t\t\t\t<figure class=\"msnry_items\" itemscope itemtype=\"http:\/\/schema.org\/ImageObject\" style=\"width:164px;\">\n\t\t\t\t\t\t\t<a href=\"https:\/\/www.matrix4design.com\/wp-content\/uploads\/2021\/06\/12_Andreas-Gruber_Arch_KIGA-Enneberg_IMG_8941_GW.jpg\" itemprop=\"contentUrl\" data-size=\"667x1000\" data-caption=\"\u00a9 Gustav Willeit\" style=\"height:154px;\">\n\t\t\t\t\t\t\t\t<img decoding=\"async\" class=\"msnry_thumb\" src=\"https:\/\/www.matrix4design.com\/wp-content\/uploads\/2021\/06\/12_Andreas-Gruber_Arch_KIGA-Enneberg_IMG_8941_GW-540x540.jpg\" itemprop=\"thumbnail\" alt=\"\" \/>\n\t\t\t\t\t\t\t<\/a>\n\t\t\t\t\t\t\t\t\t\t\t\t\t\t<figcaption class=\"photoswipe-gallery-caption\" style=\"display:none;\">\u00a9 Gustav Willeit<\/figcaption>\n\n\t\t\t\t\t\t<\/figure>\n\t\t\t\t\t\t\t\t\t\t<figure class=\"msnry_items\" itemscope itemtype=\"http:\/\/schema.org\/ImageObject\" style=\"width:164px;\">\n\t\t\t\t\t\t\t<a href=\"https:\/\/www.matrix4design.com\/wp-content\/uploads\/2021\/06\/20_Andreas-Gruber_Arch_KIGA-Enneberg_IMG_8962_GW.jpg\" itemprop=\"contentUrl\" data-size=\"1500x1000\" data-caption=\"\u00a9 Gustav Willeit\" style=\"height:154px;\">\n\t\t\t\t\t\t\t\t<img decoding=\"async\" class=\"msnry_thumb\" src=\"https:\/\/www.matrix4design.com\/wp-content\/uploads\/2021\/06\/20_Andreas-Gruber_Arch_KIGA-Enneberg_IMG_8962_GW-540x540.jpg\" itemprop=\"thumbnail\" alt=\"\" \/>\n\t\t\t\t\t\t\t<\/a>\n\t\t\t\t\t\t\t\t\t\t\t\t\t\t<figcaption class=\"photoswipe-gallery-caption\" style=\"display:none;\">\u00a9 Gustav Willeit<\/figcaption>\n\n\t\t\t\t\t\t<\/figure>\n\t\t\t\t\t\t\t\t\t\t<figure class=\"msnry_items\" itemscope itemtype=\"http:\/\/schema.org\/ImageObject\" style=\"width:164px;\">\n\t\t\t\t\t\t\t<a href=\"https:\/\/www.matrix4design.com\/wp-content\/uploads\/2021\/06\/28_Andreas-Gruber_Arch_KIGA-Enneberg_IMG_0189_GW.jpg\" itemprop=\"contentUrl\" data-size=\"1500x1000\" data-caption=\"\u00a9 Gustav Willeit\" style=\"height:154px;\">\n\t\t\t\t\t\t\t\t<img decoding=\"async\" class=\"msnry_thumb\" src=\"https:\/\/www.matrix4design.com\/wp-content\/uploads\/2021\/06\/28_Andreas-Gruber_Arch_KIGA-Enneberg_IMG_0189_GW-540x540.jpg\" itemprop=\"thumbnail\" alt=\"\" \/>\n\t\t\t\t\t\t\t<\/a>\n\t\t\t\t\t\t\t\t\t\t\t\t\t\t<figcaption class=\"photoswipe-gallery-caption\" style=\"display:none;\">\u00a9 Gustav Willeit<\/figcaption>\n\n\t\t\t\t\t\t<\/figure>\n\t\t\t\t\t\t\t\t\t\t<figure class=\"msnry_items\" itemscope itemtype=\"http:\/\/schema.org\/ImageObject\" style=\"width:164px;\">\n\t\t\t\t\t\t\t<a href=\"https:\/\/www.matrix4design.com\/wp-content\/uploads\/2021\/06\/25_Andreas-Gruber_Arch_KIGA-Enneberg_IMG_0174_GW.jpg\" itemprop=\"contentUrl\" data-size=\"1500x1000\" data-caption=\"\u00a9 Gustav Willeit\" style=\"height:154px;\">\n\t\t\t\t\t\t\t\t<img decoding=\"async\" class=\"msnry_thumb\" src=\"https:\/\/www.matrix4design.com\/wp-content\/uploads\/2021\/06\/25_Andreas-Gruber_Arch_KIGA-Enneberg_IMG_0174_GW-540x540.jpg\" itemprop=\"thumbnail\" alt=\"\" \/>\n\t\t\t\t\t\t\t<\/a>\n\t\t\t\t\t\t\t\t\t\t\t\t\t\t<figcaption class=\"photoswipe-gallery-caption\" style=\"display:none;\">\u00a9 Gustav Willeit<\/figcaption>\n\n\t\t\t\t\t\t<\/figure>\n\t\t\t\t\t\t\t\t\t\t<figure class=\"msnry_items\" itemscope itemtype=\"http:\/\/schema.org\/ImageObject\" style=\"width:164px;\">\n\t\t\t\t\t\t\t<a href=\"https:\/\/www.matrix4design.com\/wp-content\/uploads\/2021\/06\/03_Andreas-Gruber_Arch_KIGA-Enneberg_IMG_8945_GW.jpg\" itemprop=\"contentUrl\" data-size=\"1500x1000\" data-caption=\"\u00a9 Gustav Willeit\" style=\"height:154px;\">\n\t\t\t\t\t\t\t\t<img decoding=\"async\" class=\"msnry_thumb\" src=\"https:\/\/www.matrix4design.com\/wp-content\/uploads\/2021\/06\/03_Andreas-Gruber_Arch_KIGA-Enneberg_IMG_8945_GW-540x540.jpg\" itemprop=\"thumbnail\" alt=\"\" \/>\n\t\t\t\t\t\t\t<\/a>\n\t\t\t\t\t\t\t\t\t\t\t\t\t\t<figcaption class=\"photoswipe-gallery-caption\" style=\"display:none;\">\u00a9 Gustav Willeit<\/figcaption>\n\n\t\t\t\t\t\t<\/figure>\n\t\t\t\t\t\t\t\t\t\t<figure class=\"msnry_items\" itemscope itemtype=\"http:\/\/schema.org\/ImageObject\" style=\"width:164px;\">\n\t\t\t\t\t\t\t<a href=\"https:\/\/www.matrix4design.com\/wp-content\/uploads\/2021\/06\/24_Andreas-Gruber_Arch_KIGA-Enneberg_IMG_0165_GW.jpg\" itemprop=\"contentUrl\" data-size=\"1500x1000\" data-caption=\"\u00a9 Gustav Willeit\" style=\"height:154px;\">\n\t\t\t\t\t\t\t\t<img decoding=\"async\" class=\"msnry_thumb\" src=\"https:\/\/www.matrix4design.com\/wp-content\/uploads\/2021\/06\/24_Andreas-Gruber_Arch_KIGA-Enneberg_IMG_0165_GW-540x540.jpg\" itemprop=\"thumbnail\" alt=\"\" \/>\n\t\t\t\t\t\t\t<\/a>\n\t\t\t\t\t\t\t\t\t\t\t\t\t\t<figcaption class=\"photoswipe-gallery-caption\" style=\"display:none;\">\u00a9 Gustav Willeit<\/figcaption>\n\n\t\t\t\t\t\t<\/figure>\n\t\t\t\t\t\t\t\t\t\t<figure class=\"msnry_items\" itemscope itemtype=\"http:\/\/schema.org\/ImageObject\" style=\"width:164px;\">\n\t\t\t\t\t\t\t<a href=\"https:\/\/www.matrix4design.com\/wp-content\/uploads\/2021\/06\/01_Andreas-Gruber_Arch_KIGA-Enneberg_IMG_8868_GW_big-1.jpg\" itemprop=\"contentUrl\" data-size=\"1500x1000\" data-caption=\"\u00a9 Gustav Willeit\" style=\"height:154px;\">\n\t\t\t\t\t\t\t\t<img decoding=\"async\" class=\"msnry_thumb\" src=\"https:\/\/www.matrix4design.com\/wp-content\/uploads\/2021\/06\/01_Andreas-Gruber_Arch_KIGA-Enneberg_IMG_8868_GW_big-1-540x540.jpg\" itemprop=\"thumbnail\" alt=\"\" \/>\n\t\t\t\t\t\t\t<\/a>\n\t\t\t\t\t\t\t\t\t\t\t\t\t\t<figcaption class=\"photoswipe-gallery-caption\" style=\"display:none;\">\u00a9 Gustav Willeit<\/figcaption>\n\n\t\t\t\t\t\t<\/figure>\n\t\t\t\t\t\t\t<\/div>\n\t\t<\/div>\n\t\t<div style='clear:both'><\/div>\n\n","protected":false},"excerpt":{"rendered":"<p>&nbsp; A Enneberg (Marebbe), in provincia di Bolzano, lo studio Architekt Andreas Gruber ha recentemente completato il progetto Kindergarten Enneberg, un ampliamento dell&#8217;asilo esistente. L&#8217;attenzione si \u00e8 concentrata su un concept a lungo termine, pensato dal punto di vista del futuro utente, al fine di creare spazi a misura di bambino, inondati di luce; la [&hellip;]<\/p>\n","protected":false},"author":6,"featured_media":78614,"comment_status":"closed","ping_status":"closed","sticky":false,"template":"","format":"standard","meta":{"_acf_changed":false,"footnotes":""},"categories":[367,417,368],"tags":[],"class_list":{"0":"post-78613","1":"post","2":"type-post","3":"status-publish","4":"format-standard","5":"has-post-thumbnail","7":"category-architettura","8":"category-architettura-home","9":"category-featured"},"acf":[],"yoast_head":"<!-- This site is optimized with the Yoast SEO plugin v27.0 - https:\/\/yoast.com\/product\/yoast-seo-wordpress\/ -->\n<title>Kindergarten Enneberg, il progetto di Andreas Gruber a Marebbe<\/title>\n<meta name=\"description\" content=\"In provincia di Bolzano, Architekt Andreas Gruber ha completato il progetto Kindergarten Enneberg, un ampliamento dell&#039;asilo esistente.\" \/>\n<meta name=\"robots\" content=\"index, follow, max-snippet:-1, max-image-preview:large, max-video-preview:-1\" \/>\n<link rel=\"canonical\" href=\"https:\/\/www.matrix4design.com\/it\/architettura\/kindergarten-enneberg-il-progetto-di-andreas-gruber-a-marebbe\/\" \/>\n<meta property=\"og:locale\" content=\"it_IT\" \/>\n<meta property=\"og:type\" content=\"article\" \/>\n<meta property=\"og:title\" content=\"Kindergarten Enneberg, il progetto di Andreas Gruber a Marebbe\" \/>\n<meta property=\"og:description\" content=\"In provincia di Bolzano, Architekt Andreas Gruber ha completato il progetto Kindergarten Enneberg, un ampliamento dell&#039;asilo esistente.\" \/>\n<meta property=\"og:url\" content=\"https:\/\/www.matrix4design.com\/it\/architettura\/kindergarten-enneberg-il-progetto-di-andreas-gruber-a-marebbe\/\" \/>\n<meta property=\"og:site_name\" content=\"Matrix4Design\" \/>\n<meta property=\"article:publisher\" content=\"https:\/\/www.facebook.com\/matrix4designmagazine\/\" \/>\n<meta property=\"article:published_time\" content=\"2021-06-10T06:00:22+00:00\" \/>\n<meta property=\"og:image\" content=\"https:\/\/www.matrix4design.com\/wp-content\/uploads\/2021\/06\/01_Andreas-Gruber_Arch_KIGA-Enneberg_IMG_8868_GW_big.jpg\" \/>\n\t<meta property=\"og:image:width\" content=\"1500\" \/>\n\t<meta property=\"og:image:height\" content=\"1000\" \/>\n\t<meta property=\"og:image:type\" content=\"image\/jpeg\" \/>\n<meta name=\"author\" content=\"Redazione\" \/>\n<meta name=\"twitter:card\" content=\"summary_large_image\" \/>\n<meta name=\"twitter:label1\" content=\"Scritto da\" \/>\n\t<meta name=\"twitter:data1\" content=\"Redazione\" \/>\n\t<meta name=\"twitter:label2\" content=\"Tempo di lettura stimato\" \/>\n\t<meta name=\"twitter:data2\" content=\"2 minuti\" \/>\n<script type=\"application\/ld+json\" class=\"yoast-schema-graph\">{\"@context\":\"https:\/\/schema.org\",\"@graph\":[{\"@type\":\"Article\",\"@id\":\"https:\/\/www.matrix4design.com\/it\/architettura\/kindergarten-enneberg-il-progetto-di-andreas-gruber-a-marebbe\/#article\",\"isPartOf\":{\"@id\":\"https:\/\/www.matrix4design.com\/it\/architettura\/kindergarten-enneberg-il-progetto-di-andreas-gruber-a-marebbe\/\"},\"author\":{\"name\":\"Redazione\",\"@id\":\"https:\/\/www.matrix4design.com\/it\/#\/schema\/person\/b2b6dd48f9d6892ca224742379951fa1\"},\"headline\":\"Kindergarten Enneberg, il progetto di Andreas Gruber a Marebbe\",\"datePublished\":\"2021-06-10T06:00:22+00:00\",\"mainEntityOfPage\":{\"@id\":\"https:\/\/www.matrix4design.com\/it\/architettura\/kindergarten-enneberg-il-progetto-di-andreas-gruber-a-marebbe\/\"},\"wordCount\":252,\"publisher\":{\"@id\":\"https:\/\/www.matrix4design.com\/it\/#organization\"},\"image\":{\"@id\":\"https:\/\/www.matrix4design.com\/it\/architettura\/kindergarten-enneberg-il-progetto-di-andreas-gruber-a-marebbe\/#primaryimage\"},\"thumbnailUrl\":\"https:\/\/www.matrix4design.com\/wp-content\/uploads\/2021\/06\/01_Andreas-Gruber_Arch_KIGA-Enneberg_IMG_8868_GW_big.jpg\",\"articleSection\":[\"Architettura\",\"Architettura home\",\"Featured\"],\"inLanguage\":\"it-IT\"},{\"@type\":\"WebPage\",\"@id\":\"https:\/\/www.matrix4design.com\/it\/architettura\/kindergarten-enneberg-il-progetto-di-andreas-gruber-a-marebbe\/\",\"url\":\"https:\/\/www.matrix4design.com\/it\/architettura\/kindergarten-enneberg-il-progetto-di-andreas-gruber-a-marebbe\/\",\"name\":\"Kindergarten Enneberg, il progetto di Andreas Gruber a Marebbe\",\"isPartOf\":{\"@id\":\"https:\/\/www.matrix4design.com\/it\/#website\"},\"primaryImageOfPage\":{\"@id\":\"https:\/\/www.matrix4design.com\/it\/architettura\/kindergarten-enneberg-il-progetto-di-andreas-gruber-a-marebbe\/#primaryimage\"},\"image\":{\"@id\":\"https:\/\/www.matrix4design.com\/it\/architettura\/kindergarten-enneberg-il-progetto-di-andreas-gruber-a-marebbe\/#primaryimage\"},\"thumbnailUrl\":\"https:\/\/www.matrix4design.com\/wp-content\/uploads\/2021\/06\/01_Andreas-Gruber_Arch_KIGA-Enneberg_IMG_8868_GW_big.jpg\",\"datePublished\":\"2021-06-10T06:00:22+00:00\",\"description\":\"In provincia di Bolzano, Architekt Andreas Gruber ha completato il progetto Kindergarten Enneberg, un ampliamento dell'asilo esistente.\",\"breadcrumb\":{\"@id\":\"https:\/\/www.matrix4design.com\/it\/architettura\/kindergarten-enneberg-il-progetto-di-andreas-gruber-a-marebbe\/#breadcrumb\"},\"inLanguage\":\"it-IT\",\"potentialAction\":[{\"@type\":\"ReadAction\",\"target\":[\"https:\/\/www.matrix4design.com\/it\/architettura\/kindergarten-enneberg-il-progetto-di-andreas-gruber-a-marebbe\/\"]}]},{\"@type\":\"ImageObject\",\"inLanguage\":\"it-IT\",\"@id\":\"https:\/\/www.matrix4design.com\/it\/architettura\/kindergarten-enneberg-il-progetto-di-andreas-gruber-a-marebbe\/#primaryimage\",\"url\":\"https:\/\/www.matrix4design.com\/wp-content\/uploads\/2021\/06\/01_Andreas-Gruber_Arch_KIGA-Enneberg_IMG_8868_GW_big.jpg\",\"contentUrl\":\"https:\/\/www.matrix4design.com\/wp-content\/uploads\/2021\/06\/01_Andreas-Gruber_Arch_KIGA-Enneberg_IMG_8868_GW_big.jpg\",\"width\":1500,\"height\":1000},{\"@type\":\"BreadcrumbList\",\"@id\":\"https:\/\/www.matrix4design.com\/it\/architettura\/kindergarten-enneberg-il-progetto-di-andreas-gruber-a-marebbe\/#breadcrumb\",\"itemListElement\":[{\"@type\":\"ListItem\",\"position\":1,\"name\":\"Home\",\"item\":\"https:\/\/www.matrix4design.com\/it\/\"},{\"@type\":\"ListItem\",\"position\":2,\"name\":\"Kindergarten Enneberg, il progetto di Andreas Gruber a Marebbe\"}]},{\"@type\":\"WebSite\",\"@id\":\"https:\/\/www.matrix4design.com\/it\/#website\",\"url\":\"https:\/\/www.matrix4design.com\/it\/\",\"name\":\"Matrix4Design\",\"description\":\"Digital architecture and design b2b magazine\",\"publisher\":{\"@id\":\"https:\/\/www.matrix4design.com\/it\/#organization\"},\"potentialAction\":[{\"@type\":\"SearchAction\",\"target\":{\"@type\":\"EntryPoint\",\"urlTemplate\":\"https:\/\/www.matrix4design.com\/it\/?s={search_term_string}\"},\"query-input\":{\"@type\":\"PropertyValueSpecification\",\"valueRequired\":true,\"valueName\":\"search_term_string\"}}],\"inLanguage\":\"it-IT\"},{\"@type\":\"Organization\",\"@id\":\"https:\/\/www.matrix4design.com\/it\/#organization\",\"name\":\"Matrix4Design\",\"url\":\"https:\/\/www.matrix4design.com\/it\/\",\"logo\":{\"@type\":\"ImageObject\",\"inLanguage\":\"it-IT\",\"@id\":\"https:\/\/www.matrix4design.com\/it\/#\/schema\/logo\/image\/\",\"url\":\"https:\/\/www.matrix4design.com\/wp-content\/uploads\/2020\/04\/logo_matrix4design.png\",\"contentUrl\":\"https:\/\/www.matrix4design.com\/wp-content\/uploads\/2020\/04\/logo_matrix4design.png\",\"width\":804,\"height\":114,\"caption\":\"Matrix4Design\"},\"image\":{\"@id\":\"https:\/\/www.matrix4design.com\/it\/#\/schema\/logo\/image\/\"},\"sameAs\":[\"https:\/\/www.facebook.com\/matrix4designmagazine\/\",\"https:\/\/www.instagram.com\/matrix4designmagazine\/\",\"https:\/\/www.youtube.com\/channel\/UCtuhSSrP3MOO_URZgv8mQ1A\"]},{\"@type\":\"Person\",\"@id\":\"https:\/\/www.matrix4design.com\/it\/#\/schema\/person\/b2b6dd48f9d6892ca224742379951fa1\",\"name\":\"Redazione\",\"image\":{\"@type\":\"ImageObject\",\"inLanguage\":\"it-IT\",\"@id\":\"https:\/\/www.matrix4design.com\/it\/#\/schema\/person\/image\/\",\"url\":\"https:\/\/www.matrix4design.com\/wp-content\/uploads\/2023\/01\/logo_M4D_2023-96x96.jpg\",\"contentUrl\":\"https:\/\/www.matrix4design.com\/wp-content\/uploads\/2023\/01\/logo_M4D_2023-96x96.jpg\",\"caption\":\"Redazione\"},\"url\":\"https:\/\/www.matrix4design.com\/it\/author\/redazione\/\"}]}<\/script>\n<!-- \/ Yoast SEO plugin. -->","yoast_head_json":{"title":"Kindergarten Enneberg, il progetto di Andreas Gruber a Marebbe","description":"In provincia di Bolzano, Architekt Andreas Gruber ha completato il progetto Kindergarten Enneberg, un ampliamento dell'asilo esistente.","robots":{"index":"index","follow":"follow","max-snippet":"max-snippet:-1","max-image-preview":"max-image-preview:large","max-video-preview":"max-video-preview:-1"},"canonical":"https:\/\/www.matrix4design.com\/it\/architettura\/kindergarten-enneberg-il-progetto-di-andreas-gruber-a-marebbe\/","og_locale":"it_IT","og_type":"article","og_title":"Kindergarten Enneberg, il progetto di Andreas Gruber a Marebbe","og_description":"In provincia di Bolzano, Architekt Andreas Gruber ha completato il progetto Kindergarten Enneberg, un ampliamento dell'asilo esistente.","og_url":"https:\/\/www.matrix4design.com\/it\/architettura\/kindergarten-enneberg-il-progetto-di-andreas-gruber-a-marebbe\/","og_site_name":"Matrix4Design","article_publisher":"https:\/\/www.facebook.com\/matrix4designmagazine\/","article_published_time":"2021-06-10T06:00:22+00:00","og_image":[{"width":1500,"height":1000,"url":"https:\/\/www.matrix4design.com\/wp-content\/uploads\/2021\/06\/01_Andreas-Gruber_Arch_KIGA-Enneberg_IMG_8868_GW_big.jpg","type":"image\/jpeg"}],"author":"Redazione","twitter_card":"summary_large_image","twitter_misc":{"Scritto da":"Redazione","Tempo di lettura stimato":"2 minuti"},"schema":{"@context":"https:\/\/schema.org","@graph":[{"@type":"Article","@id":"https:\/\/www.matrix4design.com\/it\/architettura\/kindergarten-enneberg-il-progetto-di-andreas-gruber-a-marebbe\/#article","isPartOf":{"@id":"https:\/\/www.matrix4design.com\/it\/architettura\/kindergarten-enneberg-il-progetto-di-andreas-gruber-a-marebbe\/"},"author":{"name":"Redazione","@id":"https:\/\/www.matrix4design.com\/it\/#\/schema\/person\/b2b6dd48f9d6892ca224742379951fa1"},"headline":"Kindergarten Enneberg, il progetto di Andreas Gruber a Marebbe","datePublished":"2021-06-10T06:00:22+00:00","mainEntityOfPage":{"@id":"https:\/\/www.matrix4design.com\/it\/architettura\/kindergarten-enneberg-il-progetto-di-andreas-gruber-a-marebbe\/"},"wordCount":252,"publisher":{"@id":"https:\/\/www.matrix4design.com\/it\/#organization"},"image":{"@id":"https:\/\/www.matrix4design.com\/it\/architettura\/kindergarten-enneberg-il-progetto-di-andreas-gruber-a-marebbe\/#primaryimage"},"thumbnailUrl":"https:\/\/www.matrix4design.com\/wp-content\/uploads\/2021\/06\/01_Andreas-Gruber_Arch_KIGA-Enneberg_IMG_8868_GW_big.jpg","articleSection":["Architettura","Architettura home","Featured"],"inLanguage":"it-IT"},{"@type":"WebPage","@id":"https:\/\/www.matrix4design.com\/it\/architettura\/kindergarten-enneberg-il-progetto-di-andreas-gruber-a-marebbe\/","url":"https:\/\/www.matrix4design.com\/it\/architettura\/kindergarten-enneberg-il-progetto-di-andreas-gruber-a-marebbe\/","name":"Kindergarten Enneberg, il progetto di Andreas Gruber a Marebbe","isPartOf":{"@id":"https:\/\/www.matrix4design.com\/it\/#website"},"primaryImageOfPage":{"@id":"https:\/\/www.matrix4design.com\/it\/architettura\/kindergarten-enneberg-il-progetto-di-andreas-gruber-a-marebbe\/#primaryimage"},"image":{"@id":"https:\/\/www.matrix4design.com\/it\/architettura\/kindergarten-enneberg-il-progetto-di-andreas-gruber-a-marebbe\/#primaryimage"},"thumbnailUrl":"https:\/\/www.matrix4design.com\/wp-content\/uploads\/2021\/06\/01_Andreas-Gruber_Arch_KIGA-Enneberg_IMG_8868_GW_big.jpg","datePublished":"2021-06-10T06:00:22+00:00","description":"In provincia di Bolzano, Architekt Andreas Gruber ha completato il progetto Kindergarten Enneberg, un ampliamento dell'asilo esistente.","breadcrumb":{"@id":"https:\/\/www.matrix4design.com\/it\/architettura\/kindergarten-enneberg-il-progetto-di-andreas-gruber-a-marebbe\/#breadcrumb"},"inLanguage":"it-IT","potentialAction":[{"@type":"ReadAction","target":["https:\/\/www.matrix4design.com\/it\/architettura\/kindergarten-enneberg-il-progetto-di-andreas-gruber-a-marebbe\/"]}]},{"@type":"ImageObject","inLanguage":"it-IT","@id":"https:\/\/www.matrix4design.com\/it\/architettura\/kindergarten-enneberg-il-progetto-di-andreas-gruber-a-marebbe\/#primaryimage","url":"https:\/\/www.matrix4design.com\/wp-content\/uploads\/2021\/06\/01_Andreas-Gruber_Arch_KIGA-Enneberg_IMG_8868_GW_big.jpg","contentUrl":"https:\/\/www.matrix4design.com\/wp-content\/uploads\/2021\/06\/01_Andreas-Gruber_Arch_KIGA-Enneberg_IMG_8868_GW_big.jpg","width":1500,"height":1000},{"@type":"BreadcrumbList","@id":"https:\/\/www.matrix4design.com\/it\/architettura\/kindergarten-enneberg-il-progetto-di-andreas-gruber-a-marebbe\/#breadcrumb","itemListElement":[{"@type":"ListItem","position":1,"name":"Home","item":"https:\/\/www.matrix4design.com\/it\/"},{"@type":"ListItem","position":2,"name":"Kindergarten Enneberg, il progetto di Andreas Gruber a Marebbe"}]},{"@type":"WebSite","@id":"https:\/\/www.matrix4design.com\/it\/#website","url":"https:\/\/www.matrix4design.com\/it\/","name":"Matrix4Design","description":"Digital architecture and design b2b magazine","publisher":{"@id":"https:\/\/www.matrix4design.com\/it\/#organization"},"potentialAction":[{"@type":"SearchAction","target":{"@type":"EntryPoint","urlTemplate":"https:\/\/www.matrix4design.com\/it\/?s={search_term_string}"},"query-input":{"@type":"PropertyValueSpecification","valueRequired":true,"valueName":"search_term_string"}}],"inLanguage":"it-IT"},{"@type":"Organization","@id":"https:\/\/www.matrix4design.com\/it\/#organization","name":"Matrix4Design","url":"https:\/\/www.matrix4design.com\/it\/","logo":{"@type":"ImageObject","inLanguage":"it-IT","@id":"https:\/\/www.matrix4design.com\/it\/#\/schema\/logo\/image\/","url":"https:\/\/www.matrix4design.com\/wp-content\/uploads\/2020\/04\/logo_matrix4design.png","contentUrl":"https:\/\/www.matrix4design.com\/wp-content\/uploads\/2020\/04\/logo_matrix4design.png","width":804,"height":114,"caption":"Matrix4Design"},"image":{"@id":"https:\/\/www.matrix4design.com\/it\/#\/schema\/logo\/image\/"},"sameAs":["https:\/\/www.facebook.com\/matrix4designmagazine\/","https:\/\/www.instagram.com\/matrix4designmagazine\/","https:\/\/www.youtube.com\/channel\/UCtuhSSrP3MOO_URZgv8mQ1A"]},{"@type":"Person","@id":"https:\/\/www.matrix4design.com\/it\/#\/schema\/person\/b2b6dd48f9d6892ca224742379951fa1","name":"Redazione","image":{"@type":"ImageObject","inLanguage":"it-IT","@id":"https:\/\/www.matrix4design.com\/it\/#\/schema\/person\/image\/","url":"https:\/\/www.matrix4design.com\/wp-content\/uploads\/2023\/01\/logo_M4D_2023-96x96.jpg","contentUrl":"https:\/\/www.matrix4design.com\/wp-content\/uploads\/2023\/01\/logo_M4D_2023-96x96.jpg","caption":"Redazione"},"url":"https:\/\/www.matrix4design.com\/it\/author\/redazione\/"}]}},"_links":{"self":[{"href":"https:\/\/www.matrix4design.com\/it\/wp-json\/wp\/v2\/posts\/78613","targetHints":{"allow":["GET"]}}],"collection":[{"href":"https:\/\/www.matrix4design.com\/it\/wp-json\/wp\/v2\/posts"}],"about":[{"href":"https:\/\/www.matrix4design.com\/it\/wp-json\/wp\/v2\/types\/post"}],"author":[{"embeddable":true,"href":"https:\/\/www.matrix4design.com\/it\/wp-json\/wp\/v2\/users\/6"}],"replies":[{"embeddable":true,"href":"https:\/\/www.matrix4design.com\/it\/wp-json\/wp\/v2\/comments?post=78613"}],"version-history":[{"count":1,"href":"https:\/\/www.matrix4design.com\/it\/wp-json\/wp\/v2\/posts\/78613\/revisions"}],"predecessor-version":[{"id":78627,"href":"https:\/\/www.matrix4design.com\/it\/wp-json\/wp\/v2\/posts\/78613\/revisions\/78627"}],"wp:featuredmedia":[{"embeddable":true,"href":"https:\/\/www.matrix4design.com\/it\/wp-json\/wp\/v2\/media\/78614"}],"wp:attachment":[{"href":"https:\/\/www.matrix4design.com\/it\/wp-json\/wp\/v2\/media?parent=78613"}],"wp:term":[{"taxonomy":"category","embeddable":true,"href":"https:\/\/www.matrix4design.com\/it\/wp-json\/wp\/v2\/categories?post=78613"},{"taxonomy":"post_tag","embeddable":true,"href":"https:\/\/www.matrix4design.com\/it\/wp-json\/wp\/v2\/tags?post=78613"}],"curies":[{"name":"wp","href":"https:\/\/api.w.org\/{rel}","templated":true}]}}