{"id":78943,"date":"2021-06-21T10:00:46","date_gmt":"2021-06-21T08:00:46","guid":{"rendered":"https:\/\/www.matrix4design.com\/?p=78943"},"modified":"2021-06-17T14:36:53","modified_gmt":"2021-06-17T12:36:53","slug":"il-nuovo-progetto-residenziale-di-asti-architetti-in-via-pola-4-a-milano","status":"publish","type":"post","link":"https:\/\/www.matrix4design.com\/it\/architettura\/il-nuovo-progetto-residenziale-di-asti-architetti-in-via-pola-4-a-milano\/","title":{"rendered":"Il nuovo progetto residenziale di Asti Architetti in via Pola 4 a Milano"},"content":{"rendered":"<p>&nbsp;<\/p>\n<p>Il quartiere Isola \u00e8 uno di quelli che meglio rappresentano la trasformazione urbanistica vissuta da Milano in anni recenti, grazie anche al contributo di studi di architettura come <a href=\"https:\/\/astiarchitetti.it\/\" target=\"_blank\" rel=\"noopener\"><strong>Asti Architetti<\/strong><\/a>, dal 2004 impegnato nel restauro e rinnovamento di edifici storici, con progetti mirati sia alla ristrutturazione estetica sia a un miglioramento delle prestazioni energetiche.<\/p>\n<p>Proprio a Isola si trova l\u2019immobile in <strong>via Pola 4<\/strong>, oggetto di un intervento dal forte carattere architettonico che, pur conservando le strutture esistenti, ridefinisce l\u2019aspetto dell\u2019edificio in linea con le esigenze contemporanee, conferendogli una nuova identit\u00e0.<\/p>\n<p>Il progetto di<strong> Asti Architetti<\/strong> per <strong>DEA Capital Real Estate SGR S.p.A.<\/strong>, societ\u00e0 di gestione del <strong>FIA Alveare,<\/strong> ha ridisegnato infatti l\u2019intero immobile di sei piani, cinque fuori terra allineati ed il sesto arretrato sul fronte strada, con destinazione residenziale.<\/p>\n<p>La <strong>facciata <\/strong>\u00e8 stata oggetto di un totale restyling: si \u00e8 passati da rivestimenti originari di ceramica smaltata color grigio\/azzurro, quella su via Pola, e in piastrelline di ceramica color grigio chiaro quella sul cortile interno con il basamento, nella parte su strada rivestito in pietra grigia.<\/p>\n<p>Il clinker del <strong>basamento<\/strong> della facciata esistente \u00e8 stato sostituito dal ceppo di gr\u00e8 idroscolpito abbinato a <strong>lastre di pietra d\u2019Istria bocciardata<\/strong>, usata a piene mani sul resto della superficie allo scopo di dare luce, nobilt\u00e0 di finitura e maggior durevolezza all\u2019intera facciata.<\/p>\n<p>\u201c<em>La facciata di Pola 4 \u00e8 molto rigorosa, molto milanese, con un ritmo di pieni e di vuoti decisamente incline alla simmetria alla regola. Abbiamo cercato di perseguire una sorta di tripartizione classica verticale oltre che orizzontale. Le porte finestre creano una permeabilit\u00e0 interno-esterno, in linea con le nuove aspettative dell\u2019abitare. \u00c8 stata totalmente ripensata l\u2019originaria facciata in piastrelline Anni Settanta. Inoltre, per conferire un carattere pi\u00f9 deciso e contemporaneo al fronte principale, dotato ex novo di balconi, le finestrature binate, senza modifiche di posizione e dimensioni, sono state sottolineate da un motivo architettonico in legno a formare lesene e rivestimento dei cassonetti delle tapparelle\u201d,<\/em> spiega <strong>Paolo Asti<\/strong>.<\/p>\n<p>Gli interni e le connessioni verticali sono stati poi riprogettati secondo i tagli delle nuove unit\u00e0 immobiliari e le parti comuni sono state rifunzionalizzate nell\u2019immagine come nella distribuzione degli spazi; il layout distributivo ha previsto <strong>dal 1\u00b0 al 5\u00b0 piano due trilocali e un bilocale<\/strong>, mentre <strong>l\u2019intero 6\u00b0 piano \u00e8 dedicato ad<\/strong> <strong>un unico appartamento<\/strong>.<\/p>\n<p>Anche nel prospetto interno, tutte le finestre fuorch\u00e9 quelle del primo piano sono state trasformate in <strong>portafinestre<\/strong>, il che consente di dare pi\u00f9 luminosit\u00e0 agli ambienti interni; infine, alle finestrature del vano scala \u00e8 stato applicato un <strong>brise soleil<\/strong> che richiama il sistema \u201ca T\u201d che \u00e8 il motivo estetico che regola le facciate nel loro complesso.<\/p>\n<p>Secondo <strong>Paolo Asti<\/strong> il progetto di Pola 4 si configura dunque come<em> \u201cun intervento di \u2018cosmesi urbana\u2019 che restituisce alla citt\u00e0 un edificio molto milanese\u201d.<\/em><\/p>\n<p>&nbsp;<\/p>\n\t\t<div style=\"clear:both\"><\/div>\n\t\t<div class=\"psgal_wrap\">\n\t\t\t<div id=\"psgal_78943_1\" data-psgal_id=\"78943_1\" data-psgal_container_id=\"container_78943_1\" data-psgal_thumbnail_width=\"164\" data-psgal_use_masonary=\"1\" class=\"psgal-inline psgal gallery-columns-3 gallery-size-thumbnail use_masonry_1 show_captions_\" itemscope itemtype=\"http:\/\/schema.org\/ImageGallery\">\n\t\t\t\t\t\t\t\t\t\t<figure class=\"msnry_items\" itemscope itemtype=\"http:\/\/schema.org\/ImageObject\" style=\"width:164px;\">\n\t\t\t\t\t\t\t<a href=\"https:\/\/www.matrix4design.com\/wp-content\/uploads\/2021\/06\/Pola4_01-1.jpg\" itemprop=\"contentUrl\" data-size=\"1600x1342\" data-caption=\"\" style=\"height:154px;\">\n\t\t\t\t\t\t\t\t<img decoding=\"async\" class=\"msnry_thumb\" src=\"https:\/\/www.matrix4design.com\/wp-content\/uploads\/2021\/06\/Pola4_01-1-540x540.jpg\" itemprop=\"thumbnail\" alt=\"\" \/>\n\t\t\t\t\t\t\t<\/a>\n\t\t\t\t\t\t\t\t\t\t\t\t\t\t<figcaption class=\"photoswipe-gallery-caption\" style=\"display:none;\"><\/figcaption>\n\n\t\t\t\t\t\t<\/figure>\n\t\t\t\t\t\t\t\t\t\t<figure class=\"msnry_items\" itemscope itemtype=\"http:\/\/schema.org\/ImageObject\" style=\"width:164px;\">\n\t\t\t\t\t\t\t<a href=\"https:\/\/www.matrix4design.com\/wp-content\/uploads\/2021\/06\/Pola4_02.jpg\" itemprop=\"contentUrl\" data-size=\"1600x1278\" data-caption=\"\" style=\"height:154px;\">\n\t\t\t\t\t\t\t\t<img decoding=\"async\" class=\"msnry_thumb\" src=\"https:\/\/www.matrix4design.com\/wp-content\/uploads\/2021\/06\/Pola4_02-540x540.jpg\" itemprop=\"thumbnail\" alt=\"\" \/>\n\t\t\t\t\t\t\t<\/a>\n\t\t\t\t\t\t\t\t\t\t\t\t\t\t<figcaption class=\"photoswipe-gallery-caption\" style=\"display:none;\"><\/figcaption>\n\n\t\t\t\t\t\t<\/figure>\n\t\t\t\t\t\t\t\t\t\t<figure class=\"msnry_items\" itemscope itemtype=\"http:\/\/schema.org\/ImageObject\" style=\"width:164px;\">\n\t\t\t\t\t\t\t<a href=\"https:\/\/www.matrix4design.com\/wp-content\/uploads\/2021\/06\/Pola4_03.jpg\" itemprop=\"contentUrl\" data-size=\"1600x1335\" data-caption=\"\" style=\"height:154px;\">\n\t\t\t\t\t\t\t\t<img decoding=\"async\" class=\"msnry_thumb\" src=\"https:\/\/www.matrix4design.com\/wp-content\/uploads\/2021\/06\/Pola4_03-540x540.jpg\" itemprop=\"thumbnail\" alt=\"\" \/>\n\t\t\t\t\t\t\t<\/a>\n\t\t\t\t\t\t\t\t\t\t\t\t\t\t<figcaption class=\"photoswipe-gallery-caption\" style=\"display:none;\"><\/figcaption>\n\n\t\t\t\t\t\t<\/figure>\n\t\t\t\t\t\t\t\t\t\t<figure class=\"msnry_items\" itemscope itemtype=\"http:\/\/schema.org\/ImageObject\" style=\"width:164px;\">\n\t\t\t\t\t\t\t<a href=\"https:\/\/www.matrix4design.com\/wp-content\/uploads\/2021\/06\/Pola4_04.jpg\" itemprop=\"contentUrl\" data-size=\"1600x1100\" data-caption=\"\" style=\"height:154px;\">\n\t\t\t\t\t\t\t\t<img decoding=\"async\" class=\"msnry_thumb\" src=\"https:\/\/www.matrix4design.com\/wp-content\/uploads\/2021\/06\/Pola4_04-540x540.jpg\" itemprop=\"thumbnail\" alt=\"\" \/>\n\t\t\t\t\t\t\t<\/a>\n\t\t\t\t\t\t\t\t\t\t\t\t\t\t<figcaption class=\"photoswipe-gallery-caption\" style=\"display:none;\"><\/figcaption>\n\n\t\t\t\t\t\t<\/figure>\n\t\t\t\t\t\t\t\t\t\t<figure class=\"msnry_items\" itemscope itemtype=\"http:\/\/schema.org\/ImageObject\" style=\"width:164px;\">\n\t\t\t\t\t\t\t<a href=\"https:\/\/www.matrix4design.com\/wp-content\/uploads\/2021\/06\/Pola4_05.jpg\" itemprop=\"contentUrl\" data-size=\"1600x1068\" data-caption=\"\" style=\"height:154px;\">\n\t\t\t\t\t\t\t\t<img decoding=\"async\" class=\"msnry_thumb\" src=\"https:\/\/www.matrix4design.com\/wp-content\/uploads\/2021\/06\/Pola4_05-540x540.jpg\" itemprop=\"thumbnail\" alt=\"\" \/>\n\t\t\t\t\t\t\t<\/a>\n\t\t\t\t\t\t\t\t\t\t\t\t\t\t<figcaption class=\"photoswipe-gallery-caption\" style=\"display:none;\"><\/figcaption>\n\n\t\t\t\t\t\t<\/figure>\n\t\t\t\t\t\t\t\t\t\t<figure class=\"msnry_items\" itemscope itemtype=\"http:\/\/schema.org\/ImageObject\" style=\"width:164px;\">\n\t\t\t\t\t\t\t<a href=\"https:\/\/www.matrix4design.com\/wp-content\/uploads\/2021\/06\/Pola4_06.jpg\" itemprop=\"contentUrl\" data-size=\"1600x1146\" data-caption=\"\" style=\"height:154px;\">\n\t\t\t\t\t\t\t\t<img decoding=\"async\" class=\"msnry_thumb\" src=\"https:\/\/www.matrix4design.com\/wp-content\/uploads\/2021\/06\/Pola4_06-540x540.jpg\" itemprop=\"thumbnail\" alt=\"\" \/>\n\t\t\t\t\t\t\t<\/a>\n\t\t\t\t\t\t\t\t\t\t\t\t\t\t<figcaption class=\"photoswipe-gallery-caption\" style=\"display:none;\"><\/figcaption>\n\n\t\t\t\t\t\t<\/figure>\n\t\t\t\t\t\t\t\t\t\t<figure class=\"msnry_items\" itemscope itemtype=\"http:\/\/schema.org\/ImageObject\" style=\"width:164px;\">\n\t\t\t\t\t\t\t<a href=\"https:\/\/www.matrix4design.com\/wp-content\/uploads\/2021\/06\/Pola4_07.jpg\" itemprop=\"contentUrl\" data-size=\"1600x1369\" data-caption=\"\" style=\"height:154px;\">\n\t\t\t\t\t\t\t\t<img decoding=\"async\" class=\"msnry_thumb\" src=\"https:\/\/www.matrix4design.com\/wp-content\/uploads\/2021\/06\/Pola4_07-540x540.jpg\" itemprop=\"thumbnail\" alt=\"\" \/>\n\t\t\t\t\t\t\t<\/a>\n\t\t\t\t\t\t\t\t\t\t\t\t\t\t<figcaption class=\"photoswipe-gallery-caption\" style=\"display:none;\"><\/figcaption>\n\n\t\t\t\t\t\t<\/figure>\n\t\t\t\t\t\t\t\t\t\t<figure class=\"msnry_items\" itemscope itemtype=\"http:\/\/schema.org\/ImageObject\" style=\"width:164px;\">\n\t\t\t\t\t\t\t<a href=\"https:\/\/www.matrix4design.com\/wp-content\/uploads\/2021\/06\/Pola4_08.jpg\" itemprop=\"contentUrl\" data-size=\"1600x1131\" data-caption=\"\" style=\"height:154px;\">\n\t\t\t\t\t\t\t\t<img decoding=\"async\" class=\"msnry_thumb\" src=\"https:\/\/www.matrix4design.com\/wp-content\/uploads\/2021\/06\/Pola4_08-540x540.jpg\" itemprop=\"thumbnail\" alt=\"\" \/>\n\t\t\t\t\t\t\t<\/a>\n\t\t\t\t\t\t\t\t\t\t\t\t\t\t<figcaption class=\"photoswipe-gallery-caption\" style=\"display:none;\"><\/figcaption>\n\n\t\t\t\t\t\t<\/figure>\n\t\t\t\t\t\t\t\t\t\t<figure class=\"msnry_items\" itemscope itemtype=\"http:\/\/schema.org\/ImageObject\" style=\"width:164px;\">\n\t\t\t\t\t\t\t<a href=\"https:\/\/www.matrix4design.com\/wp-content\/uploads\/2021\/06\/Pola4_09.jpg\" itemprop=\"contentUrl\" data-size=\"1600x1068\" data-caption=\"\" style=\"height:154px;\">\n\t\t\t\t\t\t\t\t<img decoding=\"async\" class=\"msnry_thumb\" src=\"https:\/\/www.matrix4design.com\/wp-content\/uploads\/2021\/06\/Pola4_09-540x540.jpg\" itemprop=\"thumbnail\" alt=\"\" \/>\n\t\t\t\t\t\t\t<\/a>\n\t\t\t\t\t\t\t\t\t\t\t\t\t\t<figcaption class=\"photoswipe-gallery-caption\" style=\"display:none;\"><\/figcaption>\n\n\t\t\t\t\t\t<\/figure>\n\t\t\t\t\t\t\t\t\t\t<figure class=\"msnry_items\" itemscope itemtype=\"http:\/\/schema.org\/ImageObject\" style=\"width:164px;\">\n\t\t\t\t\t\t\t<a href=\"https:\/\/www.matrix4design.com\/wp-content\/uploads\/2021\/06\/Pola4_10.jpg\" itemprop=\"contentUrl\" data-size=\"1600x1068\" data-caption=\"\" style=\"height:154px;\">\n\t\t\t\t\t\t\t\t<img decoding=\"async\" class=\"msnry_thumb\" src=\"https:\/\/www.matrix4design.com\/wp-content\/uploads\/2021\/06\/Pola4_10-540x540.jpg\" itemprop=\"thumbnail\" alt=\"\" \/>\n\t\t\t\t\t\t\t<\/a>\n\t\t\t\t\t\t\t\t\t\t\t\t\t\t<figcaption class=\"photoswipe-gallery-caption\" style=\"display:none;\"><\/figcaption>\n\n\t\t\t\t\t\t<\/figure>\n\t\t\t\t\t\t\t\t\t\t<figure class=\"msnry_items\" itemscope itemtype=\"http:\/\/schema.org\/ImageObject\" style=\"width:164px;\">\n\t\t\t\t\t\t\t<a href=\"https:\/\/www.matrix4design.com\/wp-content\/uploads\/2021\/06\/Pola4_11.jpg\" itemprop=\"contentUrl\" data-size=\"1600x1068\" data-caption=\"\" style=\"height:154px;\">\n\t\t\t\t\t\t\t\t<img decoding=\"async\" class=\"msnry_thumb\" src=\"https:\/\/www.matrix4design.com\/wp-content\/uploads\/2021\/06\/Pola4_11-540x540.jpg\" itemprop=\"thumbnail\" alt=\"\" \/>\n\t\t\t\t\t\t\t<\/a>\n\t\t\t\t\t\t\t\t\t\t\t\t\t\t<figcaption class=\"photoswipe-gallery-caption\" style=\"display:none;\"><\/figcaption>\n\n\t\t\t\t\t\t<\/figure>\n\t\t\t\t\t\t\t\t\t\t<figure class=\"msnry_items\" itemscope itemtype=\"http:\/\/schema.org\/ImageObject\" style=\"width:164px;\">\n\t\t\t\t\t\t\t<a href=\"https:\/\/www.matrix4design.com\/wp-content\/uploads\/2021\/06\/Pola4_12.jpg\" itemprop=\"contentUrl\" data-size=\"1600x1068\" data-caption=\"\" style=\"height:154px;\">\n\t\t\t\t\t\t\t\t<img decoding=\"async\" class=\"msnry_thumb\" src=\"https:\/\/www.matrix4design.com\/wp-content\/uploads\/2021\/06\/Pola4_12-540x540.jpg\" itemprop=\"thumbnail\" alt=\"\" \/>\n\t\t\t\t\t\t\t<\/a>\n\t\t\t\t\t\t\t\t\t\t\t\t\t\t<figcaption class=\"photoswipe-gallery-caption\" style=\"display:none;\"><\/figcaption>\n\n\t\t\t\t\t\t<\/figure>\n\t\t\t\t\t\t\t\t\t\t<figure class=\"msnry_items\" itemscope itemtype=\"http:\/\/schema.org\/ImageObject\" style=\"width:164px;\">\n\t\t\t\t\t\t\t<a href=\"https:\/\/www.matrix4design.com\/wp-content\/uploads\/2021\/06\/Pola4_13.jpg\" itemprop=\"contentUrl\" data-size=\"1600x1481\" data-caption=\"\" style=\"height:154px;\">\n\t\t\t\t\t\t\t\t<img decoding=\"async\" class=\"msnry_thumb\" src=\"https:\/\/www.matrix4design.com\/wp-content\/uploads\/2021\/06\/Pola4_13-540x540.jpg\" itemprop=\"thumbnail\" alt=\"\" \/>\n\t\t\t\t\t\t\t<\/a>\n\t\t\t\t\t\t\t\t\t\t\t\t\t\t<figcaption class=\"photoswipe-gallery-caption\" style=\"display:none;\"><\/figcaption>\n\n\t\t\t\t\t\t<\/figure>\n\t\t\t\t\t\t\t\t\t\t<figure class=\"msnry_items\" itemscope itemtype=\"http:\/\/schema.org\/ImageObject\" style=\"width:164px;\">\n\t\t\t\t\t\t\t<a href=\"https:\/\/www.matrix4design.com\/wp-content\/uploads\/2021\/06\/Pola4_14.jpg\" itemprop=\"contentUrl\" data-size=\"1600x1068\" data-caption=\"\" style=\"height:154px;\">\n\t\t\t\t\t\t\t\t<img decoding=\"async\" class=\"msnry_thumb\" src=\"https:\/\/www.matrix4design.com\/wp-content\/uploads\/2021\/06\/Pola4_14-540x540.jpg\" itemprop=\"thumbnail\" alt=\"\" \/>\n\t\t\t\t\t\t\t<\/a>\n\t\t\t\t\t\t\t\t\t\t\t\t\t\t<figcaption class=\"photoswipe-gallery-caption\" style=\"display:none;\"><\/figcaption>\n\n\t\t\t\t\t\t<\/figure>\n\t\t\t\t\t\t\t\t\t\t<figure class=\"msnry_items\" itemscope itemtype=\"http:\/\/schema.org\/ImageObject\" style=\"width:164px;\">\n\t\t\t\t\t\t\t<a href=\"https:\/\/www.matrix4design.com\/wp-content\/uploads\/2021\/06\/Pola4_15.jpg\" itemprop=\"contentUrl\" data-size=\"1600x1367\" data-caption=\"\" style=\"height:154px;\">\n\t\t\t\t\t\t\t\t<img decoding=\"async\" class=\"msnry_thumb\" src=\"https:\/\/www.matrix4design.com\/wp-content\/uploads\/2021\/06\/Pola4_15-540x540.jpg\" itemprop=\"thumbnail\" alt=\"\" \/>\n\t\t\t\t\t\t\t<\/a>\n\t\t\t\t\t\t\t\t\t\t\t\t\t\t<figcaption class=\"photoswipe-gallery-caption\" style=\"display:none;\"><\/figcaption>\n\n\t\t\t\t\t\t<\/figure>\n\t\t\t\t\t\t\t<\/div>\n\t\t<\/div>\n\t\t<div style='clear:both'><\/div>\n\n<p>&nbsp;<\/p>\n","protected":false},"excerpt":{"rendered":"<p>&nbsp; Il quartiere Isola \u00e8 uno di quelli che meglio rappresentano la trasformazione urbanistica vissuta da Milano in anni recenti, grazie anche al contributo di studi di architettura come Asti Architetti, dal 2004 impegnato nel restauro e rinnovamento di edifici storici, con progetti mirati sia alla ristrutturazione estetica sia a un miglioramento delle prestazioni energetiche. [&hellip;]<\/p>\n","protected":false},"author":6,"featured_media":78944,"comment_status":"closed","ping_status":"closed","sticky":false,"template":"","format":"standard","meta":{"_acf_changed":false,"footnotes":""},"categories":[367,417,368],"tags":[],"class_list":{"0":"post-78943","1":"post","2":"type-post","3":"status-publish","4":"format-standard","5":"has-post-thumbnail","7":"category-architettura","8":"category-architettura-home","9":"category-featured"},"acf":[],"yoast_head":"<!-- This site is optimized with the Yoast SEO plugin v27.0 - https:\/\/yoast.com\/product\/yoast-seo-wordpress\/ -->\n<title>Il nuovo progetto residenziale di Asti Architetti in via Pola 4 a Milano<\/title>\n<meta name=\"description\" content=\"Asti Architetti ha appena concluso l\u2019intervento di riqualificazione di un immobile residenziale a Milano in via Pola 4 nel quartiere Isola.\" \/>\n<meta name=\"robots\" content=\"index, follow, max-snippet:-1, max-image-preview:large, max-video-preview:-1\" \/>\n<link rel=\"canonical\" href=\"https:\/\/www.matrix4design.com\/it\/architettura\/il-nuovo-progetto-residenziale-di-asti-architetti-in-via-pola-4-a-milano\/\" \/>\n<meta property=\"og:locale\" content=\"it_IT\" \/>\n<meta property=\"og:type\" content=\"article\" \/>\n<meta property=\"og:title\" content=\"Il nuovo progetto residenziale di Asti Architetti in via Pola 4 a Milano\" \/>\n<meta property=\"og:description\" content=\"Asti Architetti ha appena concluso l\u2019intervento di riqualificazione di un immobile residenziale a Milano in via Pola 4 nel quartiere Isola.\" \/>\n<meta property=\"og:url\" content=\"https:\/\/www.matrix4design.com\/it\/architettura\/il-nuovo-progetto-residenziale-di-asti-architetti-in-via-pola-4-a-milano\/\" \/>\n<meta property=\"og:site_name\" content=\"Matrix4Design\" \/>\n<meta property=\"article:publisher\" content=\"https:\/\/www.facebook.com\/matrix4designmagazine\/\" \/>\n<meta property=\"article:published_time\" content=\"2021-06-21T08:00:46+00:00\" \/>\n<meta property=\"og:image\" content=\"https:\/\/www.matrix4design.com\/wp-content\/uploads\/2021\/06\/Pola4_01.jpg\" \/>\n\t<meta property=\"og:image:width\" content=\"1600\" \/>\n\t<meta property=\"og:image:height\" content=\"1342\" \/>\n\t<meta property=\"og:image:type\" content=\"image\/jpeg\" \/>\n<meta name=\"author\" content=\"Redazione\" \/>\n<meta name=\"twitter:card\" content=\"summary_large_image\" \/>\n<meta name=\"twitter:label1\" content=\"Scritto da\" \/>\n\t<meta name=\"twitter:data1\" content=\"Redazione\" \/>\n\t<meta name=\"twitter:label2\" content=\"Tempo di lettura stimato\" \/>\n\t<meta name=\"twitter:data2\" content=\"3 minuti\" \/>\n<script type=\"application\/ld+json\" class=\"yoast-schema-graph\">{\"@context\":\"https:\/\/schema.org\",\"@graph\":[{\"@type\":\"Article\",\"@id\":\"https:\/\/www.matrix4design.com\/it\/architettura\/il-nuovo-progetto-residenziale-di-asti-architetti-in-via-pola-4-a-milano\/#article\",\"isPartOf\":{\"@id\":\"https:\/\/www.matrix4design.com\/it\/architettura\/il-nuovo-progetto-residenziale-di-asti-architetti-in-via-pola-4-a-milano\/\"},\"author\":{\"name\":\"Redazione\",\"@id\":\"https:\/\/www.matrix4design.com\/it\/#\/schema\/person\/b2b6dd48f9d6892ca224742379951fa1\"},\"headline\":\"Il nuovo progetto residenziale di Asti Architetti in via Pola 4 a Milano\",\"datePublished\":\"2021-06-21T08:00:46+00:00\",\"mainEntityOfPage\":{\"@id\":\"https:\/\/www.matrix4design.com\/it\/architettura\/il-nuovo-progetto-residenziale-di-asti-architetti-in-via-pola-4-a-milano\/\"},\"wordCount\":480,\"publisher\":{\"@id\":\"https:\/\/www.matrix4design.com\/it\/#organization\"},\"image\":{\"@id\":\"https:\/\/www.matrix4design.com\/it\/architettura\/il-nuovo-progetto-residenziale-di-asti-architetti-in-via-pola-4-a-milano\/#primaryimage\"},\"thumbnailUrl\":\"https:\/\/www.matrix4design.com\/wp-content\/uploads\/2021\/06\/Pola4_01.jpg\",\"articleSection\":[\"Architettura\",\"Architettura home\",\"Featured\"],\"inLanguage\":\"it-IT\"},{\"@type\":\"WebPage\",\"@id\":\"https:\/\/www.matrix4design.com\/it\/architettura\/il-nuovo-progetto-residenziale-di-asti-architetti-in-via-pola-4-a-milano\/\",\"url\":\"https:\/\/www.matrix4design.com\/it\/architettura\/il-nuovo-progetto-residenziale-di-asti-architetti-in-via-pola-4-a-milano\/\",\"name\":\"Il nuovo progetto residenziale di Asti Architetti in via Pola 4 a Milano\",\"isPartOf\":{\"@id\":\"https:\/\/www.matrix4design.com\/it\/#website\"},\"primaryImageOfPage\":{\"@id\":\"https:\/\/www.matrix4design.com\/it\/architettura\/il-nuovo-progetto-residenziale-di-asti-architetti-in-via-pola-4-a-milano\/#primaryimage\"},\"image\":{\"@id\":\"https:\/\/www.matrix4design.com\/it\/architettura\/il-nuovo-progetto-residenziale-di-asti-architetti-in-via-pola-4-a-milano\/#primaryimage\"},\"thumbnailUrl\":\"https:\/\/www.matrix4design.com\/wp-content\/uploads\/2021\/06\/Pola4_01.jpg\",\"datePublished\":\"2021-06-21T08:00:46+00:00\",\"description\":\"Asti Architetti ha appena concluso l\u2019intervento di riqualificazione di un immobile residenziale a Milano in via Pola 4 nel quartiere Isola.\",\"breadcrumb\":{\"@id\":\"https:\/\/www.matrix4design.com\/it\/architettura\/il-nuovo-progetto-residenziale-di-asti-architetti-in-via-pola-4-a-milano\/#breadcrumb\"},\"inLanguage\":\"it-IT\",\"potentialAction\":[{\"@type\":\"ReadAction\",\"target\":[\"https:\/\/www.matrix4design.com\/it\/architettura\/il-nuovo-progetto-residenziale-di-asti-architetti-in-via-pola-4-a-milano\/\"]}]},{\"@type\":\"ImageObject\",\"inLanguage\":\"it-IT\",\"@id\":\"https:\/\/www.matrix4design.com\/it\/architettura\/il-nuovo-progetto-residenziale-di-asti-architetti-in-via-pola-4-a-milano\/#primaryimage\",\"url\":\"https:\/\/www.matrix4design.com\/wp-content\/uploads\/2021\/06\/Pola4_01.jpg\",\"contentUrl\":\"https:\/\/www.matrix4design.com\/wp-content\/uploads\/2021\/06\/Pola4_01.jpg\",\"width\":1600,\"height\":1342},{\"@type\":\"BreadcrumbList\",\"@id\":\"https:\/\/www.matrix4design.com\/it\/architettura\/il-nuovo-progetto-residenziale-di-asti-architetti-in-via-pola-4-a-milano\/#breadcrumb\",\"itemListElement\":[{\"@type\":\"ListItem\",\"position\":1,\"name\":\"Home\",\"item\":\"https:\/\/www.matrix4design.com\/it\/\"},{\"@type\":\"ListItem\",\"position\":2,\"name\":\"Il nuovo progetto residenziale di Asti Architetti in via Pola 4 a Milano\"}]},{\"@type\":\"WebSite\",\"@id\":\"https:\/\/www.matrix4design.com\/it\/#website\",\"url\":\"https:\/\/www.matrix4design.com\/it\/\",\"name\":\"Matrix4Design\",\"description\":\"Digital architecture and design b2b magazine\",\"publisher\":{\"@id\":\"https:\/\/www.matrix4design.com\/it\/#organization\"},\"potentialAction\":[{\"@type\":\"SearchAction\",\"target\":{\"@type\":\"EntryPoint\",\"urlTemplate\":\"https:\/\/www.matrix4design.com\/it\/?s={search_term_string}\"},\"query-input\":{\"@type\":\"PropertyValueSpecification\",\"valueRequired\":true,\"valueName\":\"search_term_string\"}}],\"inLanguage\":\"it-IT\"},{\"@type\":\"Organization\",\"@id\":\"https:\/\/www.matrix4design.com\/it\/#organization\",\"name\":\"Matrix4Design\",\"url\":\"https:\/\/www.matrix4design.com\/it\/\",\"logo\":{\"@type\":\"ImageObject\",\"inLanguage\":\"it-IT\",\"@id\":\"https:\/\/www.matrix4design.com\/it\/#\/schema\/logo\/image\/\",\"url\":\"https:\/\/www.matrix4design.com\/wp-content\/uploads\/2020\/04\/logo_matrix4design.png\",\"contentUrl\":\"https:\/\/www.matrix4design.com\/wp-content\/uploads\/2020\/04\/logo_matrix4design.png\",\"width\":804,\"height\":114,\"caption\":\"Matrix4Design\"},\"image\":{\"@id\":\"https:\/\/www.matrix4design.com\/it\/#\/schema\/logo\/image\/\"},\"sameAs\":[\"https:\/\/www.facebook.com\/matrix4designmagazine\/\",\"https:\/\/www.instagram.com\/matrix4designmagazine\/\",\"https:\/\/www.youtube.com\/channel\/UCtuhSSrP3MOO_URZgv8mQ1A\"]},{\"@type\":\"Person\",\"@id\":\"https:\/\/www.matrix4design.com\/it\/#\/schema\/person\/b2b6dd48f9d6892ca224742379951fa1\",\"name\":\"Redazione\",\"image\":{\"@type\":\"ImageObject\",\"inLanguage\":\"it-IT\",\"@id\":\"https:\/\/www.matrix4design.com\/it\/#\/schema\/person\/image\/\",\"url\":\"https:\/\/www.matrix4design.com\/wp-content\/uploads\/2023\/01\/logo_M4D_2023-96x96.jpg\",\"contentUrl\":\"https:\/\/www.matrix4design.com\/wp-content\/uploads\/2023\/01\/logo_M4D_2023-96x96.jpg\",\"caption\":\"Redazione\"},\"url\":\"https:\/\/www.matrix4design.com\/it\/author\/redazione\/\"}]}<\/script>\n<!-- \/ Yoast SEO plugin. -->","yoast_head_json":{"title":"Il nuovo progetto residenziale di Asti Architetti in via Pola 4 a Milano","description":"Asti Architetti ha appena concluso l\u2019intervento di riqualificazione di un immobile residenziale a Milano in via Pola 4 nel quartiere Isola.","robots":{"index":"index","follow":"follow","max-snippet":"max-snippet:-1","max-image-preview":"max-image-preview:large","max-video-preview":"max-video-preview:-1"},"canonical":"https:\/\/www.matrix4design.com\/it\/architettura\/il-nuovo-progetto-residenziale-di-asti-architetti-in-via-pola-4-a-milano\/","og_locale":"it_IT","og_type":"article","og_title":"Il nuovo progetto residenziale di Asti Architetti in via Pola 4 a Milano","og_description":"Asti Architetti ha appena concluso l\u2019intervento di riqualificazione di un immobile residenziale a Milano in via Pola 4 nel quartiere Isola.","og_url":"https:\/\/www.matrix4design.com\/it\/architettura\/il-nuovo-progetto-residenziale-di-asti-architetti-in-via-pola-4-a-milano\/","og_site_name":"Matrix4Design","article_publisher":"https:\/\/www.facebook.com\/matrix4designmagazine\/","article_published_time":"2021-06-21T08:00:46+00:00","og_image":[{"width":1600,"height":1342,"url":"https:\/\/www.matrix4design.com\/wp-content\/uploads\/2021\/06\/Pola4_01.jpg","type":"image\/jpeg"}],"author":"Redazione","twitter_card":"summary_large_image","twitter_misc":{"Scritto da":"Redazione","Tempo di lettura stimato":"3 minuti"},"schema":{"@context":"https:\/\/schema.org","@graph":[{"@type":"Article","@id":"https:\/\/www.matrix4design.com\/it\/architettura\/il-nuovo-progetto-residenziale-di-asti-architetti-in-via-pola-4-a-milano\/#article","isPartOf":{"@id":"https:\/\/www.matrix4design.com\/it\/architettura\/il-nuovo-progetto-residenziale-di-asti-architetti-in-via-pola-4-a-milano\/"},"author":{"name":"Redazione","@id":"https:\/\/www.matrix4design.com\/it\/#\/schema\/person\/b2b6dd48f9d6892ca224742379951fa1"},"headline":"Il nuovo progetto residenziale di Asti Architetti in via Pola 4 a Milano","datePublished":"2021-06-21T08:00:46+00:00","mainEntityOfPage":{"@id":"https:\/\/www.matrix4design.com\/it\/architettura\/il-nuovo-progetto-residenziale-di-asti-architetti-in-via-pola-4-a-milano\/"},"wordCount":480,"publisher":{"@id":"https:\/\/www.matrix4design.com\/it\/#organization"},"image":{"@id":"https:\/\/www.matrix4design.com\/it\/architettura\/il-nuovo-progetto-residenziale-di-asti-architetti-in-via-pola-4-a-milano\/#primaryimage"},"thumbnailUrl":"https:\/\/www.matrix4design.com\/wp-content\/uploads\/2021\/06\/Pola4_01.jpg","articleSection":["Architettura","Architettura home","Featured"],"inLanguage":"it-IT"},{"@type":"WebPage","@id":"https:\/\/www.matrix4design.com\/it\/architettura\/il-nuovo-progetto-residenziale-di-asti-architetti-in-via-pola-4-a-milano\/","url":"https:\/\/www.matrix4design.com\/it\/architettura\/il-nuovo-progetto-residenziale-di-asti-architetti-in-via-pola-4-a-milano\/","name":"Il nuovo progetto residenziale di Asti Architetti in via Pola 4 a Milano","isPartOf":{"@id":"https:\/\/www.matrix4design.com\/it\/#website"},"primaryImageOfPage":{"@id":"https:\/\/www.matrix4design.com\/it\/architettura\/il-nuovo-progetto-residenziale-di-asti-architetti-in-via-pola-4-a-milano\/#primaryimage"},"image":{"@id":"https:\/\/www.matrix4design.com\/it\/architettura\/il-nuovo-progetto-residenziale-di-asti-architetti-in-via-pola-4-a-milano\/#primaryimage"},"thumbnailUrl":"https:\/\/www.matrix4design.com\/wp-content\/uploads\/2021\/06\/Pola4_01.jpg","datePublished":"2021-06-21T08:00:46+00:00","description":"Asti Architetti ha appena concluso l\u2019intervento di riqualificazione di un immobile residenziale a Milano in via Pola 4 nel quartiere Isola.","breadcrumb":{"@id":"https:\/\/www.matrix4design.com\/it\/architettura\/il-nuovo-progetto-residenziale-di-asti-architetti-in-via-pola-4-a-milano\/#breadcrumb"},"inLanguage":"it-IT","potentialAction":[{"@type":"ReadAction","target":["https:\/\/www.matrix4design.com\/it\/architettura\/il-nuovo-progetto-residenziale-di-asti-architetti-in-via-pola-4-a-milano\/"]}]},{"@type":"ImageObject","inLanguage":"it-IT","@id":"https:\/\/www.matrix4design.com\/it\/architettura\/il-nuovo-progetto-residenziale-di-asti-architetti-in-via-pola-4-a-milano\/#primaryimage","url":"https:\/\/www.matrix4design.com\/wp-content\/uploads\/2021\/06\/Pola4_01.jpg","contentUrl":"https:\/\/www.matrix4design.com\/wp-content\/uploads\/2021\/06\/Pola4_01.jpg","width":1600,"height":1342},{"@type":"BreadcrumbList","@id":"https:\/\/www.matrix4design.com\/it\/architettura\/il-nuovo-progetto-residenziale-di-asti-architetti-in-via-pola-4-a-milano\/#breadcrumb","itemListElement":[{"@type":"ListItem","position":1,"name":"Home","item":"https:\/\/www.matrix4design.com\/it\/"},{"@type":"ListItem","position":2,"name":"Il nuovo progetto residenziale di Asti Architetti in via Pola 4 a Milano"}]},{"@type":"WebSite","@id":"https:\/\/www.matrix4design.com\/it\/#website","url":"https:\/\/www.matrix4design.com\/it\/","name":"Matrix4Design","description":"Digital architecture and design b2b magazine","publisher":{"@id":"https:\/\/www.matrix4design.com\/it\/#organization"},"potentialAction":[{"@type":"SearchAction","target":{"@type":"EntryPoint","urlTemplate":"https:\/\/www.matrix4design.com\/it\/?s={search_term_string}"},"query-input":{"@type":"PropertyValueSpecification","valueRequired":true,"valueName":"search_term_string"}}],"inLanguage":"it-IT"},{"@type":"Organization","@id":"https:\/\/www.matrix4design.com\/it\/#organization","name":"Matrix4Design","url":"https:\/\/www.matrix4design.com\/it\/","logo":{"@type":"ImageObject","inLanguage":"it-IT","@id":"https:\/\/www.matrix4design.com\/it\/#\/schema\/logo\/image\/","url":"https:\/\/www.matrix4design.com\/wp-content\/uploads\/2020\/04\/logo_matrix4design.png","contentUrl":"https:\/\/www.matrix4design.com\/wp-content\/uploads\/2020\/04\/logo_matrix4design.png","width":804,"height":114,"caption":"Matrix4Design"},"image":{"@id":"https:\/\/www.matrix4design.com\/it\/#\/schema\/logo\/image\/"},"sameAs":["https:\/\/www.facebook.com\/matrix4designmagazine\/","https:\/\/www.instagram.com\/matrix4designmagazine\/","https:\/\/www.youtube.com\/channel\/UCtuhSSrP3MOO_URZgv8mQ1A"]},{"@type":"Person","@id":"https:\/\/www.matrix4design.com\/it\/#\/schema\/person\/b2b6dd48f9d6892ca224742379951fa1","name":"Redazione","image":{"@type":"ImageObject","inLanguage":"it-IT","@id":"https:\/\/www.matrix4design.com\/it\/#\/schema\/person\/image\/","url":"https:\/\/www.matrix4design.com\/wp-content\/uploads\/2023\/01\/logo_M4D_2023-96x96.jpg","contentUrl":"https:\/\/www.matrix4design.com\/wp-content\/uploads\/2023\/01\/logo_M4D_2023-96x96.jpg","caption":"Redazione"},"url":"https:\/\/www.matrix4design.com\/it\/author\/redazione\/"}]}},"_links":{"self":[{"href":"https:\/\/www.matrix4design.com\/it\/wp-json\/wp\/v2\/posts\/78943","targetHints":{"allow":["GET"]}}],"collection":[{"href":"https:\/\/www.matrix4design.com\/it\/wp-json\/wp\/v2\/posts"}],"about":[{"href":"https:\/\/www.matrix4design.com\/it\/wp-json\/wp\/v2\/types\/post"}],"author":[{"embeddable":true,"href":"https:\/\/www.matrix4design.com\/it\/wp-json\/wp\/v2\/users\/6"}],"replies":[{"embeddable":true,"href":"https:\/\/www.matrix4design.com\/it\/wp-json\/wp\/v2\/comments?post=78943"}],"version-history":[{"count":1,"href":"https:\/\/www.matrix4design.com\/it\/wp-json\/wp\/v2\/posts\/78943\/revisions"}],"predecessor-version":[{"id":78960,"href":"https:\/\/www.matrix4design.com\/it\/wp-json\/wp\/v2\/posts\/78943\/revisions\/78960"}],"wp:featuredmedia":[{"embeddable":true,"href":"https:\/\/www.matrix4design.com\/it\/wp-json\/wp\/v2\/media\/78944"}],"wp:attachment":[{"href":"https:\/\/www.matrix4design.com\/it\/wp-json\/wp\/v2\/media?parent=78943"}],"wp:term":[{"taxonomy":"category","embeddable":true,"href":"https:\/\/www.matrix4design.com\/it\/wp-json\/wp\/v2\/categories?post=78943"},{"taxonomy":"post_tag","embeddable":true,"href":"https:\/\/www.matrix4design.com\/it\/wp-json\/wp\/v2\/tags?post=78943"}],"curies":[{"name":"wp","href":"https:\/\/api.w.org\/{rel}","templated":true}]}}