{"id":80501,"date":"2022-06-22T12:00:24","date_gmt":"2022-06-22T10:00:24","guid":{"rendered":"https:\/\/www.matrix4design.com\/?p=80501"},"modified":"2023-02-03T12:04:56","modified_gmt":"2023-02-03T11:04:56","slug":"un-architetto-italiano-a-milano-la-citta-delle-donne-matrix4design-incontra-piuarch-al-fuorisalone","status":"publish","type":"post","link":"https:\/\/www.matrix4design.com\/it\/architettura\/un-architetto-italiano-a-milano-la-citta-delle-donne-matrix4design-incontra-piuarch-al-fuorisalone\/","title":{"rendered":"Un architetto italiano a\u2026\/ Speciale Milano: Matrix4Design incontra Piuarch"},"content":{"rendered":"<p>\u201c<em>Una bella citt\u00e0 \u00e8 sicuramente una citt\u00e0 che ha degli edifici belli ma \u00e8 soprattutto una citt\u00e0 che ha degli spazi belli tra un edificio e l\u2019altro.\u201d<\/em><\/p>\n<p>Con queste parole <strong>Monica Tricario<\/strong> riassume in breve l\u2019essenza della visione progettuale e dell\u2019opera architettonica su cui lo studio di architettura<a href=\"https:\/\/piuarch.it\/it\/\" target=\"_blank\" rel=\"noopener\"><strong> Piuarch<\/strong><\/a> lavora dal 1996, quando venne fondato a Milano da Tricario insieme ai colleghi Francesco Fresa, Germ\u00e1n Fuenmayor e Gino Garbellini.<\/p>\n<figure id=\"attachment_80507\" aria-describedby=\"caption-attachment-80507\" style=\"width: 1588px\" class=\"wp-caption aligncenter\"><img loading=\"lazy\" decoding=\"async\" class=\"size-full wp-image-80507\" src=\"https:\/\/www.matrix4design.com\/wp-content\/uploads\/2021\/08\/Piuarch_Human-Technopole.jpg\" alt=\"\" width=\"1588\" height=\"1500\" srcset=\"https:\/\/www.matrix4design.com\/wp-content\/uploads\/2021\/08\/Piuarch_Human-Technopole.jpg 1588w, https:\/\/www.matrix4design.com\/wp-content\/uploads\/2021\/08\/Piuarch_Human-Technopole-300x283.jpg 300w, https:\/\/www.matrix4design.com\/wp-content\/uploads\/2021\/08\/Piuarch_Human-Technopole-1024x967.jpg 1024w, https:\/\/www.matrix4design.com\/wp-content\/uploads\/2021\/08\/Piuarch_Human-Technopole-768x725.jpg 768w, https:\/\/www.matrix4design.com\/wp-content\/uploads\/2021\/08\/Piuarch_Human-Technopole-1536x1451.jpg 1536w\" sizes=\"auto, (max-width: 1588px) 100vw, 1588px\" \/><figcaption id=\"caption-attachment-80507\" class=\"wp-caption-text\">Piuarch &#8211; Human Technopole<\/figcaption><\/figure>\n<p>Un percorso d\u2019impatto internazionale e allo stesso tempo profondamente italiano quello di <strong>Piuarch<\/strong>, studio che ha saputo cambiare il modo di concepire e progettare gli uffici, gli spazi retail, gli edifici residenziali, proponendo <strong>una visione rigenerativa, sociale e sostenibile dell\u2019architettura applicata alla citt\u00e0 e al contesto<\/strong>.<\/p>\n<figure id=\"attachment_88443\" aria-describedby=\"caption-attachment-88443\" style=\"width: 1600px\" class=\"wp-caption aligncenter\"><img loading=\"lazy\" decoding=\"async\" class=\"size-full wp-image-88443\" src=\"https:\/\/www.matrix4design.com\/wp-content\/uploads\/2022\/06\/446_Mattina-piazza-copy.jpg\" alt=\"\" width=\"1600\" height=\"1280\" srcset=\"https:\/\/www.matrix4design.com\/wp-content\/uploads\/2022\/06\/446_Mattina-piazza-copy.jpg 1600w, https:\/\/www.matrix4design.com\/wp-content\/uploads\/2022\/06\/446_Mattina-piazza-copy-300x240.jpg 300w, https:\/\/www.matrix4design.com\/wp-content\/uploads\/2022\/06\/446_Mattina-piazza-copy-1024x819.jpg 1024w, https:\/\/www.matrix4design.com\/wp-content\/uploads\/2022\/06\/446_Mattina-piazza-copy-768x614.jpg 768w, https:\/\/www.matrix4design.com\/wp-content\/uploads\/2022\/06\/446_Mattina-piazza-copy-1536x1229.jpg 1536w\" sizes=\"auto, (max-width: 1600px) 100vw, 1600px\" \/><figcaption id=\"caption-attachment-88443\" class=\"wp-caption-text\">Piuarch &#8211; Uffici Zenith<\/figcaption><\/figure>\n<p>Partendo dal quartier generale radicato nel cuore dello storico quartiere Brera di Milano (e dotato di un suggestivo <strong>orto urbano<\/strong> sul tetto, tra i primi a comparire in citt\u00e0) lo studio <strong>Piuarch<\/strong>, in cui lavorano una quarantina di professionisti, si \u00e8 distinto in Italia e all\u2019estero per la capacit\u00e0 di dare vita a progetti unici, capaci di migliorare davvero le condizioni del vivere insieme.<\/p>\n<figure id=\"attachment_80506\" aria-describedby=\"caption-attachment-80506\" style=\"width: 1024px\" class=\"wp-caption aligncenter\"><img loading=\"lazy\" decoding=\"async\" class=\"size-large wp-image-80506\" src=\"https:\/\/www.matrix4design.com\/wp-content\/uploads\/2021\/08\/PIuarch_Fendi-Factory-1024x740.jpg\" alt=\"\" width=\"1024\" height=\"740\" srcset=\"https:\/\/www.matrix4design.com\/wp-content\/uploads\/2021\/08\/PIuarch_Fendi-Factory-1024x740.jpg 1024w, https:\/\/www.matrix4design.com\/wp-content\/uploads\/2021\/08\/PIuarch_Fendi-Factory-300x217.jpg 300w, https:\/\/www.matrix4design.com\/wp-content\/uploads\/2021\/08\/PIuarch_Fendi-Factory-768x555.jpg 768w, https:\/\/www.matrix4design.com\/wp-content\/uploads\/2021\/08\/PIuarch_Fendi-Factory-1536x1110.jpg 1536w, https:\/\/www.matrix4design.com\/wp-content\/uploads\/2021\/08\/PIuarch_Fendi-Factory.jpg 1600w\" sizes=\"auto, (max-width: 1024px) 100vw, 1024px\" \/><figcaption id=\"caption-attachment-80506\" class=\"wp-caption-text\">Piuarch &#8211; Fendi Factory<\/figcaption><\/figure>\n<p>Tra quelli attualmente in corso di realizzazione ci sono ad esempio il grande progetto per <strong>l\u2019Headquarters e Campus della Fondazione Human Technopole<\/strong> e <strong>l\u2019edificio per uffici Zenith<\/strong> entrambi nell\u2019area MIND \u2013 Milano Innovation District; la<strong> Fendi Factory<\/strong>\u00a0 di Bagno a Ripoli (Firenze) e i nuovi <strong>Headquarters Snam<\/strong> a Milano. Sempre a Milano lo studio ha firmato la residenza per studenti <strong>Collegio di Milano<\/strong>, realizzato nel 2020 in dialogo con l\u2019edificio di Marco Zanuso.<\/p>\n<figure id=\"attachment_80508\" aria-describedby=\"caption-attachment-80508\" style=\"width: 1024px\" class=\"wp-caption aligncenter\"><img loading=\"lazy\" decoding=\"async\" class=\"size-large wp-image-80508\" src=\"https:\/\/www.matrix4design.com\/wp-content\/uploads\/2021\/08\/Piuarch_Snam-Headquarters2-1024x1024.jpg\" alt=\"\" width=\"1024\" height=\"1024\" srcset=\"https:\/\/www.matrix4design.com\/wp-content\/uploads\/2021\/08\/Piuarch_Snam-Headquarters2-1024x1024.jpg 1024w, https:\/\/www.matrix4design.com\/wp-content\/uploads\/2021\/08\/Piuarch_Snam-Headquarters2-300x300.jpg 300w, https:\/\/www.matrix4design.com\/wp-content\/uploads\/2021\/08\/Piuarch_Snam-Headquarters2-150x150.jpg 150w, https:\/\/www.matrix4design.com\/wp-content\/uploads\/2021\/08\/Piuarch_Snam-Headquarters2-768x768.jpg 768w, https:\/\/www.matrix4design.com\/wp-content\/uploads\/2021\/08\/Piuarch_Snam-Headquarters2-540x540.jpg 540w, https:\/\/www.matrix4design.com\/wp-content\/uploads\/2021\/08\/Piuarch_Snam-Headquarters2-1536x1536.jpg 1536w, https:\/\/www.matrix4design.com\/wp-content\/uploads\/2021\/08\/Piuarch_Snam-Headquarters2.jpg 1600w\" sizes=\"auto, (max-width: 1024px) 100vw, 1024px\" \/><figcaption id=\"caption-attachment-80508\" class=\"wp-caption-text\">Piuarch &#8211; Snam Headquarters<\/figcaption><\/figure>\n<p>Ma citarli tutti sarebbe impossibile, perch\u00e9 il lavoro portato avanti negli anni da <strong>Piuarch <\/strong>\u00e8 vasto e complesso, diversificato eppure sempre coerente rispetto ai valori di <strong>rinascita civile e urbana<\/strong> che ne ispirano l\u2019attivit\u00e0.<\/p>\n<figure id=\"attachment_88444\" aria-describedby=\"caption-attachment-88444\" style=\"width: 1024px\" class=\"wp-caption aligncenter\"><img loading=\"lazy\" decoding=\"async\" class=\"size-full wp-image-88444\" src=\"https:\/\/www.matrix4design.com\/wp-content\/uploads\/2022\/06\/Piuarch_Collegio-di-Milano_residenze-per-studenti_foto-MarcelloMariana-1024x768-1.jpg\" alt=\"\" width=\"1024\" height=\"768\" srcset=\"https:\/\/www.matrix4design.com\/wp-content\/uploads\/2022\/06\/Piuarch_Collegio-di-Milano_residenze-per-studenti_foto-MarcelloMariana-1024x768-1.jpg 1024w, https:\/\/www.matrix4design.com\/wp-content\/uploads\/2022\/06\/Piuarch_Collegio-di-Milano_residenze-per-studenti_foto-MarcelloMariana-1024x768-1-300x225.jpg 300w, https:\/\/www.matrix4design.com\/wp-content\/uploads\/2022\/06\/Piuarch_Collegio-di-Milano_residenze-per-studenti_foto-MarcelloMariana-1024x768-1-768x576.jpg 768w\" sizes=\"auto, (max-width: 1024px) 100vw, 1024px\" \/><figcaption id=\"caption-attachment-88444\" class=\"wp-caption-text\">Piuarch &#8211; Collegio di Milano \u00a9 Marcello Mariana<\/figcaption><\/figure>\n<p>Tutto questo e molto altro ci \u00e8 stato raccontato da <strong>Monica Tricario<\/strong>, co-founder dello studio, durante una visita esclusiva nel quartier generale milanese di <strong>Piuarch<\/strong> insieme alla giornalista Laura Ragazzola: l&#8217;occasione ci ha consentito di scoprire non soltanto gli spazi concreti del lavoro degli architetti ma anche come essi siano uno specchio autentico della visione progettuale dello studio.<\/p>\n<p><a href=\"https:\/\/www.youtube.com\/watch?v=2ydVmf68Tb0\"><img loading=\"lazy\" decoding=\"async\" class=\"aligncenter wp-image-88477 size-full\" src=\"https:\/\/www.matrix4design.com\/wp-content\/uploads\/2022\/06\/locandina-milano-piuarch-1.jpg\" alt=\"\" width=\"1600\" height=\"1600\" srcset=\"https:\/\/www.matrix4design.com\/wp-content\/uploads\/2022\/06\/locandina-milano-piuarch-1.jpg 1600w, https:\/\/www.matrix4design.com\/wp-content\/uploads\/2022\/06\/locandina-milano-piuarch-1-300x300.jpg 300w, https:\/\/www.matrix4design.com\/wp-content\/uploads\/2022\/06\/locandina-milano-piuarch-1-1024x1024.jpg 1024w, https:\/\/www.matrix4design.com\/wp-content\/uploads\/2022\/06\/locandina-milano-piuarch-1-150x150.jpg 150w, https:\/\/www.matrix4design.com\/wp-content\/uploads\/2022\/06\/locandina-milano-piuarch-1-768x768.jpg 768w, https:\/\/www.matrix4design.com\/wp-content\/uploads\/2022\/06\/locandina-milano-piuarch-1-1536x1536.jpg 1536w, https:\/\/www.matrix4design.com\/wp-content\/uploads\/2022\/06\/locandina-milano-piuarch-1-328x328.jpg 328w\" sizes=\"auto, (max-width: 1600px) 100vw, 1600px\" \/><\/a><\/p>\n<p>Il video del nostro tour, pensato come <strong>una puntata speciale della nostra rassegna<\/strong> <strong><em>Un architetto italiano a&#8230;<\/em><\/strong> tutta dedicata alla Milano del design, andr\u00e0 in onda <strong>gioved\u00ec 30 giugno<\/strong> alle <strong>ore 18.00<\/strong>. Potrete seguirlo collegandovi a <a href=\"https:\/\/www.youtube.com\/watch?v=2ydVmf68Tb0\" target=\"_blank\" rel=\"noopener\"><strong>questo link<\/strong><\/a>. Non mancate!<\/p>\n","protected":false},"excerpt":{"rendered":"<p>\u201cUna bella citt\u00e0 \u00e8 sicuramente una citt\u00e0 che ha degli edifici belli ma \u00e8 soprattutto una citt\u00e0 che ha degli spazi belli tra un edificio e l\u2019altro.\u201d Con queste parole Monica Tricario riassume in breve l\u2019essenza della visione progettuale e dell\u2019opera architettonica su cui lo studio di architettura Piuarch lavora dal 1996, quando venne fondato [&hellip;]<\/p>\n","protected":false},"author":31,"featured_media":92169,"comment_status":"closed","ping_status":"closed","sticky":false,"template":"","format":"video","meta":{"_acf_changed":false,"footnotes":""},"categories":[367,417,502,368,379,534],"tags":[498,470],"class_list":{"0":"post-80501","1":"post","2":"type-post","3":"status-publish","4":"format-video","5":"has-post-thumbnail","7":"category-architettura","8":"category-architettura-home","9":"category-architour","10":"category-featured","11":"category-focus-home","12":"category-video","13":"tag-fuorisalone-2021","14":"tag-un-architetto-italiano-a","15":"post_format-post-format-video"},"acf":[],"yoast_head":"<!-- This site is optimized with the Yoast SEO plugin v27.0 - https:\/\/yoast.com\/product\/yoast-seo-wordpress\/ -->\n<title>Un architetto italiano a\u2026\/ Speciale Milano: Matrix4Design incontra Piuarch<\/title>\n<meta name=\"description\" content=\"Gioved\u00ec 30 giugno alle 18.00 dedichiamo a Milano una puntata speciale di Un architetto italiano a... e visitiamo in esclusiva gli spazi dello studio di architettura milanese Piuarch. Non perdetevi il nostro tour.\" \/>\n<meta name=\"robots\" content=\"index, follow, max-snippet:-1, max-image-preview:large, max-video-preview:-1\" \/>\n<link rel=\"canonical\" href=\"https:\/\/www.matrix4design.com\/it\/architettura\/un-architetto-italiano-a-milano-la-citta-delle-donne-matrix4design-incontra-piuarch-al-fuorisalone\/\" \/>\n<meta property=\"og:locale\" content=\"it_IT\" \/>\n<meta property=\"og:type\" content=\"article\" \/>\n<meta property=\"og:title\" content=\"Un architetto italiano a\u2026\/ Speciale Milano: Matrix4Design incontra Piuarch\" \/>\n<meta property=\"og:description\" content=\"Gioved\u00ec 30 giugno alle 18.00 dedichiamo a Milano una puntata speciale di Un architetto italiano a... e visitiamo in esclusiva gli spazi dello studio di architettura milanese Piuarch. Non perdetevi il nostro tour.\" \/>\n<meta property=\"og:url\" content=\"https:\/\/www.matrix4design.com\/it\/architettura\/un-architetto-italiano-a-milano-la-citta-delle-donne-matrix4design-incontra-piuarch-al-fuorisalone\/\" \/>\n<meta property=\"og:site_name\" content=\"Matrix4Design\" \/>\n<meta property=\"article:publisher\" content=\"https:\/\/www.facebook.com\/matrix4designmagazine\/\" \/>\n<meta property=\"article:published_time\" content=\"2022-06-22T10:00:24+00:00\" \/>\n<meta property=\"article:modified_time\" content=\"2023-02-03T11:04:56+00:00\" \/>\n<meta property=\"og:image\" content=\"https:\/\/www.matrix4design.com\/wp-content\/uploads\/2022\/06\/maxresdefault-1.jpg\" \/>\n\t<meta property=\"og:image:width\" content=\"1280\" \/>\n\t<meta property=\"og:image:height\" content=\"720\" \/>\n\t<meta property=\"og:image:type\" content=\"image\/jpeg\" \/>\n<meta name=\"author\" content=\"Giulia Guerra\" \/>\n<meta name=\"twitter:card\" content=\"summary_large_image\" \/>\n<meta name=\"twitter:label1\" content=\"Scritto da\" \/>\n\t<meta name=\"twitter:data1\" content=\"Giulia Guerra\" \/>\n\t<meta name=\"twitter:label2\" content=\"Tempo di lettura stimato\" \/>\n\t<meta name=\"twitter:data2\" content=\"4 minuti\" \/>\n<script type=\"application\/ld+json\" class=\"yoast-schema-graph\">{\"@context\":\"https:\/\/schema.org\",\"@graph\":[{\"@type\":\"Article\",\"@id\":\"https:\/\/www.matrix4design.com\/it\/architettura\/un-architetto-italiano-a-milano-la-citta-delle-donne-matrix4design-incontra-piuarch-al-fuorisalone\/#article\",\"isPartOf\":{\"@id\":\"https:\/\/www.matrix4design.com\/it\/architettura\/un-architetto-italiano-a-milano-la-citta-delle-donne-matrix4design-incontra-piuarch-al-fuorisalone\/\"},\"author\":{\"name\":\"Giulia Guerra\",\"@id\":\"https:\/\/www.matrix4design.com\/it\/#\/schema\/person\/9904de51b5d381af5b1b998563d3adfe\"},\"headline\":\"Un architetto italiano a\u2026\/ Speciale Milano: Matrix4Design incontra Piuarch\",\"datePublished\":\"2022-06-22T10:00:24+00:00\",\"dateModified\":\"2023-02-03T11:04:56+00:00\",\"mainEntityOfPage\":{\"@id\":\"https:\/\/www.matrix4design.com\/it\/architettura\/un-architetto-italiano-a-milano-la-citta-delle-donne-matrix4design-incontra-piuarch-al-fuorisalone\/\"},\"wordCount\":455,\"publisher\":{\"@id\":\"https:\/\/www.matrix4design.com\/it\/#organization\"},\"image\":{\"@id\":\"https:\/\/www.matrix4design.com\/it\/architettura\/un-architetto-italiano-a-milano-la-citta-delle-donne-matrix4design-incontra-piuarch-al-fuorisalone\/#primaryimage\"},\"thumbnailUrl\":\"https:\/\/www.matrix4design.com\/wp-content\/uploads\/2022\/06\/maxresdefault-1.jpg\",\"keywords\":[\"Fuorisalone 2021\",\"un architetto italiano a\"],\"articleSection\":[\"Architettura\",\"Architettura home\",\"Architour\",\"Featured\",\"Focus home\",\"Video\"],\"inLanguage\":\"it-IT\"},{\"@type\":\"WebPage\",\"@id\":\"https:\/\/www.matrix4design.com\/it\/architettura\/un-architetto-italiano-a-milano-la-citta-delle-donne-matrix4design-incontra-piuarch-al-fuorisalone\/\",\"url\":\"https:\/\/www.matrix4design.com\/it\/architettura\/un-architetto-italiano-a-milano-la-citta-delle-donne-matrix4design-incontra-piuarch-al-fuorisalone\/\",\"name\":\"Un architetto italiano a\u2026\/ Speciale Milano: Matrix4Design incontra Piuarch\",\"isPartOf\":{\"@id\":\"https:\/\/www.matrix4design.com\/it\/#website\"},\"primaryImageOfPage\":{\"@id\":\"https:\/\/www.matrix4design.com\/it\/architettura\/un-architetto-italiano-a-milano-la-citta-delle-donne-matrix4design-incontra-piuarch-al-fuorisalone\/#primaryimage\"},\"image\":{\"@id\":\"https:\/\/www.matrix4design.com\/it\/architettura\/un-architetto-italiano-a-milano-la-citta-delle-donne-matrix4design-incontra-piuarch-al-fuorisalone\/#primaryimage\"},\"thumbnailUrl\":\"https:\/\/www.matrix4design.com\/wp-content\/uploads\/2022\/06\/maxresdefault-1.jpg\",\"datePublished\":\"2022-06-22T10:00:24+00:00\",\"dateModified\":\"2023-02-03T11:04:56+00:00\",\"description\":\"Gioved\u00ec 30 giugno alle 18.00 dedichiamo a Milano una puntata speciale di Un architetto italiano a... e visitiamo in esclusiva gli spazi dello studio di architettura milanese Piuarch. Non perdetevi il nostro tour.\",\"breadcrumb\":{\"@id\":\"https:\/\/www.matrix4design.com\/it\/architettura\/un-architetto-italiano-a-milano-la-citta-delle-donne-matrix4design-incontra-piuarch-al-fuorisalone\/#breadcrumb\"},\"inLanguage\":\"it-IT\",\"potentialAction\":[{\"@type\":\"ReadAction\",\"target\":[\"https:\/\/www.matrix4design.com\/it\/architettura\/un-architetto-italiano-a-milano-la-citta-delle-donne-matrix4design-incontra-piuarch-al-fuorisalone\/\"]}]},{\"@type\":\"ImageObject\",\"inLanguage\":\"it-IT\",\"@id\":\"https:\/\/www.matrix4design.com\/it\/architettura\/un-architetto-italiano-a-milano-la-citta-delle-donne-matrix4design-incontra-piuarch-al-fuorisalone\/#primaryimage\",\"url\":\"https:\/\/www.matrix4design.com\/wp-content\/uploads\/2022\/06\/maxresdefault-1.jpg\",\"contentUrl\":\"https:\/\/www.matrix4design.com\/wp-content\/uploads\/2022\/06\/maxresdefault-1.jpg\",\"width\":1280,\"height\":720},{\"@type\":\"BreadcrumbList\",\"@id\":\"https:\/\/www.matrix4design.com\/it\/architettura\/un-architetto-italiano-a-milano-la-citta-delle-donne-matrix4design-incontra-piuarch-al-fuorisalone\/#breadcrumb\",\"itemListElement\":[{\"@type\":\"ListItem\",\"position\":1,\"name\":\"Home\",\"item\":\"https:\/\/www.matrix4design.com\/it\/\"},{\"@type\":\"ListItem\",\"position\":2,\"name\":\"Un architetto italiano a\u2026\/ Speciale Milano: Matrix4Design incontra Piuarch\"}]},{\"@type\":\"WebSite\",\"@id\":\"https:\/\/www.matrix4design.com\/it\/#website\",\"url\":\"https:\/\/www.matrix4design.com\/it\/\",\"name\":\"Matrix4Design\",\"description\":\"Digital architecture and design b2b magazine\",\"publisher\":{\"@id\":\"https:\/\/www.matrix4design.com\/it\/#organization\"},\"potentialAction\":[{\"@type\":\"SearchAction\",\"target\":{\"@type\":\"EntryPoint\",\"urlTemplate\":\"https:\/\/www.matrix4design.com\/it\/?s={search_term_string}\"},\"query-input\":{\"@type\":\"PropertyValueSpecification\",\"valueRequired\":true,\"valueName\":\"search_term_string\"}}],\"inLanguage\":\"it-IT\"},{\"@type\":\"Organization\",\"@id\":\"https:\/\/www.matrix4design.com\/it\/#organization\",\"name\":\"Matrix4Design\",\"url\":\"https:\/\/www.matrix4design.com\/it\/\",\"logo\":{\"@type\":\"ImageObject\",\"inLanguage\":\"it-IT\",\"@id\":\"https:\/\/www.matrix4design.com\/it\/#\/schema\/logo\/image\/\",\"url\":\"https:\/\/www.matrix4design.com\/wp-content\/uploads\/2020\/04\/logo_matrix4design.png\",\"contentUrl\":\"https:\/\/www.matrix4design.com\/wp-content\/uploads\/2020\/04\/logo_matrix4design.png\",\"width\":804,\"height\":114,\"caption\":\"Matrix4Design\"},\"image\":{\"@id\":\"https:\/\/www.matrix4design.com\/it\/#\/schema\/logo\/image\/\"},\"sameAs\":[\"https:\/\/www.facebook.com\/matrix4designmagazine\/\",\"https:\/\/www.instagram.com\/matrix4designmagazine\/\",\"https:\/\/www.youtube.com\/channel\/UCtuhSSrP3MOO_URZgv8mQ1A\"]},{\"@type\":\"Person\",\"@id\":\"https:\/\/www.matrix4design.com\/it\/#\/schema\/person\/9904de51b5d381af5b1b998563d3adfe\",\"name\":\"Giulia Guerra\",\"image\":{\"@type\":\"ImageObject\",\"inLanguage\":\"it-IT\",\"@id\":\"https:\/\/www.matrix4design.com\/it\/#\/schema\/person\/image\/\",\"url\":\"https:\/\/www.matrix4design.com\/wp-content\/uploads\/2023\/02\/logo_M4D_2023-96x96.jpg\",\"contentUrl\":\"https:\/\/www.matrix4design.com\/wp-content\/uploads\/2023\/02\/logo_M4D_2023-96x96.jpg\",\"caption\":\"Giulia Guerra\"},\"url\":\"https:\/\/www.matrix4design.com\/it\/author\/giuliag\/\"}]}<\/script>\n<!-- \/ Yoast SEO plugin. -->","yoast_head_json":{"title":"Un architetto italiano a\u2026\/ Speciale Milano: Matrix4Design incontra Piuarch","description":"Gioved\u00ec 30 giugno alle 18.00 dedichiamo a Milano una puntata speciale di Un architetto italiano a... e visitiamo in esclusiva gli spazi dello studio di architettura milanese Piuarch. Non perdetevi il nostro tour.","robots":{"index":"index","follow":"follow","max-snippet":"max-snippet:-1","max-image-preview":"max-image-preview:large","max-video-preview":"max-video-preview:-1"},"canonical":"https:\/\/www.matrix4design.com\/it\/architettura\/un-architetto-italiano-a-milano-la-citta-delle-donne-matrix4design-incontra-piuarch-al-fuorisalone\/","og_locale":"it_IT","og_type":"article","og_title":"Un architetto italiano a\u2026\/ Speciale Milano: Matrix4Design incontra Piuarch","og_description":"Gioved\u00ec 30 giugno alle 18.00 dedichiamo a Milano una puntata speciale di Un architetto italiano a... e visitiamo in esclusiva gli spazi dello studio di architettura milanese Piuarch. Non perdetevi il nostro tour.","og_url":"https:\/\/www.matrix4design.com\/it\/architettura\/un-architetto-italiano-a-milano-la-citta-delle-donne-matrix4design-incontra-piuarch-al-fuorisalone\/","og_site_name":"Matrix4Design","article_publisher":"https:\/\/www.facebook.com\/matrix4designmagazine\/","article_published_time":"2022-06-22T10:00:24+00:00","article_modified_time":"2023-02-03T11:04:56+00:00","og_image":[{"width":1280,"height":720,"url":"https:\/\/www.matrix4design.com\/wp-content\/uploads\/2022\/06\/maxresdefault-1.jpg","type":"image\/jpeg"}],"author":"Giulia Guerra","twitter_card":"summary_large_image","twitter_misc":{"Scritto da":"Giulia Guerra","Tempo di lettura stimato":"4 minuti"},"schema":{"@context":"https:\/\/schema.org","@graph":[{"@type":"Article","@id":"https:\/\/www.matrix4design.com\/it\/architettura\/un-architetto-italiano-a-milano-la-citta-delle-donne-matrix4design-incontra-piuarch-al-fuorisalone\/#article","isPartOf":{"@id":"https:\/\/www.matrix4design.com\/it\/architettura\/un-architetto-italiano-a-milano-la-citta-delle-donne-matrix4design-incontra-piuarch-al-fuorisalone\/"},"author":{"name":"Giulia Guerra","@id":"https:\/\/www.matrix4design.com\/it\/#\/schema\/person\/9904de51b5d381af5b1b998563d3adfe"},"headline":"Un architetto italiano a\u2026\/ Speciale Milano: Matrix4Design incontra Piuarch","datePublished":"2022-06-22T10:00:24+00:00","dateModified":"2023-02-03T11:04:56+00:00","mainEntityOfPage":{"@id":"https:\/\/www.matrix4design.com\/it\/architettura\/un-architetto-italiano-a-milano-la-citta-delle-donne-matrix4design-incontra-piuarch-al-fuorisalone\/"},"wordCount":455,"publisher":{"@id":"https:\/\/www.matrix4design.com\/it\/#organization"},"image":{"@id":"https:\/\/www.matrix4design.com\/it\/architettura\/un-architetto-italiano-a-milano-la-citta-delle-donne-matrix4design-incontra-piuarch-al-fuorisalone\/#primaryimage"},"thumbnailUrl":"https:\/\/www.matrix4design.com\/wp-content\/uploads\/2022\/06\/maxresdefault-1.jpg","keywords":["Fuorisalone 2021","un architetto italiano a"],"articleSection":["Architettura","Architettura home","Architour","Featured","Focus home","Video"],"inLanguage":"it-IT"},{"@type":"WebPage","@id":"https:\/\/www.matrix4design.com\/it\/architettura\/un-architetto-italiano-a-milano-la-citta-delle-donne-matrix4design-incontra-piuarch-al-fuorisalone\/","url":"https:\/\/www.matrix4design.com\/it\/architettura\/un-architetto-italiano-a-milano-la-citta-delle-donne-matrix4design-incontra-piuarch-al-fuorisalone\/","name":"Un architetto italiano a\u2026\/ Speciale Milano: Matrix4Design incontra Piuarch","isPartOf":{"@id":"https:\/\/www.matrix4design.com\/it\/#website"},"primaryImageOfPage":{"@id":"https:\/\/www.matrix4design.com\/it\/architettura\/un-architetto-italiano-a-milano-la-citta-delle-donne-matrix4design-incontra-piuarch-al-fuorisalone\/#primaryimage"},"image":{"@id":"https:\/\/www.matrix4design.com\/it\/architettura\/un-architetto-italiano-a-milano-la-citta-delle-donne-matrix4design-incontra-piuarch-al-fuorisalone\/#primaryimage"},"thumbnailUrl":"https:\/\/www.matrix4design.com\/wp-content\/uploads\/2022\/06\/maxresdefault-1.jpg","datePublished":"2022-06-22T10:00:24+00:00","dateModified":"2023-02-03T11:04:56+00:00","description":"Gioved\u00ec 30 giugno alle 18.00 dedichiamo a Milano una puntata speciale di Un architetto italiano a... e visitiamo in esclusiva gli spazi dello studio di architettura milanese Piuarch. Non perdetevi il nostro tour.","breadcrumb":{"@id":"https:\/\/www.matrix4design.com\/it\/architettura\/un-architetto-italiano-a-milano-la-citta-delle-donne-matrix4design-incontra-piuarch-al-fuorisalone\/#breadcrumb"},"inLanguage":"it-IT","potentialAction":[{"@type":"ReadAction","target":["https:\/\/www.matrix4design.com\/it\/architettura\/un-architetto-italiano-a-milano-la-citta-delle-donne-matrix4design-incontra-piuarch-al-fuorisalone\/"]}]},{"@type":"ImageObject","inLanguage":"it-IT","@id":"https:\/\/www.matrix4design.com\/it\/architettura\/un-architetto-italiano-a-milano-la-citta-delle-donne-matrix4design-incontra-piuarch-al-fuorisalone\/#primaryimage","url":"https:\/\/www.matrix4design.com\/wp-content\/uploads\/2022\/06\/maxresdefault-1.jpg","contentUrl":"https:\/\/www.matrix4design.com\/wp-content\/uploads\/2022\/06\/maxresdefault-1.jpg","width":1280,"height":720},{"@type":"BreadcrumbList","@id":"https:\/\/www.matrix4design.com\/it\/architettura\/un-architetto-italiano-a-milano-la-citta-delle-donne-matrix4design-incontra-piuarch-al-fuorisalone\/#breadcrumb","itemListElement":[{"@type":"ListItem","position":1,"name":"Home","item":"https:\/\/www.matrix4design.com\/it\/"},{"@type":"ListItem","position":2,"name":"Un architetto italiano a\u2026\/ Speciale Milano: Matrix4Design incontra Piuarch"}]},{"@type":"WebSite","@id":"https:\/\/www.matrix4design.com\/it\/#website","url":"https:\/\/www.matrix4design.com\/it\/","name":"Matrix4Design","description":"Digital architecture and design b2b magazine","publisher":{"@id":"https:\/\/www.matrix4design.com\/it\/#organization"},"potentialAction":[{"@type":"SearchAction","target":{"@type":"EntryPoint","urlTemplate":"https:\/\/www.matrix4design.com\/it\/?s={search_term_string}"},"query-input":{"@type":"PropertyValueSpecification","valueRequired":true,"valueName":"search_term_string"}}],"inLanguage":"it-IT"},{"@type":"Organization","@id":"https:\/\/www.matrix4design.com\/it\/#organization","name":"Matrix4Design","url":"https:\/\/www.matrix4design.com\/it\/","logo":{"@type":"ImageObject","inLanguage":"it-IT","@id":"https:\/\/www.matrix4design.com\/it\/#\/schema\/logo\/image\/","url":"https:\/\/www.matrix4design.com\/wp-content\/uploads\/2020\/04\/logo_matrix4design.png","contentUrl":"https:\/\/www.matrix4design.com\/wp-content\/uploads\/2020\/04\/logo_matrix4design.png","width":804,"height":114,"caption":"Matrix4Design"},"image":{"@id":"https:\/\/www.matrix4design.com\/it\/#\/schema\/logo\/image\/"},"sameAs":["https:\/\/www.facebook.com\/matrix4designmagazine\/","https:\/\/www.instagram.com\/matrix4designmagazine\/","https:\/\/www.youtube.com\/channel\/UCtuhSSrP3MOO_URZgv8mQ1A"]},{"@type":"Person","@id":"https:\/\/www.matrix4design.com\/it\/#\/schema\/person\/9904de51b5d381af5b1b998563d3adfe","name":"Giulia Guerra","image":{"@type":"ImageObject","inLanguage":"it-IT","@id":"https:\/\/www.matrix4design.com\/it\/#\/schema\/person\/image\/","url":"https:\/\/www.matrix4design.com\/wp-content\/uploads\/2023\/02\/logo_M4D_2023-96x96.jpg","contentUrl":"https:\/\/www.matrix4design.com\/wp-content\/uploads\/2023\/02\/logo_M4D_2023-96x96.jpg","caption":"Giulia Guerra"},"url":"https:\/\/www.matrix4design.com\/it\/author\/giuliag\/"}]}},"_links":{"self":[{"href":"https:\/\/www.matrix4design.com\/it\/wp-json\/wp\/v2\/posts\/80501","targetHints":{"allow":["GET"]}}],"collection":[{"href":"https:\/\/www.matrix4design.com\/it\/wp-json\/wp\/v2\/posts"}],"about":[{"href":"https:\/\/www.matrix4design.com\/it\/wp-json\/wp\/v2\/types\/post"}],"author":[{"embeddable":true,"href":"https:\/\/www.matrix4design.com\/it\/wp-json\/wp\/v2\/users\/31"}],"replies":[{"embeddable":true,"href":"https:\/\/www.matrix4design.com\/it\/wp-json\/wp\/v2\/comments?post=80501"}],"version-history":[{"count":13,"href":"https:\/\/www.matrix4design.com\/it\/wp-json\/wp\/v2\/posts\/80501\/revisions"}],"predecessor-version":[{"id":95657,"href":"https:\/\/www.matrix4design.com\/it\/wp-json\/wp\/v2\/posts\/80501\/revisions\/95657"}],"wp:featuredmedia":[{"embeddable":true,"href":"https:\/\/www.matrix4design.com\/it\/wp-json\/wp\/v2\/media\/92169"}],"wp:attachment":[{"href":"https:\/\/www.matrix4design.com\/it\/wp-json\/wp\/v2\/media?parent=80501"}],"wp:term":[{"taxonomy":"category","embeddable":true,"href":"https:\/\/www.matrix4design.com\/it\/wp-json\/wp\/v2\/categories?post=80501"},{"taxonomy":"post_tag","embeddable":true,"href":"https:\/\/www.matrix4design.com\/it\/wp-json\/wp\/v2\/tags?post=80501"}],"curies":[{"name":"wp","href":"https:\/\/api.w.org\/{rel}","templated":true}]}}