{"id":81127,"date":"2021-09-21T12:00:39","date_gmt":"2021-09-21T10:00:39","guid":{"rendered":"https:\/\/www.matrix4design.com\/?p=81127"},"modified":"2023-02-03T12:05:13","modified_gmt":"2023-02-03T11:05:13","slug":"moon3-la-mascherina-eco-friendly-tra-design-e-tecnologia","status":"publish","type":"post","link":"https:\/\/www.matrix4design.com\/it\/design\/moon3-la-mascherina-eco-friendly-tra-design-e-tecnologia\/","title":{"rendered":"MOON3, la mascherina eco-friendly tra design e tecnologia"},"content":{"rendered":"<p>&nbsp;<\/p>\n<p>Una mascherina innovativa, che risponde alle nuove abitudini di vita senza dimenticare la salvaguardia dell\u2019ambiente. Si potrebbe descrivere cos\u00ec, in una sola frase, il concept di <a href=\"https:\/\/www.moon3.it\/\" target=\"_blank\" rel=\"noopener\"><strong>MOON3<\/strong><\/a>, il dispositivo di protezione individuale nato dalla collaborazione tra l\u2019architetto <a href=\"https:\/\/www.simonemicheli.com\/\" target=\"_blank\" rel=\"noopener\"><strong>Simone Micheli<\/strong><\/a> e\u00a0<a href=\"https:\/\/www.vecalab.com\/\" target=\"_blank\" rel=\"noopener\"><strong>veca.lab<\/strong><\/a>, marchio che vanta un importante know-how nello stampaggio di materie plastiche.<\/p>\n<p>A <strong>Hotel Regeneration<\/strong>, la kermesse dedicata al futuro dell\u2019hospitality e all\u2019innovazione design che ha animato il Fuorisalone nel quartiere Lambrate di Milano, questa mascherina \u00e8 stata presentata in esclusiva come un\u2019alternativa pi\u00f9 sostenibile alle maschere usa e getta perch\u00e9\u00a0<strong>riutilizzabile, igienizzabile e riciclabile<\/strong>, limitando in tal modo l\u2019ammasso di rifiuti generati da presidi sanitari, che indipendentemente dal materiale, devono essere gettati nella raccolta indifferenziata.<\/p>\n<p>La particolarit\u00e0 di <strong>MOON3<\/strong> \u00e8 la possibilit\u00e0 di <strong>sostituire il filtro<\/strong> e di utilizzare pi\u00f9 volte la maschera stessa; realizzata in EVA 100% riciclabile, estremamente flessibile e avvolgente, la mascherina pu\u00f2 inoltre essere regolata individualmente in base alle dimensioni della testa grazie ai <strong>laccetti intercambiabili<\/strong>; \u00e8 anallergica, atossica, antibatterica, \u00e8 flessibile e avvolgente, va in lavatrice e in lavastoviglie, \u00e8 facile da disinfettare.<\/p>\n<p>In questa <a href=\"https:\/\/www.youtube.com\/watch?v=HYepRl1bez8\" target=\"_blank\" rel=\"noopener\"><strong>video intervista<\/strong><\/a> <strong>Sebastiano Randazzo<\/strong>, Brand Manager di <strong>MOON3<\/strong>, e <strong>Valentina Rea<\/strong>, responsabile comunicazione, raccontano il progetto, guardando al futuro, perch\u00e9 <strong>MOON3<\/strong> rappresenta solo l\u2019inizio di un viaggio in cui il design pu\u00f2 mettere finalmente d\u2019accordo sicurezza sanitaria e rispetto dell\u2019ambiente.<\/p>\n","protected":false},"excerpt":{"rendered":"<p>&nbsp; Una mascherina innovativa, che risponde alle nuove abitudini di vita senza dimenticare la salvaguardia dell\u2019ambiente. Si potrebbe descrivere cos\u00ec, in una sola frase, il concept di MOON3, il dispositivo di protezione individuale nato dalla collaborazione tra l\u2019architetto Simone Micheli e\u00a0veca.lab, marchio che vanta un importante know-how nello stampaggio di materie plastiche. A Hotel Regeneration, [&hellip;]<\/p>\n","protected":false},"author":31,"featured_media":81128,"comment_status":"closed","ping_status":"closed","sticky":false,"template":"","format":"video","meta":{"_acf_changed":false,"footnotes":""},"categories":[421,366,418,368,379,534],"tags":[],"class_list":{"0":"post-81127","1":"post","2":"type-post","3":"status-publish","4":"format-video","5":"has-post-thumbnail","7":"category-dontstopdesign","8":"category-design","9":"category-design-home","10":"category-featured","11":"category-focus-home","12":"category-video","13":"post_format-post-format-video"},"acf":[],"yoast_head":"<!-- This site is optimized with the Yoast SEO plugin v27.0 - https:\/\/yoast.com\/product\/yoast-seo-wordpress\/ -->\n<title>MOON3, la mascherina eco-friendly tra design e tecnologia<\/title>\n<meta name=\"description\" content=\"MOON3 \u00e8 il dispositivo di protezione individuale nato dalla collaborazione tra l\u2019architetto Simone Micheli e veca.lab, che unisce salute e rispetto dell\u2019ambiente.\" \/>\n<meta name=\"robots\" content=\"index, follow, max-snippet:-1, max-image-preview:large, max-video-preview:-1\" \/>\n<link rel=\"canonical\" href=\"https:\/\/www.matrix4design.com\/it\/design\/moon3-la-mascherina-eco-friendly-tra-design-e-tecnologia\/\" \/>\n<meta property=\"og:locale\" content=\"it_IT\" \/>\n<meta property=\"og:type\" content=\"article\" \/>\n<meta property=\"og:title\" content=\"MOON3, la mascherina eco-friendly tra design e tecnologia\" \/>\n<meta property=\"og:description\" content=\"MOON3 \u00e8 il dispositivo di protezione individuale nato dalla collaborazione tra l\u2019architetto Simone Micheli e veca.lab, che unisce salute e rispetto dell\u2019ambiente.\" \/>\n<meta property=\"og:url\" content=\"https:\/\/www.matrix4design.com\/it\/design\/moon3-la-mascherina-eco-friendly-tra-design-e-tecnologia\/\" \/>\n<meta property=\"og:site_name\" content=\"Matrix4Design\" \/>\n<meta property=\"article:publisher\" content=\"https:\/\/www.facebook.com\/matrix4designmagazine\/\" \/>\n<meta property=\"article:published_time\" content=\"2021-09-21T10:00:39+00:00\" \/>\n<meta property=\"article:modified_time\" content=\"2023-02-03T11:05:13+00:00\" \/>\n<meta property=\"og:image\" content=\"https:\/\/www.matrix4design.com\/wp-content\/uploads\/2021\/09\/MOON3-KIT-1.jpg\" \/>\n\t<meta property=\"og:image:width\" content=\"1536\" \/>\n\t<meta property=\"og:image:height\" content=\"1024\" \/>\n\t<meta property=\"og:image:type\" content=\"image\/jpeg\" \/>\n<meta name=\"author\" content=\"Giulia Guerra\" \/>\n<meta name=\"twitter:card\" content=\"summary_large_image\" \/>\n<meta name=\"twitter:label1\" content=\"Scritto da\" \/>\n\t<meta name=\"twitter:data1\" content=\"Giulia Guerra\" \/>\n\t<meta name=\"twitter:label2\" content=\"Tempo di lettura stimato\" \/>\n\t<meta name=\"twitter:data2\" content=\"1 minuto\" \/>\n<script type=\"application\/ld+json\" class=\"yoast-schema-graph\">{\"@context\":\"https:\/\/schema.org\",\"@graph\":[{\"@type\":\"Article\",\"@id\":\"https:\/\/www.matrix4design.com\/it\/design\/moon3-la-mascherina-eco-friendly-tra-design-e-tecnologia\/#article\",\"isPartOf\":{\"@id\":\"https:\/\/www.matrix4design.com\/it\/design\/moon3-la-mascherina-eco-friendly-tra-design-e-tecnologia\/\"},\"author\":{\"name\":\"Giulia Guerra\",\"@id\":\"https:\/\/www.matrix4design.com\/it\/#\/schema\/person\/9904de51b5d381af5b1b998563d3adfe\"},\"headline\":\"MOON3, la mascherina eco-friendly tra design e tecnologia\",\"datePublished\":\"2021-09-21T10:00:39+00:00\",\"dateModified\":\"2023-02-03T11:05:13+00:00\",\"mainEntityOfPage\":{\"@id\":\"https:\/\/www.matrix4design.com\/it\/design\/moon3-la-mascherina-eco-friendly-tra-design-e-tecnologia\/\"},\"wordCount\":234,\"publisher\":{\"@id\":\"https:\/\/www.matrix4design.com\/it\/#organization\"},\"image\":{\"@id\":\"https:\/\/www.matrix4design.com\/it\/design\/moon3-la-mascherina-eco-friendly-tra-design-e-tecnologia\/#primaryimage\"},\"thumbnailUrl\":\"https:\/\/www.matrix4design.com\/wp-content\/uploads\/2021\/09\/MOON3-KIT-1.jpg\",\"articleSection\":[\"#dontstopdesign\",\"Design\",\"Design home\",\"Featured\",\"Focus home\",\"Video\"],\"inLanguage\":\"it-IT\"},{\"@type\":\"WebPage\",\"@id\":\"https:\/\/www.matrix4design.com\/it\/design\/moon3-la-mascherina-eco-friendly-tra-design-e-tecnologia\/\",\"url\":\"https:\/\/www.matrix4design.com\/it\/design\/moon3-la-mascherina-eco-friendly-tra-design-e-tecnologia\/\",\"name\":\"MOON3, la mascherina eco-friendly tra design e tecnologia\",\"isPartOf\":{\"@id\":\"https:\/\/www.matrix4design.com\/it\/#website\"},\"primaryImageOfPage\":{\"@id\":\"https:\/\/www.matrix4design.com\/it\/design\/moon3-la-mascherina-eco-friendly-tra-design-e-tecnologia\/#primaryimage\"},\"image\":{\"@id\":\"https:\/\/www.matrix4design.com\/it\/design\/moon3-la-mascherina-eco-friendly-tra-design-e-tecnologia\/#primaryimage\"},\"thumbnailUrl\":\"https:\/\/www.matrix4design.com\/wp-content\/uploads\/2021\/09\/MOON3-KIT-1.jpg\",\"datePublished\":\"2021-09-21T10:00:39+00:00\",\"dateModified\":\"2023-02-03T11:05:13+00:00\",\"description\":\"MOON3 \u00e8 il dispositivo di protezione individuale nato dalla collaborazione tra l\u2019architetto Simone Micheli e veca.lab, che unisce salute e rispetto dell\u2019ambiente.\",\"breadcrumb\":{\"@id\":\"https:\/\/www.matrix4design.com\/it\/design\/moon3-la-mascherina-eco-friendly-tra-design-e-tecnologia\/#breadcrumb\"},\"inLanguage\":\"it-IT\",\"potentialAction\":[{\"@type\":\"ReadAction\",\"target\":[\"https:\/\/www.matrix4design.com\/it\/design\/moon3-la-mascherina-eco-friendly-tra-design-e-tecnologia\/\"]}]},{\"@type\":\"ImageObject\",\"inLanguage\":\"it-IT\",\"@id\":\"https:\/\/www.matrix4design.com\/it\/design\/moon3-la-mascherina-eco-friendly-tra-design-e-tecnologia\/#primaryimage\",\"url\":\"https:\/\/www.matrix4design.com\/wp-content\/uploads\/2021\/09\/MOON3-KIT-1.jpg\",\"contentUrl\":\"https:\/\/www.matrix4design.com\/wp-content\/uploads\/2021\/09\/MOON3-KIT-1.jpg\",\"width\":1536,\"height\":1024},{\"@type\":\"BreadcrumbList\",\"@id\":\"https:\/\/www.matrix4design.com\/it\/design\/moon3-la-mascherina-eco-friendly-tra-design-e-tecnologia\/#breadcrumb\",\"itemListElement\":[{\"@type\":\"ListItem\",\"position\":1,\"name\":\"Home\",\"item\":\"https:\/\/www.matrix4design.com\/it\/\"},{\"@type\":\"ListItem\",\"position\":2,\"name\":\"MOON3, la mascherina eco-friendly tra design e tecnologia\"}]},{\"@type\":\"WebSite\",\"@id\":\"https:\/\/www.matrix4design.com\/it\/#website\",\"url\":\"https:\/\/www.matrix4design.com\/it\/\",\"name\":\"Matrix4Design\",\"description\":\"Digital architecture and design b2b magazine\",\"publisher\":{\"@id\":\"https:\/\/www.matrix4design.com\/it\/#organization\"},\"potentialAction\":[{\"@type\":\"SearchAction\",\"target\":{\"@type\":\"EntryPoint\",\"urlTemplate\":\"https:\/\/www.matrix4design.com\/it\/?s={search_term_string}\"},\"query-input\":{\"@type\":\"PropertyValueSpecification\",\"valueRequired\":true,\"valueName\":\"search_term_string\"}}],\"inLanguage\":\"it-IT\"},{\"@type\":\"Organization\",\"@id\":\"https:\/\/www.matrix4design.com\/it\/#organization\",\"name\":\"Matrix4Design\",\"url\":\"https:\/\/www.matrix4design.com\/it\/\",\"logo\":{\"@type\":\"ImageObject\",\"inLanguage\":\"it-IT\",\"@id\":\"https:\/\/www.matrix4design.com\/it\/#\/schema\/logo\/image\/\",\"url\":\"https:\/\/www.matrix4design.com\/wp-content\/uploads\/2020\/04\/logo_matrix4design.png\",\"contentUrl\":\"https:\/\/www.matrix4design.com\/wp-content\/uploads\/2020\/04\/logo_matrix4design.png\",\"width\":804,\"height\":114,\"caption\":\"Matrix4Design\"},\"image\":{\"@id\":\"https:\/\/www.matrix4design.com\/it\/#\/schema\/logo\/image\/\"},\"sameAs\":[\"https:\/\/www.facebook.com\/matrix4designmagazine\/\",\"https:\/\/www.instagram.com\/matrix4designmagazine\/\",\"https:\/\/www.youtube.com\/channel\/UCtuhSSrP3MOO_URZgv8mQ1A\"]},{\"@type\":\"Person\",\"@id\":\"https:\/\/www.matrix4design.com\/it\/#\/schema\/person\/9904de51b5d381af5b1b998563d3adfe\",\"name\":\"Giulia Guerra\",\"image\":{\"@type\":\"ImageObject\",\"inLanguage\":\"it-IT\",\"@id\":\"https:\/\/www.matrix4design.com\/it\/#\/schema\/person\/image\/\",\"url\":\"https:\/\/www.matrix4design.com\/wp-content\/uploads\/2023\/02\/logo_M4D_2023-96x96.jpg\",\"contentUrl\":\"https:\/\/www.matrix4design.com\/wp-content\/uploads\/2023\/02\/logo_M4D_2023-96x96.jpg\",\"caption\":\"Giulia Guerra\"},\"url\":\"https:\/\/www.matrix4design.com\/it\/author\/giuliag\/\"}]}<\/script>\n<!-- \/ Yoast SEO plugin. -->","yoast_head_json":{"title":"MOON3, la mascherina eco-friendly tra design e tecnologia","description":"MOON3 \u00e8 il dispositivo di protezione individuale nato dalla collaborazione tra l\u2019architetto Simone Micheli e veca.lab, che unisce salute e rispetto dell\u2019ambiente.","robots":{"index":"index","follow":"follow","max-snippet":"max-snippet:-1","max-image-preview":"max-image-preview:large","max-video-preview":"max-video-preview:-1"},"canonical":"https:\/\/www.matrix4design.com\/it\/design\/moon3-la-mascherina-eco-friendly-tra-design-e-tecnologia\/","og_locale":"it_IT","og_type":"article","og_title":"MOON3, la mascherina eco-friendly tra design e tecnologia","og_description":"MOON3 \u00e8 il dispositivo di protezione individuale nato dalla collaborazione tra l\u2019architetto Simone Micheli e veca.lab, che unisce salute e rispetto dell\u2019ambiente.","og_url":"https:\/\/www.matrix4design.com\/it\/design\/moon3-la-mascherina-eco-friendly-tra-design-e-tecnologia\/","og_site_name":"Matrix4Design","article_publisher":"https:\/\/www.facebook.com\/matrix4designmagazine\/","article_published_time":"2021-09-21T10:00:39+00:00","article_modified_time":"2023-02-03T11:05:13+00:00","og_image":[{"width":1536,"height":1024,"url":"https:\/\/www.matrix4design.com\/wp-content\/uploads\/2021\/09\/MOON3-KIT-1.jpg","type":"image\/jpeg"}],"author":"Giulia Guerra","twitter_card":"summary_large_image","twitter_misc":{"Scritto da":"Giulia Guerra","Tempo di lettura stimato":"1 minuto"},"schema":{"@context":"https:\/\/schema.org","@graph":[{"@type":"Article","@id":"https:\/\/www.matrix4design.com\/it\/design\/moon3-la-mascherina-eco-friendly-tra-design-e-tecnologia\/#article","isPartOf":{"@id":"https:\/\/www.matrix4design.com\/it\/design\/moon3-la-mascherina-eco-friendly-tra-design-e-tecnologia\/"},"author":{"name":"Giulia Guerra","@id":"https:\/\/www.matrix4design.com\/it\/#\/schema\/person\/9904de51b5d381af5b1b998563d3adfe"},"headline":"MOON3, la mascherina eco-friendly tra design e tecnologia","datePublished":"2021-09-21T10:00:39+00:00","dateModified":"2023-02-03T11:05:13+00:00","mainEntityOfPage":{"@id":"https:\/\/www.matrix4design.com\/it\/design\/moon3-la-mascherina-eco-friendly-tra-design-e-tecnologia\/"},"wordCount":234,"publisher":{"@id":"https:\/\/www.matrix4design.com\/it\/#organization"},"image":{"@id":"https:\/\/www.matrix4design.com\/it\/design\/moon3-la-mascherina-eco-friendly-tra-design-e-tecnologia\/#primaryimage"},"thumbnailUrl":"https:\/\/www.matrix4design.com\/wp-content\/uploads\/2021\/09\/MOON3-KIT-1.jpg","articleSection":["#dontstopdesign","Design","Design home","Featured","Focus home","Video"],"inLanguage":"it-IT"},{"@type":"WebPage","@id":"https:\/\/www.matrix4design.com\/it\/design\/moon3-la-mascherina-eco-friendly-tra-design-e-tecnologia\/","url":"https:\/\/www.matrix4design.com\/it\/design\/moon3-la-mascherina-eco-friendly-tra-design-e-tecnologia\/","name":"MOON3, la mascherina eco-friendly tra design e tecnologia","isPartOf":{"@id":"https:\/\/www.matrix4design.com\/it\/#website"},"primaryImageOfPage":{"@id":"https:\/\/www.matrix4design.com\/it\/design\/moon3-la-mascherina-eco-friendly-tra-design-e-tecnologia\/#primaryimage"},"image":{"@id":"https:\/\/www.matrix4design.com\/it\/design\/moon3-la-mascherina-eco-friendly-tra-design-e-tecnologia\/#primaryimage"},"thumbnailUrl":"https:\/\/www.matrix4design.com\/wp-content\/uploads\/2021\/09\/MOON3-KIT-1.jpg","datePublished":"2021-09-21T10:00:39+00:00","dateModified":"2023-02-03T11:05:13+00:00","description":"MOON3 \u00e8 il dispositivo di protezione individuale nato dalla collaborazione tra l\u2019architetto Simone Micheli e veca.lab, che unisce salute e rispetto dell\u2019ambiente.","breadcrumb":{"@id":"https:\/\/www.matrix4design.com\/it\/design\/moon3-la-mascherina-eco-friendly-tra-design-e-tecnologia\/#breadcrumb"},"inLanguage":"it-IT","potentialAction":[{"@type":"ReadAction","target":["https:\/\/www.matrix4design.com\/it\/design\/moon3-la-mascherina-eco-friendly-tra-design-e-tecnologia\/"]}]},{"@type":"ImageObject","inLanguage":"it-IT","@id":"https:\/\/www.matrix4design.com\/it\/design\/moon3-la-mascherina-eco-friendly-tra-design-e-tecnologia\/#primaryimage","url":"https:\/\/www.matrix4design.com\/wp-content\/uploads\/2021\/09\/MOON3-KIT-1.jpg","contentUrl":"https:\/\/www.matrix4design.com\/wp-content\/uploads\/2021\/09\/MOON3-KIT-1.jpg","width":1536,"height":1024},{"@type":"BreadcrumbList","@id":"https:\/\/www.matrix4design.com\/it\/design\/moon3-la-mascherina-eco-friendly-tra-design-e-tecnologia\/#breadcrumb","itemListElement":[{"@type":"ListItem","position":1,"name":"Home","item":"https:\/\/www.matrix4design.com\/it\/"},{"@type":"ListItem","position":2,"name":"MOON3, la mascherina eco-friendly tra design e tecnologia"}]},{"@type":"WebSite","@id":"https:\/\/www.matrix4design.com\/it\/#website","url":"https:\/\/www.matrix4design.com\/it\/","name":"Matrix4Design","description":"Digital architecture and design b2b magazine","publisher":{"@id":"https:\/\/www.matrix4design.com\/it\/#organization"},"potentialAction":[{"@type":"SearchAction","target":{"@type":"EntryPoint","urlTemplate":"https:\/\/www.matrix4design.com\/it\/?s={search_term_string}"},"query-input":{"@type":"PropertyValueSpecification","valueRequired":true,"valueName":"search_term_string"}}],"inLanguage":"it-IT"},{"@type":"Organization","@id":"https:\/\/www.matrix4design.com\/it\/#organization","name":"Matrix4Design","url":"https:\/\/www.matrix4design.com\/it\/","logo":{"@type":"ImageObject","inLanguage":"it-IT","@id":"https:\/\/www.matrix4design.com\/it\/#\/schema\/logo\/image\/","url":"https:\/\/www.matrix4design.com\/wp-content\/uploads\/2020\/04\/logo_matrix4design.png","contentUrl":"https:\/\/www.matrix4design.com\/wp-content\/uploads\/2020\/04\/logo_matrix4design.png","width":804,"height":114,"caption":"Matrix4Design"},"image":{"@id":"https:\/\/www.matrix4design.com\/it\/#\/schema\/logo\/image\/"},"sameAs":["https:\/\/www.facebook.com\/matrix4designmagazine\/","https:\/\/www.instagram.com\/matrix4designmagazine\/","https:\/\/www.youtube.com\/channel\/UCtuhSSrP3MOO_URZgv8mQ1A"]},{"@type":"Person","@id":"https:\/\/www.matrix4design.com\/it\/#\/schema\/person\/9904de51b5d381af5b1b998563d3adfe","name":"Giulia Guerra","image":{"@type":"ImageObject","inLanguage":"it-IT","@id":"https:\/\/www.matrix4design.com\/it\/#\/schema\/person\/image\/","url":"https:\/\/www.matrix4design.com\/wp-content\/uploads\/2023\/02\/logo_M4D_2023-96x96.jpg","contentUrl":"https:\/\/www.matrix4design.com\/wp-content\/uploads\/2023\/02\/logo_M4D_2023-96x96.jpg","caption":"Giulia Guerra"},"url":"https:\/\/www.matrix4design.com\/it\/author\/giuliag\/"}]}},"_links":{"self":[{"href":"https:\/\/www.matrix4design.com\/it\/wp-json\/wp\/v2\/posts\/81127","targetHints":{"allow":["GET"]}}],"collection":[{"href":"https:\/\/www.matrix4design.com\/it\/wp-json\/wp\/v2\/posts"}],"about":[{"href":"https:\/\/www.matrix4design.com\/it\/wp-json\/wp\/v2\/types\/post"}],"author":[{"embeddable":true,"href":"https:\/\/www.matrix4design.com\/it\/wp-json\/wp\/v2\/users\/31"}],"replies":[{"embeddable":true,"href":"https:\/\/www.matrix4design.com\/it\/wp-json\/wp\/v2\/comments?post=81127"}],"version-history":[{"count":2,"href":"https:\/\/www.matrix4design.com\/it\/wp-json\/wp\/v2\/posts\/81127\/revisions"}],"predecessor-version":[{"id":81189,"href":"https:\/\/www.matrix4design.com\/it\/wp-json\/wp\/v2\/posts\/81127\/revisions\/81189"}],"wp:featuredmedia":[{"embeddable":true,"href":"https:\/\/www.matrix4design.com\/it\/wp-json\/wp\/v2\/media\/81128"}],"wp:attachment":[{"href":"https:\/\/www.matrix4design.com\/it\/wp-json\/wp\/v2\/media?parent=81127"}],"wp:term":[{"taxonomy":"category","embeddable":true,"href":"https:\/\/www.matrix4design.com\/it\/wp-json\/wp\/v2\/categories?post=81127"},{"taxonomy":"post_tag","embeddable":true,"href":"https:\/\/www.matrix4design.com\/it\/wp-json\/wp\/v2\/tags?post=81127"}],"curies":[{"name":"wp","href":"https:\/\/api.w.org\/{rel}","templated":true}]}}