{"id":81716,"date":"2021-10-11T12:00:33","date_gmt":"2021-10-11T10:00:33","guid":{"rendered":"https:\/\/www.matrix4design.com\/?p=81716"},"modified":"2023-02-03T12:05:11","modified_gmt":"2023-02-03T11:05:11","slug":"protek-linnovazione-oltre-i-controtelai-intervista-al-ceo-giovanni-maggioni","status":"publish","type":"post","link":"https:\/\/www.matrix4design.com\/it\/design\/protek-linnovazione-oltre-i-controtelai-intervista-al-ceo-giovanni-maggioni\/","title":{"rendered":"Protek, l\u2019innovazione oltre i controtelai: intervista al CEO Giovanni Maggioni"},"content":{"rendered":"<p>&nbsp;<\/p>\n<p>Abituato a \u201cpensare oltre\u201d, come chiarisce il motto aziendale, <a href=\"https:\/\/www.protek-controtelai.com\/it\/home\/\" target=\"_blank\" rel=\"noopener\"><strong>Protek<\/strong><\/a> \u00e8 un marchio che fin dalla sua nascita negli Anni Novanta in Brianza ha saputo distinguersi in un panorama altamente competitivo grazie a una proposta di controtelai per porte e finestre scorrevoli a scomparsa altamente innovativa. Lo testimoniano i numerosi brevetti depositati nel corso degli anni e la soddisfazione con cui architetti, posatori e privati scelgono i prodotti <strong>Protek<\/strong>, curati nel dettaglio e funzionali al punto da rispondere in modo rapido ed efficace alle esigenze dei clienti contemporanei. Per conoscere meglio il percorso di quest\u2019azienda per molti versi unica nel suo genere abbiamo fatto una chiacchierata con il CEO <strong>Giovanni Maggioni<\/strong>, che ci ha raccontato qualcosa di pi\u00f9 sul presente e sul futuro del mondo Protek.<\/p>\n<figure id=\"attachment_81720\" aria-describedby=\"caption-attachment-81720\" style=\"width: 1600px\" class=\"wp-caption aligncenter\"><img loading=\"lazy\" decoding=\"async\" class=\"wp-image-81720 size-full\" src=\"https:\/\/www.matrix4design.com\/wp-content\/uploads\/2021\/10\/Magic-Box-Domotika-1.jpg\" alt=\"\" width=\"1600\" height=\"1200\" srcset=\"https:\/\/www.matrix4design.com\/wp-content\/uploads\/2021\/10\/Magic-Box-Domotika-1.jpg 1600w, https:\/\/www.matrix4design.com\/wp-content\/uploads\/2021\/10\/Magic-Box-Domotika-1-300x225.jpg 300w, https:\/\/www.matrix4design.com\/wp-content\/uploads\/2021\/10\/Magic-Box-Domotika-1-1024x768.jpg 1024w, https:\/\/www.matrix4design.com\/wp-content\/uploads\/2021\/10\/Magic-Box-Domotika-1-768x576.jpg 768w, https:\/\/www.matrix4design.com\/wp-content\/uploads\/2021\/10\/Magic-Box-Domotika-1-1536x1152.jpg 1536w\" sizes=\"auto, (max-width: 1600px) 100vw, 1600px\" \/><figcaption id=\"caption-attachment-81720\" class=\"wp-caption-text\">Magic Box Domotika<\/figcaption><\/figure>\n<p><strong>La costante ricerca tecnologica, unita all\u2019innovazione nel design, \u00e8 un marchio di fabbrica dei controtelai Protek. Quali sono, da questo punto di vista, le caratteristiche che rendono le vostre soluzioni uniche sul mercato?<\/strong><\/p>\n<p>Nonostante il controtelaio esistesse gi\u00e0 quando noi siamo nati, da subito abbiamo voluto offrire un prodotto che avesse delle caratteristiche tecniche innovative sia per chi lo utilizza sia per chi lo mette in opera. Volevamo che il prodotto fosse innanzitutto facile da montare, come dimostra una delle nostre primissime proposte, <strong>One Minute Setup<\/strong>, pensata per eliminare l\u2019uso di viti, cacciaviti e simili utensili normalmente utilizzati da chi monta controtelai. Abbiamo scelto inoltre di progettare il controtelaio in modo performante e differente dal solito, senza rinunciare all\u2019accessibilit\u00e0 economica: ad esempio, abbiamo introdotto doghe di rinforzo disposte in orizzontale anzich\u00e9 in verticale e fogli di acciaio di differenti spessori per garantire maggiore robustezza. Queste sono le caratteristiche che ci hanno permesso da subito di distinguerci sul mercato.<\/p>\n<p>In seguito, sono nati altri prodotti finalizzati a risolvere problematiche tecnico-pratiche: cito <strong>Magic Box<\/strong>, un controtelaio che possiede gi\u00e0 la predisposizione per le scatole elettriche e i passaggi per i tubi idraulici sul fianco del controtelaio. Stiamo parlando, tecnicamente, della presenza di tre canali coibentati e isolati, quindi molto sicuri, che consentono di dividere i cavi senza farli interferire gli uni con gli altri, il tutto generando un impianto funzionale che si autosostiene, utilissimo in caso di ambienti piccoli dove le pareti sono poche. Tutti questi aspetti tecnici fanno la differenza per i progettisti, che poi ne descrivono i vantaggi all\u2019utilizzatore finale.<\/p>\n<figure id=\"attachment_81719\" aria-describedby=\"caption-attachment-81719\" style=\"width: 1600px\" class=\"wp-caption aligncenter\"><img loading=\"lazy\" decoding=\"async\" class=\"wp-image-81719 size-full\" src=\"https:\/\/www.matrix4design.com\/wp-content\/uploads\/2021\/10\/Bigfoot-MyOffice.jpg\" alt=\"\" width=\"1600\" height=\"1342\" srcset=\"https:\/\/www.matrix4design.com\/wp-content\/uploads\/2021\/10\/Bigfoot-MyOffice.jpg 1600w, https:\/\/www.matrix4design.com\/wp-content\/uploads\/2021\/10\/Bigfoot-MyOffice-300x252.jpg 300w, https:\/\/www.matrix4design.com\/wp-content\/uploads\/2021\/10\/Bigfoot-MyOffice-1024x859.jpg 1024w, https:\/\/www.matrix4design.com\/wp-content\/uploads\/2021\/10\/Bigfoot-MyOffice-768x644.jpg 768w, https:\/\/www.matrix4design.com\/wp-content\/uploads\/2021\/10\/Bigfoot-MyOffice-1536x1288.jpg 1536w\" sizes=\"auto, (max-width: 1600px) 100vw, 1600px\" \/><figcaption id=\"caption-attachment-81719\" class=\"wp-caption-text\">Bigfoot MyOffice<\/figcaption><\/figure>\n<p><strong>Fiore all\u2019occhiello del catalogo Protek \u00e8 senza dubbio il sistema brevettato Bigfoot, che permette di ottimizzare gli spazi disponibili in un modo mai visto prima. Come nasce questo progetto e in che cosa consiste concretamente?<\/strong><\/p>\n<p>Come suggerisce il nome, <strong>Bigfoot <\/strong>nasce inizialmente da una considerazione semplice: il fatto che un oggetto banale come una scarpiera difficilmente trova la forma e lo spazio giusti per essere inserita in un\u2019abitazione, specie se di piccole dimensioni, dove \u00e8 quindi necessario ottimizzare al massimo tutto lo spazio disponibile, compreso quello occupato dalle pareti. Cos\u00ec, con questa funzione, abbiamo immaginato di far uscire il <strong>Bigfoot <\/strong>dalla parete in veste di contraltare alla porta scorrevole, impiegando lo stesso vano.<\/p>\n<p>Da l\u00ec sono poi nate altre declinazioni del <strong>Bigfoot<\/strong>: dopo la scarpiera sono arrivati il tavolo, il letto, l\u2019asse da stiro. L\u2019obiettivo \u00e8 sempre quello di modificare l\u2019ambiente in modo rapido e pratico, in sintonia con la vita di tutti noi, oggi cos\u00ec impegnata. Insomma, <strong>Bigfoot<\/strong> mette ordine dove c\u2019\u00e8 disordine: per questo \u00e8 particolarmente adatto a contesti metropolitani in Italia e all\u2019estero, dove il reddito \u00e8 medio alto ma gli spazi a disposizione sono ridotti.<\/p>\n<p>Bisogna poi dire che un prodotto come questo richiede un investimento sia in termini di ricerca e sviluppo sia in termini di comunicazione del prodotto: non a caso l\u2019azienda si \u00e8 avvalsa in questi anni di nuove professionalit\u00e0 come gli architetti, che sono in grado di spiegare l\u2019utilit\u00e0 e la funzionalit\u00e0 di una proposta come questa.<\/p>\n<figure id=\"attachment_81722\" aria-describedby=\"caption-attachment-81722\" style=\"width: 1600px\" class=\"wp-caption aligncenter\"><img loading=\"lazy\" decoding=\"async\" class=\"wp-image-81722 size-full\" src=\"https:\/\/www.matrix4design.com\/wp-content\/uploads\/2021\/10\/Dispensa_Parruchiere.jpg\" alt=\"\" width=\"1600\" height=\"917\" srcset=\"https:\/\/www.matrix4design.com\/wp-content\/uploads\/2021\/10\/Dispensa_Parruchiere.jpg 1600w, https:\/\/www.matrix4design.com\/wp-content\/uploads\/2021\/10\/Dispensa_Parruchiere-300x172.jpg 300w, https:\/\/www.matrix4design.com\/wp-content\/uploads\/2021\/10\/Dispensa_Parruchiere-1024x587.jpg 1024w, https:\/\/www.matrix4design.com\/wp-content\/uploads\/2021\/10\/Dispensa_Parruchiere-768x440.jpg 768w, https:\/\/www.matrix4design.com\/wp-content\/uploads\/2021\/10\/Dispensa_Parruchiere-1536x880.jpg 1536w\" sizes=\"auto, (max-width: 1600px) 100vw, 1600px\" \/><figcaption id=\"caption-attachment-81722\" class=\"wp-caption-text\">Bigfoot &#8211; Hair salon<\/figcaption><\/figure>\n<p><strong>L\u2019impegno di Protek per la sostenibilit\u00e0 e il rispetto dell\u2019ambiente \u00e8 valso all\u2019azienda importanti riconoscimenti. Che cosa significa per voi essere un marchio green?<\/strong><\/p>\n<p>Noi siamo un marchio green a 360 gradi. Basti pensare che il nostro Headquarter, progettato 8 anni fa, \u00e8 interamente in classe A, dotato di un impianto geotermico di riscaldamento e raffrescamento, il che dimostra la direzione dell\u2019azienda fin dall\u2019inizio, al di l\u00e0 del dibattito attuale.<\/p>\n<p>Per quanto riguarda i prodotti, noi siamo stati i primi nel settore a utilizzare legno certificato e le nostre soluzioni sono 100% Made in Italy, il che significa anche scegliere fornitori locali, riducendo i costi di trasporto.<\/p>\n<p>Stiamo inoltre per uscire con un nuovo controtelaio completamente riprogettato, in cui l\u2019attenzione al riciclo e alla sostenibilit\u00e0 \u00e8 ancora pi\u00f9 elevata: sar\u00e0 realizzato con il 100% di materiali riciclabili e con un processo produttivo 4.0, grazie all\u2019impiego di macchinari ad alta tecnologia e a basso consumo. L\u2019obiettivo \u00e8 arrivare pronti sul mercato per aprile 2022, a dispetto delle attuali, innegabili difficolt\u00e0 relative all\u2019approvvigionamento delle materie prime, un problema che ha ripercussioni su scala globale.<\/p>\n<figure id=\"attachment_81723\" aria-describedby=\"caption-attachment-81723\" style=\"width: 1600px\" class=\"wp-caption aligncenter\"><img loading=\"lazy\" decoding=\"async\" class=\"wp-image-81723 size-full\" src=\"https:\/\/www.matrix4design.com\/wp-content\/uploads\/2021\/10\/Linear_03.jpg\" alt=\"\" width=\"1600\" height=\"1179\" srcset=\"https:\/\/www.matrix4design.com\/wp-content\/uploads\/2021\/10\/Linear_03.jpg 1600w, https:\/\/www.matrix4design.com\/wp-content\/uploads\/2021\/10\/Linear_03-300x221.jpg 300w, https:\/\/www.matrix4design.com\/wp-content\/uploads\/2021\/10\/Linear_03-1024x755.jpg 1024w, https:\/\/www.matrix4design.com\/wp-content\/uploads\/2021\/10\/Linear_03-768x566.jpg 768w, https:\/\/www.matrix4design.com\/wp-content\/uploads\/2021\/10\/Linear_03-1536x1132.jpg 1536w\" sizes=\"auto, (max-width: 1600px) 100vw, 1600px\" \/><figcaption id=\"caption-attachment-81723\" class=\"wp-caption-text\">Linear<\/figcaption><\/figure>\n<p><strong>A questo proposito, nonostante l\u2019economia globale abbia subito di recente notevoli contraccolpi, Protek \u00e8 un esempio di azienda in crescita, che continua a produrre, innovare e ampliare le proprie risorse. Quali sono i vostri prossimi obiettivi?<\/strong><\/p>\n<p>Stiamo investendo molto sia in termini di macchinari innovativi per la produzione sia in termini di prodotti innovativi in s\u00e9 stessi, come per esempio il controtelaio senza stipiti <strong>Linear<\/strong> oppure la <strong>porta battente raso-parete<\/strong>, solo per citarne alcuni. Stiamo poi studiando una nuova serie dalle caratteristiche estetiche inedite e molto significative, ma non posso anticipare altro perch\u00e9 depositeremo il brevetto a breve.<\/p>\n<p>Le prospettive sono assolutamente di crescita, tanto che abbiamo intenzione di ampliare la sede aziendale aggiungendo un\u2019ulteriore unit\u00e0 produttiva. Nel medio periodo l\u2019obiettivo \u00e8, come minimo, di raddoppiare il fatturato. Siamo molto ottimisti.<\/p>\n<p>&nbsp;<\/p>\n<p>&nbsp;<\/p>\n","protected":false},"excerpt":{"rendered":"<p>&nbsp; Abituato a \u201cpensare oltre\u201d, come chiarisce il motto aziendale, Protek \u00e8 un marchio che fin dalla sua nascita negli Anni Novanta in Brianza ha saputo distinguersi in un panorama altamente competitivo grazie a una proposta di controtelai per porte e finestre scorrevoli a scomparsa altamente innovativa. Lo testimoniano i numerosi brevetti depositati nel corso [&hellip;]<\/p>\n","protected":false},"author":31,"featured_media":81719,"comment_status":"closed","ping_status":"closed","sticky":false,"template":"","format":"standard","meta":{"_acf_changed":false,"footnotes":""},"categories":[421,366,418,368,379],"tags":[],"class_list":{"0":"post-81716","1":"post","2":"type-post","3":"status-publish","4":"format-standard","5":"has-post-thumbnail","7":"category-dontstopdesign","8":"category-design","9":"category-design-home","10":"category-featured","11":"category-focus-home"},"acf":[],"yoast_head":"<!-- This site is optimized with the Yoast SEO plugin v27.0 - https:\/\/yoast.com\/product\/yoast-seo-wordpress\/ -->\n<title>Protek, l\u2019innovazione oltre i controtelai: intervista al CEO Giovanni Maggioni<\/title>\n<meta name=\"description\" content=\"Abbiamo incontrato Giovanni Maggioni, CEO di Protek, che in questa intervista ci racconta come l&#039;azienda brianzola ha saputo cambiare in pochi anni il mondo dei controtelai.\" \/>\n<meta name=\"robots\" content=\"index, follow, max-snippet:-1, max-image-preview:large, max-video-preview:-1\" \/>\n<link rel=\"canonical\" href=\"https:\/\/www.matrix4design.com\/it\/design\/protek-linnovazione-oltre-i-controtelai-intervista-al-ceo-giovanni-maggioni\/\" \/>\n<meta property=\"og:locale\" content=\"it_IT\" \/>\n<meta property=\"og:type\" content=\"article\" \/>\n<meta property=\"og:title\" content=\"Protek, l\u2019innovazione oltre i controtelai: intervista al CEO Giovanni Maggioni\" \/>\n<meta property=\"og:description\" content=\"Abbiamo incontrato Giovanni Maggioni, CEO di Protek, che in questa intervista ci racconta come l&#039;azienda brianzola ha saputo cambiare in pochi anni il mondo dei controtelai.\" \/>\n<meta property=\"og:url\" content=\"https:\/\/www.matrix4design.com\/it\/design\/protek-linnovazione-oltre-i-controtelai-intervista-al-ceo-giovanni-maggioni\/\" \/>\n<meta property=\"og:site_name\" content=\"Matrix4Design\" \/>\n<meta property=\"article:publisher\" content=\"https:\/\/www.facebook.com\/matrix4designmagazine\/\" \/>\n<meta property=\"article:published_time\" content=\"2021-10-11T10:00:33+00:00\" \/>\n<meta property=\"article:modified_time\" content=\"2023-02-03T11:05:11+00:00\" \/>\n<meta property=\"og:image\" content=\"https:\/\/www.matrix4design.com\/wp-content\/uploads\/2021\/10\/Bigfoot-MyOffice.jpg\" \/>\n\t<meta property=\"og:image:width\" content=\"1600\" \/>\n\t<meta property=\"og:image:height\" content=\"1342\" \/>\n\t<meta property=\"og:image:type\" content=\"image\/jpeg\" \/>\n<meta name=\"author\" content=\"Giulia Guerra\" \/>\n<meta name=\"twitter:card\" content=\"summary_large_image\" \/>\n<meta name=\"twitter:label1\" content=\"Scritto da\" \/>\n\t<meta name=\"twitter:data1\" content=\"Giulia Guerra\" \/>\n\t<meta name=\"twitter:label2\" content=\"Tempo di lettura stimato\" \/>\n\t<meta name=\"twitter:data2\" content=\"5 minuti\" \/>\n<script type=\"application\/ld+json\" class=\"yoast-schema-graph\">{\"@context\":\"https:\/\/schema.org\",\"@graph\":[{\"@type\":\"Article\",\"@id\":\"https:\/\/www.matrix4design.com\/it\/design\/protek-linnovazione-oltre-i-controtelai-intervista-al-ceo-giovanni-maggioni\/#article\",\"isPartOf\":{\"@id\":\"https:\/\/www.matrix4design.com\/it\/design\/protek-linnovazione-oltre-i-controtelai-intervista-al-ceo-giovanni-maggioni\/\"},\"author\":{\"name\":\"Giulia Guerra\",\"@id\":\"https:\/\/www.matrix4design.com\/it\/#\/schema\/person\/9904de51b5d381af5b1b998563d3adfe\"},\"headline\":\"Protek, l\u2019innovazione oltre i controtelai: intervista al CEO Giovanni Maggioni\",\"datePublished\":\"2021-10-11T10:00:33+00:00\",\"dateModified\":\"2023-02-03T11:05:11+00:00\",\"mainEntityOfPage\":{\"@id\":\"https:\/\/www.matrix4design.com\/it\/design\/protek-linnovazione-oltre-i-controtelai-intervista-al-ceo-giovanni-maggioni\/\"},\"wordCount\":1001,\"publisher\":{\"@id\":\"https:\/\/www.matrix4design.com\/it\/#organization\"},\"image\":{\"@id\":\"https:\/\/www.matrix4design.com\/it\/design\/protek-linnovazione-oltre-i-controtelai-intervista-al-ceo-giovanni-maggioni\/#primaryimage\"},\"thumbnailUrl\":\"https:\/\/www.matrix4design.com\/wp-content\/uploads\/2021\/10\/Bigfoot-MyOffice.jpg\",\"articleSection\":[\"#dontstopdesign\",\"Design\",\"Design home\",\"Featured\",\"Focus home\"],\"inLanguage\":\"it-IT\"},{\"@type\":\"WebPage\",\"@id\":\"https:\/\/www.matrix4design.com\/it\/design\/protek-linnovazione-oltre-i-controtelai-intervista-al-ceo-giovanni-maggioni\/\",\"url\":\"https:\/\/www.matrix4design.com\/it\/design\/protek-linnovazione-oltre-i-controtelai-intervista-al-ceo-giovanni-maggioni\/\",\"name\":\"Protek, l\u2019innovazione oltre i controtelai: intervista al CEO Giovanni Maggioni\",\"isPartOf\":{\"@id\":\"https:\/\/www.matrix4design.com\/it\/#website\"},\"primaryImageOfPage\":{\"@id\":\"https:\/\/www.matrix4design.com\/it\/design\/protek-linnovazione-oltre-i-controtelai-intervista-al-ceo-giovanni-maggioni\/#primaryimage\"},\"image\":{\"@id\":\"https:\/\/www.matrix4design.com\/it\/design\/protek-linnovazione-oltre-i-controtelai-intervista-al-ceo-giovanni-maggioni\/#primaryimage\"},\"thumbnailUrl\":\"https:\/\/www.matrix4design.com\/wp-content\/uploads\/2021\/10\/Bigfoot-MyOffice.jpg\",\"datePublished\":\"2021-10-11T10:00:33+00:00\",\"dateModified\":\"2023-02-03T11:05:11+00:00\",\"description\":\"Abbiamo incontrato Giovanni Maggioni, CEO di Protek, che in questa intervista ci racconta come l'azienda brianzola ha saputo cambiare in pochi anni il mondo dei controtelai.\",\"breadcrumb\":{\"@id\":\"https:\/\/www.matrix4design.com\/it\/design\/protek-linnovazione-oltre-i-controtelai-intervista-al-ceo-giovanni-maggioni\/#breadcrumb\"},\"inLanguage\":\"it-IT\",\"potentialAction\":[{\"@type\":\"ReadAction\",\"target\":[\"https:\/\/www.matrix4design.com\/it\/design\/protek-linnovazione-oltre-i-controtelai-intervista-al-ceo-giovanni-maggioni\/\"]}]},{\"@type\":\"ImageObject\",\"inLanguage\":\"it-IT\",\"@id\":\"https:\/\/www.matrix4design.com\/it\/design\/protek-linnovazione-oltre-i-controtelai-intervista-al-ceo-giovanni-maggioni\/#primaryimage\",\"url\":\"https:\/\/www.matrix4design.com\/wp-content\/uploads\/2021\/10\/Bigfoot-MyOffice.jpg\",\"contentUrl\":\"https:\/\/www.matrix4design.com\/wp-content\/uploads\/2021\/10\/Bigfoot-MyOffice.jpg\",\"width\":1600,\"height\":1342,\"caption\":\"Bigfoot MyOffice\"},{\"@type\":\"BreadcrumbList\",\"@id\":\"https:\/\/www.matrix4design.com\/it\/design\/protek-linnovazione-oltre-i-controtelai-intervista-al-ceo-giovanni-maggioni\/#breadcrumb\",\"itemListElement\":[{\"@type\":\"ListItem\",\"position\":1,\"name\":\"Home\",\"item\":\"https:\/\/www.matrix4design.com\/it\/\"},{\"@type\":\"ListItem\",\"position\":2,\"name\":\"Protek, l\u2019innovazione oltre i controtelai: intervista al CEO Giovanni Maggioni\"}]},{\"@type\":\"WebSite\",\"@id\":\"https:\/\/www.matrix4design.com\/it\/#website\",\"url\":\"https:\/\/www.matrix4design.com\/it\/\",\"name\":\"Matrix4Design\",\"description\":\"Digital architecture and design b2b magazine\",\"publisher\":{\"@id\":\"https:\/\/www.matrix4design.com\/it\/#organization\"},\"potentialAction\":[{\"@type\":\"SearchAction\",\"target\":{\"@type\":\"EntryPoint\",\"urlTemplate\":\"https:\/\/www.matrix4design.com\/it\/?s={search_term_string}\"},\"query-input\":{\"@type\":\"PropertyValueSpecification\",\"valueRequired\":true,\"valueName\":\"search_term_string\"}}],\"inLanguage\":\"it-IT\"},{\"@type\":\"Organization\",\"@id\":\"https:\/\/www.matrix4design.com\/it\/#organization\",\"name\":\"Matrix4Design\",\"url\":\"https:\/\/www.matrix4design.com\/it\/\",\"logo\":{\"@type\":\"ImageObject\",\"inLanguage\":\"it-IT\",\"@id\":\"https:\/\/www.matrix4design.com\/it\/#\/schema\/logo\/image\/\",\"url\":\"https:\/\/www.matrix4design.com\/wp-content\/uploads\/2020\/04\/logo_matrix4design.png\",\"contentUrl\":\"https:\/\/www.matrix4design.com\/wp-content\/uploads\/2020\/04\/logo_matrix4design.png\",\"width\":804,\"height\":114,\"caption\":\"Matrix4Design\"},\"image\":{\"@id\":\"https:\/\/www.matrix4design.com\/it\/#\/schema\/logo\/image\/\"},\"sameAs\":[\"https:\/\/www.facebook.com\/matrix4designmagazine\/\",\"https:\/\/www.instagram.com\/matrix4designmagazine\/\",\"https:\/\/www.youtube.com\/channel\/UCtuhSSrP3MOO_URZgv8mQ1A\"]},{\"@type\":\"Person\",\"@id\":\"https:\/\/www.matrix4design.com\/it\/#\/schema\/person\/9904de51b5d381af5b1b998563d3adfe\",\"name\":\"Giulia Guerra\",\"image\":{\"@type\":\"ImageObject\",\"inLanguage\":\"it-IT\",\"@id\":\"https:\/\/www.matrix4design.com\/it\/#\/schema\/person\/image\/\",\"url\":\"https:\/\/www.matrix4design.com\/wp-content\/uploads\/2023\/02\/logo_M4D_2023-96x96.jpg\",\"contentUrl\":\"https:\/\/www.matrix4design.com\/wp-content\/uploads\/2023\/02\/logo_M4D_2023-96x96.jpg\",\"caption\":\"Giulia Guerra\"},\"url\":\"https:\/\/www.matrix4design.com\/it\/author\/giuliag\/\"}]}<\/script>\n<!-- \/ Yoast SEO plugin. -->","yoast_head_json":{"title":"Protek, l\u2019innovazione oltre i controtelai: intervista al CEO Giovanni Maggioni","description":"Abbiamo incontrato Giovanni Maggioni, CEO di Protek, che in questa intervista ci racconta come l'azienda brianzola ha saputo cambiare in pochi anni il mondo dei controtelai.","robots":{"index":"index","follow":"follow","max-snippet":"max-snippet:-1","max-image-preview":"max-image-preview:large","max-video-preview":"max-video-preview:-1"},"canonical":"https:\/\/www.matrix4design.com\/it\/design\/protek-linnovazione-oltre-i-controtelai-intervista-al-ceo-giovanni-maggioni\/","og_locale":"it_IT","og_type":"article","og_title":"Protek, l\u2019innovazione oltre i controtelai: intervista al CEO Giovanni Maggioni","og_description":"Abbiamo incontrato Giovanni Maggioni, CEO di Protek, che in questa intervista ci racconta come l'azienda brianzola ha saputo cambiare in pochi anni il mondo dei controtelai.","og_url":"https:\/\/www.matrix4design.com\/it\/design\/protek-linnovazione-oltre-i-controtelai-intervista-al-ceo-giovanni-maggioni\/","og_site_name":"Matrix4Design","article_publisher":"https:\/\/www.facebook.com\/matrix4designmagazine\/","article_published_time":"2021-10-11T10:00:33+00:00","article_modified_time":"2023-02-03T11:05:11+00:00","og_image":[{"width":1600,"height":1342,"url":"https:\/\/www.matrix4design.com\/wp-content\/uploads\/2021\/10\/Bigfoot-MyOffice.jpg","type":"image\/jpeg"}],"author":"Giulia Guerra","twitter_card":"summary_large_image","twitter_misc":{"Scritto da":"Giulia Guerra","Tempo di lettura stimato":"5 minuti"},"schema":{"@context":"https:\/\/schema.org","@graph":[{"@type":"Article","@id":"https:\/\/www.matrix4design.com\/it\/design\/protek-linnovazione-oltre-i-controtelai-intervista-al-ceo-giovanni-maggioni\/#article","isPartOf":{"@id":"https:\/\/www.matrix4design.com\/it\/design\/protek-linnovazione-oltre-i-controtelai-intervista-al-ceo-giovanni-maggioni\/"},"author":{"name":"Giulia Guerra","@id":"https:\/\/www.matrix4design.com\/it\/#\/schema\/person\/9904de51b5d381af5b1b998563d3adfe"},"headline":"Protek, l\u2019innovazione oltre i controtelai: intervista al CEO Giovanni Maggioni","datePublished":"2021-10-11T10:00:33+00:00","dateModified":"2023-02-03T11:05:11+00:00","mainEntityOfPage":{"@id":"https:\/\/www.matrix4design.com\/it\/design\/protek-linnovazione-oltre-i-controtelai-intervista-al-ceo-giovanni-maggioni\/"},"wordCount":1001,"publisher":{"@id":"https:\/\/www.matrix4design.com\/it\/#organization"},"image":{"@id":"https:\/\/www.matrix4design.com\/it\/design\/protek-linnovazione-oltre-i-controtelai-intervista-al-ceo-giovanni-maggioni\/#primaryimage"},"thumbnailUrl":"https:\/\/www.matrix4design.com\/wp-content\/uploads\/2021\/10\/Bigfoot-MyOffice.jpg","articleSection":["#dontstopdesign","Design","Design home","Featured","Focus home"],"inLanguage":"it-IT"},{"@type":"WebPage","@id":"https:\/\/www.matrix4design.com\/it\/design\/protek-linnovazione-oltre-i-controtelai-intervista-al-ceo-giovanni-maggioni\/","url":"https:\/\/www.matrix4design.com\/it\/design\/protek-linnovazione-oltre-i-controtelai-intervista-al-ceo-giovanni-maggioni\/","name":"Protek, l\u2019innovazione oltre i controtelai: intervista al CEO Giovanni Maggioni","isPartOf":{"@id":"https:\/\/www.matrix4design.com\/it\/#website"},"primaryImageOfPage":{"@id":"https:\/\/www.matrix4design.com\/it\/design\/protek-linnovazione-oltre-i-controtelai-intervista-al-ceo-giovanni-maggioni\/#primaryimage"},"image":{"@id":"https:\/\/www.matrix4design.com\/it\/design\/protek-linnovazione-oltre-i-controtelai-intervista-al-ceo-giovanni-maggioni\/#primaryimage"},"thumbnailUrl":"https:\/\/www.matrix4design.com\/wp-content\/uploads\/2021\/10\/Bigfoot-MyOffice.jpg","datePublished":"2021-10-11T10:00:33+00:00","dateModified":"2023-02-03T11:05:11+00:00","description":"Abbiamo incontrato Giovanni Maggioni, CEO di Protek, che in questa intervista ci racconta come l'azienda brianzola ha saputo cambiare in pochi anni il mondo dei controtelai.","breadcrumb":{"@id":"https:\/\/www.matrix4design.com\/it\/design\/protek-linnovazione-oltre-i-controtelai-intervista-al-ceo-giovanni-maggioni\/#breadcrumb"},"inLanguage":"it-IT","potentialAction":[{"@type":"ReadAction","target":["https:\/\/www.matrix4design.com\/it\/design\/protek-linnovazione-oltre-i-controtelai-intervista-al-ceo-giovanni-maggioni\/"]}]},{"@type":"ImageObject","inLanguage":"it-IT","@id":"https:\/\/www.matrix4design.com\/it\/design\/protek-linnovazione-oltre-i-controtelai-intervista-al-ceo-giovanni-maggioni\/#primaryimage","url":"https:\/\/www.matrix4design.com\/wp-content\/uploads\/2021\/10\/Bigfoot-MyOffice.jpg","contentUrl":"https:\/\/www.matrix4design.com\/wp-content\/uploads\/2021\/10\/Bigfoot-MyOffice.jpg","width":1600,"height":1342,"caption":"Bigfoot MyOffice"},{"@type":"BreadcrumbList","@id":"https:\/\/www.matrix4design.com\/it\/design\/protek-linnovazione-oltre-i-controtelai-intervista-al-ceo-giovanni-maggioni\/#breadcrumb","itemListElement":[{"@type":"ListItem","position":1,"name":"Home","item":"https:\/\/www.matrix4design.com\/it\/"},{"@type":"ListItem","position":2,"name":"Protek, l\u2019innovazione oltre i controtelai: intervista al CEO Giovanni Maggioni"}]},{"@type":"WebSite","@id":"https:\/\/www.matrix4design.com\/it\/#website","url":"https:\/\/www.matrix4design.com\/it\/","name":"Matrix4Design","description":"Digital architecture and design b2b magazine","publisher":{"@id":"https:\/\/www.matrix4design.com\/it\/#organization"},"potentialAction":[{"@type":"SearchAction","target":{"@type":"EntryPoint","urlTemplate":"https:\/\/www.matrix4design.com\/it\/?s={search_term_string}"},"query-input":{"@type":"PropertyValueSpecification","valueRequired":true,"valueName":"search_term_string"}}],"inLanguage":"it-IT"},{"@type":"Organization","@id":"https:\/\/www.matrix4design.com\/it\/#organization","name":"Matrix4Design","url":"https:\/\/www.matrix4design.com\/it\/","logo":{"@type":"ImageObject","inLanguage":"it-IT","@id":"https:\/\/www.matrix4design.com\/it\/#\/schema\/logo\/image\/","url":"https:\/\/www.matrix4design.com\/wp-content\/uploads\/2020\/04\/logo_matrix4design.png","contentUrl":"https:\/\/www.matrix4design.com\/wp-content\/uploads\/2020\/04\/logo_matrix4design.png","width":804,"height":114,"caption":"Matrix4Design"},"image":{"@id":"https:\/\/www.matrix4design.com\/it\/#\/schema\/logo\/image\/"},"sameAs":["https:\/\/www.facebook.com\/matrix4designmagazine\/","https:\/\/www.instagram.com\/matrix4designmagazine\/","https:\/\/www.youtube.com\/channel\/UCtuhSSrP3MOO_URZgv8mQ1A"]},{"@type":"Person","@id":"https:\/\/www.matrix4design.com\/it\/#\/schema\/person\/9904de51b5d381af5b1b998563d3adfe","name":"Giulia Guerra","image":{"@type":"ImageObject","inLanguage":"it-IT","@id":"https:\/\/www.matrix4design.com\/it\/#\/schema\/person\/image\/","url":"https:\/\/www.matrix4design.com\/wp-content\/uploads\/2023\/02\/logo_M4D_2023-96x96.jpg","contentUrl":"https:\/\/www.matrix4design.com\/wp-content\/uploads\/2023\/02\/logo_M4D_2023-96x96.jpg","caption":"Giulia Guerra"},"url":"https:\/\/www.matrix4design.com\/it\/author\/giuliag\/"}]}},"_links":{"self":[{"href":"https:\/\/www.matrix4design.com\/it\/wp-json\/wp\/v2\/posts\/81716","targetHints":{"allow":["GET"]}}],"collection":[{"href":"https:\/\/www.matrix4design.com\/it\/wp-json\/wp\/v2\/posts"}],"about":[{"href":"https:\/\/www.matrix4design.com\/it\/wp-json\/wp\/v2\/types\/post"}],"author":[{"embeddable":true,"href":"https:\/\/www.matrix4design.com\/it\/wp-json\/wp\/v2\/users\/31"}],"replies":[{"embeddable":true,"href":"https:\/\/www.matrix4design.com\/it\/wp-json\/wp\/v2\/comments?post=81716"}],"version-history":[{"count":1,"href":"https:\/\/www.matrix4design.com\/it\/wp-json\/wp\/v2\/posts\/81716\/revisions"}],"predecessor-version":[{"id":81724,"href":"https:\/\/www.matrix4design.com\/it\/wp-json\/wp\/v2\/posts\/81716\/revisions\/81724"}],"wp:featuredmedia":[{"embeddable":true,"href":"https:\/\/www.matrix4design.com\/it\/wp-json\/wp\/v2\/media\/81719"}],"wp:attachment":[{"href":"https:\/\/www.matrix4design.com\/it\/wp-json\/wp\/v2\/media?parent=81716"}],"wp:term":[{"taxonomy":"category","embeddable":true,"href":"https:\/\/www.matrix4design.com\/it\/wp-json\/wp\/v2\/categories?post=81716"},{"taxonomy":"post_tag","embeddable":true,"href":"https:\/\/www.matrix4design.com\/it\/wp-json\/wp\/v2\/tags?post=81716"}],"curies":[{"name":"wp","href":"https:\/\/api.w.org\/{rel}","templated":true}]}}