{"id":81861,"date":"2021-10-14T12:00:35","date_gmt":"2021-10-14T10:00:35","guid":{"rendered":"https:\/\/www.matrix4design.com\/?p=81861"},"modified":"2023-02-03T12:05:10","modified_gmt":"2023-02-03T11:05:10","slug":"25-anni-di-innovazione-bagno-giuseppe-presotto-racconta-la-crescita-del-mondo-arblu","status":"publish","type":"post","link":"https:\/\/www.matrix4design.com\/it\/design\/25-anni-di-innovazione-bagno-giuseppe-presotto-racconta-la-crescita-del-mondo-arblu\/","title":{"rendered":"25 anni di innovazione bagno: Giuseppe Presotto racconta la crescita del mondo Arblu"},"content":{"rendered":"<p>&nbsp;<\/p>\n<p>Azienda friulana di grande esperienza nel mondo dell\u2019arredo bagno, <a href=\"https:\/\/arblu.it\/\" target=\"_blank\" rel=\"noopener\"><strong>Arblu<\/strong><\/a> si distingue da sempre per la capacit\u00e0 di rinnovare il suo catalogo, tra ampliamenti di gamma e lavorazione di materiali diversi ma complementari come il vetro, il legno e l\u2019alluminio fino ad arrivare ai composti di resine naturali Pietrablu e Tecnoblu. Il tutto unito alla straordinaria qualit\u00e0 tecnica ed estetica dei prodotti proposti che si accompagna ad un approccio di estrema attenzione verso il cliente, seguito passo dopo passo in tutte le fasi di realizzazione dell\u2019ambiente bagno. Un percorso che continua nel segno della crescita e della ricerca, come ci racconta in questa intervista <strong>Giuseppe Presotto<\/strong>, Owner and Chief Executive Officer di Arblu, fresco del successo di Cersaie, la fiera della ceramica e dell\u2019arredo bagno svoltasi a Bologna a fine settembre.<\/p>\n<figure id=\"attachment_81864\" aria-describedby=\"caption-attachment-81864\" style=\"width: 1498px\" class=\"wp-caption aligncenter\"><img loading=\"lazy\" decoding=\"async\" class=\"wp-image-81864 size-full\" src=\"https:\/\/www.matrix4design.com\/wp-content\/uploads\/2021\/10\/ARBLU_Icaro_03_MG_1439.jpg\" alt=\"\" width=\"1498\" height=\"998\" srcset=\"https:\/\/www.matrix4design.com\/wp-content\/uploads\/2021\/10\/ARBLU_Icaro_03_MG_1439.jpg 1498w, https:\/\/www.matrix4design.com\/wp-content\/uploads\/2021\/10\/ARBLU_Icaro_03_MG_1439-300x200.jpg 300w, https:\/\/www.matrix4design.com\/wp-content\/uploads\/2021\/10\/ARBLU_Icaro_03_MG_1439-1024x682.jpg 1024w, https:\/\/www.matrix4design.com\/wp-content\/uploads\/2021\/10\/ARBLU_Icaro_03_MG_1439-768x512.jpg 768w\" sizes=\"auto, (max-width: 1498px) 100vw, 1498px\" \/><figcaption id=\"caption-attachment-81864\" class=\"wp-caption-text\">Arblu &#8211; Icaro<\/figcaption><\/figure>\n<p><strong>Quali sono le novit\u00e0 su cui Arblu ha scelto di puntare a Cersaie 2021?<\/strong><\/p>\n<p>Arblu si \u00e8 presentata a Cersaie con un ampio rinnovamento e ampliamento della gamma prodotti. Le novit\u00e0 maggiori interessano le chiusure doccia con cinque nuovi modelli: Icaro, Clo\u00e8, Filo, Virgo e A180.<\/p>\n<p>Icaro \u00e8 stato presentato nei mesi scorsi, mentre Clo\u00e8, Filo e Virgo sono un\u2019anteprima assoluta di questo 2021. Questo rinnovamento andr\u00e0 a interessare anche i primi mesi del 2022 con la presentazione dell\u2019ampliamento della gamma del box doccia A180 durante il prossimo Salone del Mobile di Milano.<\/p>\n<p><strong>Il 2021 \u00e8 un anno particolarmente importante per Arblu, che compie 25 anni. L\u2019azienda come ha scelto di festeggiare questo traguardo?<\/strong><\/p>\n<p>L\u2019azienda \u00e8 stata fondata nel 1996 da mio padre, Piergiorgio Presotto, che ad oggi la gestisce insieme a me e a mia sorella Diada.<\/p>\n<p>Viste le varie restrizione dovute alla pandemia abbiamo deciso di festeggiare internamente con tutti i nostri dipendenti. Un piacevole momento di condivisione e festeggiamenti con le persone che hanno contribuito alla crescita e al successo della nostra azienda.<\/p>\n<figure id=\"attachment_81863\" aria-describedby=\"caption-attachment-81863\" style=\"width: 1600px\" class=\"wp-caption aligncenter\"><img loading=\"lazy\" decoding=\"async\" class=\"wp-image-81863 size-full\" src=\"https:\/\/www.matrix4design.com\/wp-content\/uploads\/2021\/10\/KORE_MG_2673.jpg\" alt=\"\" width=\"1600\" height=\"1049\" srcset=\"https:\/\/www.matrix4design.com\/wp-content\/uploads\/2021\/10\/KORE_MG_2673.jpg 1600w, https:\/\/www.matrix4design.com\/wp-content\/uploads\/2021\/10\/KORE_MG_2673-300x197.jpg 300w, https:\/\/www.matrix4design.com\/wp-content\/uploads\/2021\/10\/KORE_MG_2673-1024x671.jpg 1024w, https:\/\/www.matrix4design.com\/wp-content\/uploads\/2021\/10\/KORE_MG_2673-768x504.jpg 768w, https:\/\/www.matrix4design.com\/wp-content\/uploads\/2021\/10\/KORE_MG_2673-1536x1007.jpg 1536w\" sizes=\"auto, (max-width: 1600px) 100vw, 1600px\" \/><figcaption id=\"caption-attachment-81863\" class=\"wp-caption-text\">Arblu &#8211; Kore<\/figcaption><\/figure>\n<p><strong>Tra i numerosi riconoscimenti ricevuti di recente, c\u2019\u00e8 sicuramente la selezione del box doccia Kore tra i prodotti in corsa per l\u2019ADI. Che cosa significa per voi questo risultato?<\/strong><\/p>\n<p>Siamo onorati di aver ricevuto questo importante riconoscimento perch\u00e9 ci ripaga del lavoro svolto e ci sprona a continuare in questa direzione. Sono state premiate l\u2019attenzione, la cura al dettaglio e le qualit\u00e0 tecniche ed estetiche e siamo contenti che questo ci venga riconosciuto. L\u2019azienda, infatti, sta continuando a investire molte risorse nella ricerca di prodotto, sia sul piano progettuale che tecnologico. Kore \u00e8 un prodotto che coniuga perfettamente estetica e funzionalit\u00e0, dove sono i dettagli a fare la differenza.<\/p>\n<p><strong>Arblu \u00e8 un\u2019azienda in crescita. Quali sono i prossimi obiettivi da raggiungere?<\/strong><\/p>\n<p>Il primo semestre 2021 \u00e8 andato bene. Nel nostro caso specifico, abbiamo avuto per l\u2019arredamento un +15% e per i piatti un +13%. L&#8217;aumento di fatturato nel semestre 2021 rispetto al semestre 2020 \u00e8 stato del 40% all&#8217;estero e del 60% in Italia. Adesso puntiamo a farci conoscere e riconoscere nel mercato, oltre a cercare di continuare questa costante crescita strutturale e di fatturato.<\/p>\n","protected":false},"excerpt":{"rendered":"<p>&nbsp; Azienda friulana di grande esperienza nel mondo dell\u2019arredo bagno, Arblu si distingue da sempre per la capacit\u00e0 di rinnovare il suo catalogo, tra ampliamenti di gamma e lavorazione di materiali diversi ma complementari come il vetro, il legno e l\u2019alluminio fino ad arrivare ai composti di resine naturali Pietrablu e Tecnoblu. Il tutto unito [&hellip;]<\/p>\n","protected":false},"author":31,"featured_media":81863,"comment_status":"closed","ping_status":"closed","sticky":false,"template":"","format":"video","meta":{"_acf_changed":false,"footnotes":""},"categories":[530,366,418,368,379,534],"tags":[411],"class_list":{"0":"post-81861","1":"post","2":"type-post","3":"status-publish","4":"format-video","5":"has-post-thumbnail","7":"category-aziende","8":"category-design","9":"category-design-home","10":"category-featured","11":"category-focus-home","12":"category-video","13":"tag-bagno","14":"post_format-post-format-video"},"acf":[],"yoast_head":"<!-- This site is optimized with the Yoast SEO plugin v27.0 - https:\/\/yoast.com\/product\/yoast-seo-wordpress\/ -->\n<title>25 anni di innovazione bagno: Giuseppe Presotto racconta il mondo Arblu<\/title>\n<meta name=\"description\" content=\"In questa intervista Giuseppe Presotto, Owner e Chief Executive Officer di Arblu, racconta l&#039;evoluzione dell&#039;azienda e gli obiettivi futuri.\" \/>\n<meta name=\"robots\" content=\"index, follow, max-snippet:-1, max-image-preview:large, max-video-preview:-1\" \/>\n<link rel=\"canonical\" href=\"https:\/\/www.matrix4design.com\/it\/design\/25-anni-di-innovazione-bagno-giuseppe-presotto-racconta-la-crescita-del-mondo-arblu\/\" \/>\n<meta property=\"og:locale\" content=\"it_IT\" \/>\n<meta property=\"og:type\" content=\"article\" \/>\n<meta property=\"og:title\" content=\"25 anni di innovazione bagno: Giuseppe Presotto racconta il mondo Arblu\" \/>\n<meta property=\"og:description\" content=\"In questa intervista Giuseppe Presotto, Owner e Chief Executive Officer di Arblu, racconta l&#039;evoluzione dell&#039;azienda e gli obiettivi futuri.\" \/>\n<meta property=\"og:url\" content=\"https:\/\/www.matrix4design.com\/it\/design\/25-anni-di-innovazione-bagno-giuseppe-presotto-racconta-la-crescita-del-mondo-arblu\/\" \/>\n<meta property=\"og:site_name\" content=\"Matrix4Design\" \/>\n<meta property=\"article:publisher\" content=\"https:\/\/www.facebook.com\/matrix4designmagazine\/\" \/>\n<meta property=\"article:published_time\" content=\"2021-10-14T10:00:35+00:00\" \/>\n<meta property=\"article:modified_time\" content=\"2023-02-03T11:05:10+00:00\" \/>\n<meta property=\"og:image\" content=\"https:\/\/www.matrix4design.com\/wp-content\/uploads\/2021\/10\/KORE_MG_2673.jpg\" \/>\n\t<meta property=\"og:image:width\" content=\"1600\" \/>\n\t<meta property=\"og:image:height\" content=\"1049\" \/>\n\t<meta property=\"og:image:type\" content=\"image\/jpeg\" \/>\n<meta name=\"author\" content=\"Giulia Guerra\" \/>\n<meta name=\"twitter:card\" content=\"summary_large_image\" \/>\n<meta name=\"twitter:label1\" content=\"Scritto da\" \/>\n\t<meta name=\"twitter:data1\" content=\"Giulia Guerra\" \/>\n\t<meta name=\"twitter:label2\" content=\"Tempo di lettura stimato\" \/>\n\t<meta name=\"twitter:data2\" content=\"4 minuti\" \/>\n<script type=\"application\/ld+json\" class=\"yoast-schema-graph\">{\"@context\":\"https:\/\/schema.org\",\"@graph\":[{\"@type\":\"Article\",\"@id\":\"https:\/\/www.matrix4design.com\/it\/design\/25-anni-di-innovazione-bagno-giuseppe-presotto-racconta-la-crescita-del-mondo-arblu\/#article\",\"isPartOf\":{\"@id\":\"https:\/\/www.matrix4design.com\/it\/design\/25-anni-di-innovazione-bagno-giuseppe-presotto-racconta-la-crescita-del-mondo-arblu\/\"},\"author\":{\"name\":\"Giulia Guerra\",\"@id\":\"https:\/\/www.matrix4design.com\/it\/#\/schema\/person\/9904de51b5d381af5b1b998563d3adfe\"},\"headline\":\"25 anni di innovazione bagno: Giuseppe Presotto racconta la crescita del mondo Arblu\",\"datePublished\":\"2021-10-14T10:00:35+00:00\",\"dateModified\":\"2023-02-03T11:05:10+00:00\",\"mainEntityOfPage\":{\"@id\":\"https:\/\/www.matrix4design.com\/it\/design\/25-anni-di-innovazione-bagno-giuseppe-presotto-racconta-la-crescita-del-mondo-arblu\/\"},\"wordCount\":519,\"publisher\":{\"@id\":\"https:\/\/www.matrix4design.com\/it\/#organization\"},\"image\":{\"@id\":\"https:\/\/www.matrix4design.com\/it\/design\/25-anni-di-innovazione-bagno-giuseppe-presotto-racconta-la-crescita-del-mondo-arblu\/#primaryimage\"},\"thumbnailUrl\":\"https:\/\/www.matrix4design.com\/wp-content\/uploads\/2021\/10\/KORE_MG_2673.jpg\",\"keywords\":[\"bagno\"],\"articleSection\":[\"Aziende\",\"Design\",\"Design home\",\"Featured\",\"Focus home\",\"Video\"],\"inLanguage\":\"it-IT\"},{\"@type\":\"WebPage\",\"@id\":\"https:\/\/www.matrix4design.com\/it\/design\/25-anni-di-innovazione-bagno-giuseppe-presotto-racconta-la-crescita-del-mondo-arblu\/\",\"url\":\"https:\/\/www.matrix4design.com\/it\/design\/25-anni-di-innovazione-bagno-giuseppe-presotto-racconta-la-crescita-del-mondo-arblu\/\",\"name\":\"25 anni di innovazione bagno: Giuseppe Presotto racconta il mondo Arblu\",\"isPartOf\":{\"@id\":\"https:\/\/www.matrix4design.com\/it\/#website\"},\"primaryImageOfPage\":{\"@id\":\"https:\/\/www.matrix4design.com\/it\/design\/25-anni-di-innovazione-bagno-giuseppe-presotto-racconta-la-crescita-del-mondo-arblu\/#primaryimage\"},\"image\":{\"@id\":\"https:\/\/www.matrix4design.com\/it\/design\/25-anni-di-innovazione-bagno-giuseppe-presotto-racconta-la-crescita-del-mondo-arblu\/#primaryimage\"},\"thumbnailUrl\":\"https:\/\/www.matrix4design.com\/wp-content\/uploads\/2021\/10\/KORE_MG_2673.jpg\",\"datePublished\":\"2021-10-14T10:00:35+00:00\",\"dateModified\":\"2023-02-03T11:05:10+00:00\",\"description\":\"In questa intervista Giuseppe Presotto, Owner e Chief Executive Officer di Arblu, racconta l'evoluzione dell'azienda e gli obiettivi futuri.\",\"breadcrumb\":{\"@id\":\"https:\/\/www.matrix4design.com\/it\/design\/25-anni-di-innovazione-bagno-giuseppe-presotto-racconta-la-crescita-del-mondo-arblu\/#breadcrumb\"},\"inLanguage\":\"it-IT\",\"potentialAction\":[{\"@type\":\"ReadAction\",\"target\":[\"https:\/\/www.matrix4design.com\/it\/design\/25-anni-di-innovazione-bagno-giuseppe-presotto-racconta-la-crescita-del-mondo-arblu\/\"]}]},{\"@type\":\"ImageObject\",\"inLanguage\":\"it-IT\",\"@id\":\"https:\/\/www.matrix4design.com\/it\/design\/25-anni-di-innovazione-bagno-giuseppe-presotto-racconta-la-crescita-del-mondo-arblu\/#primaryimage\",\"url\":\"https:\/\/www.matrix4design.com\/wp-content\/uploads\/2021\/10\/KORE_MG_2673.jpg\",\"contentUrl\":\"https:\/\/www.matrix4design.com\/wp-content\/uploads\/2021\/10\/KORE_MG_2673.jpg\",\"width\":1600,\"height\":1049,\"caption\":\"Arblu - Kore\"},{\"@type\":\"BreadcrumbList\",\"@id\":\"https:\/\/www.matrix4design.com\/it\/design\/25-anni-di-innovazione-bagno-giuseppe-presotto-racconta-la-crescita-del-mondo-arblu\/#breadcrumb\",\"itemListElement\":[{\"@type\":\"ListItem\",\"position\":1,\"name\":\"Home\",\"item\":\"https:\/\/www.matrix4design.com\/it\/\"},{\"@type\":\"ListItem\",\"position\":2,\"name\":\"25 anni di innovazione bagno: Giuseppe Presotto racconta la crescita del mondo Arblu\"}]},{\"@type\":\"WebSite\",\"@id\":\"https:\/\/www.matrix4design.com\/it\/#website\",\"url\":\"https:\/\/www.matrix4design.com\/it\/\",\"name\":\"Matrix4Design\",\"description\":\"Digital architecture and design b2b magazine\",\"publisher\":{\"@id\":\"https:\/\/www.matrix4design.com\/it\/#organization\"},\"potentialAction\":[{\"@type\":\"SearchAction\",\"target\":{\"@type\":\"EntryPoint\",\"urlTemplate\":\"https:\/\/www.matrix4design.com\/it\/?s={search_term_string}\"},\"query-input\":{\"@type\":\"PropertyValueSpecification\",\"valueRequired\":true,\"valueName\":\"search_term_string\"}}],\"inLanguage\":\"it-IT\"},{\"@type\":\"Organization\",\"@id\":\"https:\/\/www.matrix4design.com\/it\/#organization\",\"name\":\"Matrix4Design\",\"url\":\"https:\/\/www.matrix4design.com\/it\/\",\"logo\":{\"@type\":\"ImageObject\",\"inLanguage\":\"it-IT\",\"@id\":\"https:\/\/www.matrix4design.com\/it\/#\/schema\/logo\/image\/\",\"url\":\"https:\/\/www.matrix4design.com\/wp-content\/uploads\/2020\/04\/logo_matrix4design.png\",\"contentUrl\":\"https:\/\/www.matrix4design.com\/wp-content\/uploads\/2020\/04\/logo_matrix4design.png\",\"width\":804,\"height\":114,\"caption\":\"Matrix4Design\"},\"image\":{\"@id\":\"https:\/\/www.matrix4design.com\/it\/#\/schema\/logo\/image\/\"},\"sameAs\":[\"https:\/\/www.facebook.com\/matrix4designmagazine\/\",\"https:\/\/www.instagram.com\/matrix4designmagazine\/\",\"https:\/\/www.youtube.com\/channel\/UCtuhSSrP3MOO_URZgv8mQ1A\"]},{\"@type\":\"Person\",\"@id\":\"https:\/\/www.matrix4design.com\/it\/#\/schema\/person\/9904de51b5d381af5b1b998563d3adfe\",\"name\":\"Giulia Guerra\",\"image\":{\"@type\":\"ImageObject\",\"inLanguage\":\"it-IT\",\"@id\":\"https:\/\/www.matrix4design.com\/it\/#\/schema\/person\/image\/\",\"url\":\"https:\/\/www.matrix4design.com\/wp-content\/uploads\/2023\/02\/logo_M4D_2023-96x96.jpg\",\"contentUrl\":\"https:\/\/www.matrix4design.com\/wp-content\/uploads\/2023\/02\/logo_M4D_2023-96x96.jpg\",\"caption\":\"Giulia Guerra\"},\"url\":\"https:\/\/www.matrix4design.com\/it\/author\/giuliag\/\"}]}<\/script>\n<!-- \/ Yoast SEO plugin. -->","yoast_head_json":{"title":"25 anni di innovazione bagno: Giuseppe Presotto racconta il mondo Arblu","description":"In questa intervista Giuseppe Presotto, Owner e Chief Executive Officer di Arblu, racconta l'evoluzione dell'azienda e gli obiettivi futuri.","robots":{"index":"index","follow":"follow","max-snippet":"max-snippet:-1","max-image-preview":"max-image-preview:large","max-video-preview":"max-video-preview:-1"},"canonical":"https:\/\/www.matrix4design.com\/it\/design\/25-anni-di-innovazione-bagno-giuseppe-presotto-racconta-la-crescita-del-mondo-arblu\/","og_locale":"it_IT","og_type":"article","og_title":"25 anni di innovazione bagno: Giuseppe Presotto racconta il mondo Arblu","og_description":"In questa intervista Giuseppe Presotto, Owner e Chief Executive Officer di Arblu, racconta l'evoluzione dell'azienda e gli obiettivi futuri.","og_url":"https:\/\/www.matrix4design.com\/it\/design\/25-anni-di-innovazione-bagno-giuseppe-presotto-racconta-la-crescita-del-mondo-arblu\/","og_site_name":"Matrix4Design","article_publisher":"https:\/\/www.facebook.com\/matrix4designmagazine\/","article_published_time":"2021-10-14T10:00:35+00:00","article_modified_time":"2023-02-03T11:05:10+00:00","og_image":[{"width":1600,"height":1049,"url":"https:\/\/www.matrix4design.com\/wp-content\/uploads\/2021\/10\/KORE_MG_2673.jpg","type":"image\/jpeg"}],"author":"Giulia Guerra","twitter_card":"summary_large_image","twitter_misc":{"Scritto da":"Giulia Guerra","Tempo di lettura stimato":"4 minuti"},"schema":{"@context":"https:\/\/schema.org","@graph":[{"@type":"Article","@id":"https:\/\/www.matrix4design.com\/it\/design\/25-anni-di-innovazione-bagno-giuseppe-presotto-racconta-la-crescita-del-mondo-arblu\/#article","isPartOf":{"@id":"https:\/\/www.matrix4design.com\/it\/design\/25-anni-di-innovazione-bagno-giuseppe-presotto-racconta-la-crescita-del-mondo-arblu\/"},"author":{"name":"Giulia Guerra","@id":"https:\/\/www.matrix4design.com\/it\/#\/schema\/person\/9904de51b5d381af5b1b998563d3adfe"},"headline":"25 anni di innovazione bagno: Giuseppe Presotto racconta la crescita del mondo Arblu","datePublished":"2021-10-14T10:00:35+00:00","dateModified":"2023-02-03T11:05:10+00:00","mainEntityOfPage":{"@id":"https:\/\/www.matrix4design.com\/it\/design\/25-anni-di-innovazione-bagno-giuseppe-presotto-racconta-la-crescita-del-mondo-arblu\/"},"wordCount":519,"publisher":{"@id":"https:\/\/www.matrix4design.com\/it\/#organization"},"image":{"@id":"https:\/\/www.matrix4design.com\/it\/design\/25-anni-di-innovazione-bagno-giuseppe-presotto-racconta-la-crescita-del-mondo-arblu\/#primaryimage"},"thumbnailUrl":"https:\/\/www.matrix4design.com\/wp-content\/uploads\/2021\/10\/KORE_MG_2673.jpg","keywords":["bagno"],"articleSection":["Aziende","Design","Design home","Featured","Focus home","Video"],"inLanguage":"it-IT"},{"@type":"WebPage","@id":"https:\/\/www.matrix4design.com\/it\/design\/25-anni-di-innovazione-bagno-giuseppe-presotto-racconta-la-crescita-del-mondo-arblu\/","url":"https:\/\/www.matrix4design.com\/it\/design\/25-anni-di-innovazione-bagno-giuseppe-presotto-racconta-la-crescita-del-mondo-arblu\/","name":"25 anni di innovazione bagno: Giuseppe Presotto racconta il mondo Arblu","isPartOf":{"@id":"https:\/\/www.matrix4design.com\/it\/#website"},"primaryImageOfPage":{"@id":"https:\/\/www.matrix4design.com\/it\/design\/25-anni-di-innovazione-bagno-giuseppe-presotto-racconta-la-crescita-del-mondo-arblu\/#primaryimage"},"image":{"@id":"https:\/\/www.matrix4design.com\/it\/design\/25-anni-di-innovazione-bagno-giuseppe-presotto-racconta-la-crescita-del-mondo-arblu\/#primaryimage"},"thumbnailUrl":"https:\/\/www.matrix4design.com\/wp-content\/uploads\/2021\/10\/KORE_MG_2673.jpg","datePublished":"2021-10-14T10:00:35+00:00","dateModified":"2023-02-03T11:05:10+00:00","description":"In questa intervista Giuseppe Presotto, Owner e Chief Executive Officer di Arblu, racconta l'evoluzione dell'azienda e gli obiettivi futuri.","breadcrumb":{"@id":"https:\/\/www.matrix4design.com\/it\/design\/25-anni-di-innovazione-bagno-giuseppe-presotto-racconta-la-crescita-del-mondo-arblu\/#breadcrumb"},"inLanguage":"it-IT","potentialAction":[{"@type":"ReadAction","target":["https:\/\/www.matrix4design.com\/it\/design\/25-anni-di-innovazione-bagno-giuseppe-presotto-racconta-la-crescita-del-mondo-arblu\/"]}]},{"@type":"ImageObject","inLanguage":"it-IT","@id":"https:\/\/www.matrix4design.com\/it\/design\/25-anni-di-innovazione-bagno-giuseppe-presotto-racconta-la-crescita-del-mondo-arblu\/#primaryimage","url":"https:\/\/www.matrix4design.com\/wp-content\/uploads\/2021\/10\/KORE_MG_2673.jpg","contentUrl":"https:\/\/www.matrix4design.com\/wp-content\/uploads\/2021\/10\/KORE_MG_2673.jpg","width":1600,"height":1049,"caption":"Arblu - Kore"},{"@type":"BreadcrumbList","@id":"https:\/\/www.matrix4design.com\/it\/design\/25-anni-di-innovazione-bagno-giuseppe-presotto-racconta-la-crescita-del-mondo-arblu\/#breadcrumb","itemListElement":[{"@type":"ListItem","position":1,"name":"Home","item":"https:\/\/www.matrix4design.com\/it\/"},{"@type":"ListItem","position":2,"name":"25 anni di innovazione bagno: Giuseppe Presotto racconta la crescita del mondo Arblu"}]},{"@type":"WebSite","@id":"https:\/\/www.matrix4design.com\/it\/#website","url":"https:\/\/www.matrix4design.com\/it\/","name":"Matrix4Design","description":"Digital architecture and design b2b magazine","publisher":{"@id":"https:\/\/www.matrix4design.com\/it\/#organization"},"potentialAction":[{"@type":"SearchAction","target":{"@type":"EntryPoint","urlTemplate":"https:\/\/www.matrix4design.com\/it\/?s={search_term_string}"},"query-input":{"@type":"PropertyValueSpecification","valueRequired":true,"valueName":"search_term_string"}}],"inLanguage":"it-IT"},{"@type":"Organization","@id":"https:\/\/www.matrix4design.com\/it\/#organization","name":"Matrix4Design","url":"https:\/\/www.matrix4design.com\/it\/","logo":{"@type":"ImageObject","inLanguage":"it-IT","@id":"https:\/\/www.matrix4design.com\/it\/#\/schema\/logo\/image\/","url":"https:\/\/www.matrix4design.com\/wp-content\/uploads\/2020\/04\/logo_matrix4design.png","contentUrl":"https:\/\/www.matrix4design.com\/wp-content\/uploads\/2020\/04\/logo_matrix4design.png","width":804,"height":114,"caption":"Matrix4Design"},"image":{"@id":"https:\/\/www.matrix4design.com\/it\/#\/schema\/logo\/image\/"},"sameAs":["https:\/\/www.facebook.com\/matrix4designmagazine\/","https:\/\/www.instagram.com\/matrix4designmagazine\/","https:\/\/www.youtube.com\/channel\/UCtuhSSrP3MOO_URZgv8mQ1A"]},{"@type":"Person","@id":"https:\/\/www.matrix4design.com\/it\/#\/schema\/person\/9904de51b5d381af5b1b998563d3adfe","name":"Giulia Guerra","image":{"@type":"ImageObject","inLanguage":"it-IT","@id":"https:\/\/www.matrix4design.com\/it\/#\/schema\/person\/image\/","url":"https:\/\/www.matrix4design.com\/wp-content\/uploads\/2023\/02\/logo_M4D_2023-96x96.jpg","contentUrl":"https:\/\/www.matrix4design.com\/wp-content\/uploads\/2023\/02\/logo_M4D_2023-96x96.jpg","caption":"Giulia Guerra"},"url":"https:\/\/www.matrix4design.com\/it\/author\/giuliag\/"}]}},"_links":{"self":[{"href":"https:\/\/www.matrix4design.com\/it\/wp-json\/wp\/v2\/posts\/81861","targetHints":{"allow":["GET"]}}],"collection":[{"href":"https:\/\/www.matrix4design.com\/it\/wp-json\/wp\/v2\/posts"}],"about":[{"href":"https:\/\/www.matrix4design.com\/it\/wp-json\/wp\/v2\/types\/post"}],"author":[{"embeddable":true,"href":"https:\/\/www.matrix4design.com\/it\/wp-json\/wp\/v2\/users\/31"}],"replies":[{"embeddable":true,"href":"https:\/\/www.matrix4design.com\/it\/wp-json\/wp\/v2\/comments?post=81861"}],"version-history":[{"count":2,"href":"https:\/\/www.matrix4design.com\/it\/wp-json\/wp\/v2\/posts\/81861\/revisions"}],"predecessor-version":[{"id":95684,"href":"https:\/\/www.matrix4design.com\/it\/wp-json\/wp\/v2\/posts\/81861\/revisions\/95684"}],"wp:featuredmedia":[{"embeddable":true,"href":"https:\/\/www.matrix4design.com\/it\/wp-json\/wp\/v2\/media\/81863"}],"wp:attachment":[{"href":"https:\/\/www.matrix4design.com\/it\/wp-json\/wp\/v2\/media?parent=81861"}],"wp:term":[{"taxonomy":"category","embeddable":true,"href":"https:\/\/www.matrix4design.com\/it\/wp-json\/wp\/v2\/categories?post=81861"},{"taxonomy":"post_tag","embeddable":true,"href":"https:\/\/www.matrix4design.com\/it\/wp-json\/wp\/v2\/tags?post=81861"}],"curies":[{"name":"wp","href":"https:\/\/api.w.org\/{rel}","templated":true}]}}