{"id":84487,"date":"2022-01-24T12:00:42","date_gmt":"2022-01-24T11:00:42","guid":{"rendered":"https:\/\/www.matrix4design.com\/?p=84487"},"modified":"2023-02-03T12:05:04","modified_gmt":"2023-02-03T11:05:04","slug":"la-sfida-di-s-2-architetti-per-una-nuova-etica-dellarchitettura","status":"publish","type":"post","link":"https:\/\/www.matrix4design.com\/it\/architettura\/la-sfida-di-s-2-architetti-per-una-nuova-etica-dellarchitettura\/","title":{"rendered":"La sfida di S 2 ARCHITETTI per una nuova etica dell\u2019architettura"},"content":{"rendered":"<p>&nbsp;<\/p>\n<p>Sostenibile, etico, unico e irripetibile. Corrisponde a questa descrizione ogni progetto nato dalla matita di <strong>Alessandro Stroligo<\/strong> e <strong>Lisa Santin<\/strong>, che dopo una lunga e blasonata carriera nella progettazione architettonica hanno fondato lo studio<strong><a href=\"https:\/\/www.s2architetti.com\/\" target=\"_blank\" rel=\"noopener\"> S 2 ARCHITETTI<\/a> (STROLIGO SANTIN ARCHITETTI)<\/strong>, nato a met\u00e0 tra la Svizzera e l\u2019Italia ma fin dalle sue origini proiettato oltre qualunque confine. Con una missione: quella di costruire edifici a misura d\u2019uomo, in grado di generare emozioni positive e di sintonizzarsi con l\u2019identit\u00e0 di un luogo, valorizzandola senza stravolgerla. Cos\u00ec l\u2019attenzione verso le esigenze dell\u2019uomo e dell\u2019ambiente si unisce ad uno stile contemporaneo, intriso di ispirazioni artistiche e letterarie, che testimonia come l\u2019architettura non possa mai prescindere dalla cultura. Per saperne di pi\u00f9, abbiamo incontrato l\u2019architetto Alessandro Stroligo. Ecco quello che ci ha raccontato.<\/p>\n<figure id=\"attachment_84489\" aria-describedby=\"caption-attachment-84489\" style=\"width: 1080px\" class=\"wp-caption aligncenter\"><img loading=\"lazy\" decoding=\"async\" class=\"size-full wp-image-84489\" src=\"https:\/\/www.matrix4design.com\/wp-content\/uploads\/2022\/01\/Foto-AS_LS_BN.jpg\" alt=\"\" width=\"1080\" height=\"1080\" srcset=\"https:\/\/www.matrix4design.com\/wp-content\/uploads\/2022\/01\/Foto-AS_LS_BN.jpg 1080w, https:\/\/www.matrix4design.com\/wp-content\/uploads\/2022\/01\/Foto-AS_LS_BN-300x300.jpg 300w, https:\/\/www.matrix4design.com\/wp-content\/uploads\/2022\/01\/Foto-AS_LS_BN-1024x1024.jpg 1024w, https:\/\/www.matrix4design.com\/wp-content\/uploads\/2022\/01\/Foto-AS_LS_BN-150x150.jpg 150w, https:\/\/www.matrix4design.com\/wp-content\/uploads\/2022\/01\/Foto-AS_LS_BN-768x768.jpg 768w, https:\/\/www.matrix4design.com\/wp-content\/uploads\/2022\/01\/Foto-AS_LS_BN-360x360.jpg 360w\" sizes=\"auto, (max-width: 1080px) 100vw, 1080px\" \/><figcaption id=\"caption-attachment-84489\" class=\"wp-caption-text\">Gli architetti Alessandro Stroligo e Lisa Santin<\/figcaption><\/figure>\n<p><strong>Come nasce l\u2019esperienza di S 2 ARCHITETTI?<\/strong><\/p>\n<p>S 2 ARCHITETTI \u00e8 un\u2019esperienza che nasce dalla volont\u00e0 mia e di mia moglie Lisa, entrambi architetti, di unire le nostre conoscenze professionali, maturate in contesti diversi ma complementari. Dopo gli studi universitari a Venezia con grandi maestri del calibro di Gino Valle, Aldo Rossi e Vittorio Gregotti, durante i quali ci siamo conosciuti, abbiamo infatti deciso di trasferirci a Londra, una scelta che definirei decisiva: Lisa ha cominciato a lavorare in un grosso studio specializzato nella progettazione residenziale mentre io sono approdato in un\u2019importante societ\u00e0 di progettazione internazionale che nel 2003 mi ha chiesto di trasferirmi nella nuova sede di Milano dove ho avuto un ruolo direzionale per 10 anni (2006-2016). Questa sede \u00e8 cresciuta moltissimo in poco tempo (siamo passati da pochi architetti a pi\u00f9 di 50 nel giro di soli cinque anni) arrivando a lavorare in oltre 20 Paesi e coltivando una clientela interessata ad un tipo di architettura in grado di sposare il pragmatismo inglese alla creativit\u00e0 italiana.<\/p>\n<p>Nel 2016 per\u00f2 abbiamo sentito la forte esigenza di cambiare e di farlo cominciando dalla Svizzera, un Paese in cui entrambi avevamo poca esperienza professionale, pur essendo io anche cittadino svizzero. Si \u00e8 trattato di un vero e proprio processo di rinascita personale e professionale: Lisa ed io abbiamo voluto fare tesoro delle nostre esperienze precedenti e immaginare per la prima volta un percorso comune, con clienti nuovi e in una scala pi\u00f9 ridotta, tornando ad una dimensione pi\u00f9 artigianale del progettare, pi\u00f9 a misura d\u2019uomo.<\/p>\n<p>Nasce cos\u00ec S 2 ARCHITETTI, uno studio formato da persone che condividono la stessa etica e passione e fondato sulla convinzione che ogni progetto \u00e8 unico e come tale va modellato sul cliente, sul contesto, come un abito di sartoria. A guidarci \u00e8 la qualit\u00e0 di ogni progetto, che noi seguiamo in ogni sua parte.<\/p>\n<p><strong>La sostenibilit\u00e0 \u00e8 uno dei valori cardine della vostra visione progettuale. Come la interpretate?<\/strong><\/p>\n<p>In modo ampio e complesso. Partendo dal nostro bagaglio di esperienze precedenti, che hanno contribuito a plasmare il nostro stile progettuale sobrio, ricercato, contemporaneo, negli ultimi anni abbiamo scelto di intraprendere\u00a0un percorso di crescita personale e professionale che fa della sostenibilit\u00e0 intesa in senso olistico la base del costruire. L\u2019idea \u00e8 che occorra generare e trasmettere energia positiva, con la propria vita e con il proprio lavoro, prendendo le mosse dai principi dell\u2019epigenetica e della fisica quantistica, secondo la quale tutto \u00e8 energia. Ora, se quando incontriamo una persona noi percepiamo delle sensazioni, che possono essere positive o negative, lo stesso vale per ci\u00f2 che ci trasmettono gli edifici, che devono essere progettati in maniera etica per creare in primo luogo contesti di positivit\u00e0.<\/p>\n<p>Per realizzarsi, questa visione progettuale multidisciplinare e autenticamente sostenibile, in senso umano e ambientale, deve essere condivisa da tutte le parti in causa, dall\u2019investitore ai progettisti, dai costruttori agli operai, e produce cos\u00ec tutta una serie di vantaggi sia strutturali che economici. La formula vincente sta nella capacit\u00e0 di creare una comunit\u00e0 di valori condivisi che, devo dire, oggi esiste e sta crescendo velocemente. Peraltro, lavorare tra Italia e Svizzera con questo approccio ci ha consentito di entrare in contatto con numerosi investitori, che hanno aderito al nostro modo di vedere l\u2019architettura e ci hanno offerto grandi opportunit\u00e0.<\/p>\n<figure id=\"attachment_84488\" aria-describedby=\"caption-attachment-84488\" style=\"width: 1600px\" class=\"wp-caption aligncenter\"><img loading=\"lazy\" decoding=\"async\" class=\"size-full wp-image-84488\" src=\"https:\/\/www.matrix4design.com\/wp-content\/uploads\/2022\/01\/VIVACITY-04.jpg\" alt=\"\" width=\"1600\" height=\"1066\" srcset=\"https:\/\/www.matrix4design.com\/wp-content\/uploads\/2022\/01\/VIVACITY-04.jpg 1600w, https:\/\/www.matrix4design.com\/wp-content\/uploads\/2022\/01\/VIVACITY-04-300x200.jpg 300w, https:\/\/www.matrix4design.com\/wp-content\/uploads\/2022\/01\/VIVACITY-04-1024x682.jpg 1024w, https:\/\/www.matrix4design.com\/wp-content\/uploads\/2022\/01\/VIVACITY-04-768x512.jpg 768w, https:\/\/www.matrix4design.com\/wp-content\/uploads\/2022\/01\/VIVACITY-04-1536x1023.jpg 1536w\" sizes=\"auto, (max-width: 1600px) 100vw, 1600px\" \/><figcaption id=\"caption-attachment-84488\" class=\"wp-caption-text\">Progetto VivaCity, Treviglio.<\/figcaption><\/figure>\n<p><strong>Per esempio?<\/strong><\/p>\n<p>Un esempio pu\u00f2 essere quello di VivaCity &#8211; Ex Baslini, un progetto molto importante nato a seguito di una condivisione di valori e obiettivi con il committente e che verr\u00e0 realizzato a Treviglio sfruttando la posizione del lotto vicinissima alla stazione e quindi il rapido collegamento con il centro di Milano, che si raggiunge in soli 25 minuti. Il progetto, che coinvolge un\u2019area precedentemente dismessa e abbandonata, prevede 550 nuovi appartamenti, con un centro direzionale, un albergo e un grande parco, e si rif\u00e0 al concetto di una Smart City innovativa, dotata di una miriade di servizi pensati per i residenti e la comunit\u00e0. Un altro intervento molto importante riguarder\u00e0 invece la zona di Rogoredo a Milano, dove stiamo collaborando con un cliente gi\u00e0 molto attivo nella realizzazione di abitazioni altamente performanti dal punto di vista energetico.<\/p>\n<figure id=\"attachment_84494\" aria-describedby=\"caption-attachment-84494\" style=\"width: 1600px\" class=\"wp-caption aligncenter\"><img loading=\"lazy\" decoding=\"async\" class=\"size-full wp-image-84494\" src=\"https:\/\/www.matrix4design.com\/wp-content\/uploads\/2022\/01\/VIVACITY-05.jpg\" alt=\"\" width=\"1600\" height=\"1066\" srcset=\"https:\/\/www.matrix4design.com\/wp-content\/uploads\/2022\/01\/VIVACITY-05.jpg 1600w, https:\/\/www.matrix4design.com\/wp-content\/uploads\/2022\/01\/VIVACITY-05-300x200.jpg 300w, https:\/\/www.matrix4design.com\/wp-content\/uploads\/2022\/01\/VIVACITY-05-1024x682.jpg 1024w, https:\/\/www.matrix4design.com\/wp-content\/uploads\/2022\/01\/VIVACITY-05-768x512.jpg 768w, https:\/\/www.matrix4design.com\/wp-content\/uploads\/2022\/01\/VIVACITY-05-1536x1023.jpg 1536w\" sizes=\"auto, (max-width: 1600px) 100vw, 1600px\" \/><figcaption id=\"caption-attachment-84494\" class=\"wp-caption-text\">Progetto VivaCity, Treviglio.<\/figcaption><\/figure>\n<p><strong>L\u2019Italia \u00e8 pronta per un approccio progettuale di questo tipo?<\/strong><\/p>\n<p>Sebbene a lavorare in questo modo sia per il momento una minoranza, siamo convinti che la pandemia abbia portato ad una grande riflessione collettiva sul modo di vivere e di costruire: fermarci ci \u00e8 servito per comprendere che occorre un cambiamento in una direzione pi\u00f9 etica, finalizzato a progettare in favore delle persone, della societ\u00e0, del Pianeta. L\u2019architetto ha un grande potere, quello di modificare la vita delle persone, di influenzarla per anni e anni, ed \u00e8 una grande responsabilit\u00e0. A noi oggi non importa lavorare necessariamente su larga scala, non sono i metri cubi che contano. A noi importa costruire in modo etico e consapevole, coinvolgendo tutti gli operatori in campo in un meccanismo positivo e virtuoso che cambia completamente la visuale di ci\u00f2 che si fa.<\/p>\n<p><strong>Una visuale che nel vostro caso comprende anche l\u2019arte, la musica e la letteratura, tra le principali fonti di ispirazione del vostro lavoro, perch\u00e9 \u201ctutto \u00e8 connesso\u201d. Che cosa significa concretamente?<\/strong><\/p>\n<p>\u00c8 un\u2019idea che ha sempre a che fare con il concetto di personalizzazione e di rapporto diretto con il committente. In particolare, quando i progetti sono molto importanti, ci piace partire da un riferimento artistico e culturale per sviluppare poi lo storytelling del progetto.<\/p>\n<p>\u00c8 quello che \u00e8 accaduto nel caso della progettazione di un complesso residenziale a Lugano, il cui concept di facciata \u00e8 ispirato ad un\u2019opera di Ad Reinhardt del 1962 che rappresenta essenzialmente dei quadrati monocromatici neri. La composizione della facciata lavora infatti su tre materiali: una kerlite nera di grandi dimensioni, le vetrate anch\u2019esse leggermente virate sul nero e le tende avvolgibili delle logge in tessuto tecnico nero. Il complesso occupa uno degli ultimi lotti rimasti edificabili nel centro di Lugano, situato dietro il LAC, il museo di arte moderna della citt\u00e0, ed \u00e8 caratterizzato da elementi angolari monolitici tagliati a 45 gradi, da grandi vetrate fisse e da finestre opache a filo facciata per l\u2019aerazione. Una grande ricerca sulle tecnologie e sui materiali ci ha portato a scegliere per le zone di ingresso la tecnica di pressatura a freddo, utile a creare un effetto vedo-non-vedo che gioca sul contrasto della differente riflessione della luce sulle superfici ceramiche. Le masse scure vengono poi alleggerite grazie alla presenza di solette faccia a vista e al conseguente effetto sfaccettato, ben visibile dal basso verso l\u2019alto. Il complesso ospiter\u00e0 30\/35 appartamenti, per un totale di 5000 metri quadri, ulteriormente valorizzati dai servizi e bar al piano terra e dalla piscina privata a sfioro con vista sul lago collocata all\u2019ultimo piano.<\/p>\n<figure id=\"attachment_84490\" aria-describedby=\"caption-attachment-84490\" style=\"width: 1600px\" class=\"wp-caption aligncenter\"><img loading=\"lazy\" decoding=\"async\" class=\"size-full wp-image-84490\" src=\"https:\/\/www.matrix4design.com\/wp-content\/uploads\/2022\/01\/ICON-03.jpg\" alt=\"\" width=\"1600\" height=\"997\" srcset=\"https:\/\/www.matrix4design.com\/wp-content\/uploads\/2022\/01\/ICON-03.jpg 1600w, https:\/\/www.matrix4design.com\/wp-content\/uploads\/2022\/01\/ICON-03-300x187.jpg 300w, https:\/\/www.matrix4design.com\/wp-content\/uploads\/2022\/01\/ICON-03-1024x638.jpg 1024w, https:\/\/www.matrix4design.com\/wp-content\/uploads\/2022\/01\/ICON-03-768x479.jpg 768w, https:\/\/www.matrix4design.com\/wp-content\/uploads\/2022\/01\/ICON-03-1536x957.jpg 1536w\" sizes=\"auto, (max-width: 1600px) 100vw, 1600px\" \/><figcaption id=\"caption-attachment-84490\" class=\"wp-caption-text\">Progetto ICON, Lugano.<\/figcaption><\/figure>\n<p><strong>Il vostro lavoro si sviluppa per\u00f2 anche su una scala molto maggiore.<\/strong><\/p>\n<p>S\u00ec, e lo dimostrano due progetti molto importanti: la Ex Cetem di Lodi e VivaCity &#8211; Ex Baslini di Treviglio, gi\u00e0 citato prima.<\/p>\n<p>Per quanto riguarda il concept per la Ex Cetem (un progetto che poi non \u00e8 stato realizzato ma che ha rappresentato una tappa molto importante per il nostro studio), abbiamo lavorato su un&#8217;area di 35.000 metri quadri, addossata al centro di Lodi e molto ben collegata con Milano. Il punto di partenza era ancora una volta una ex zona industriale, dove si producevano impianti elettrici. In particolare, la struttura preesistente presentava in copertura delle calotte sfalsate verticalmente tra loro cos\u00ec da creare una serie di lucernari, un complesso molto interessante dal punto di vista architettonico. Abbiamo quindi combinato la suggestione data dal cliente, che aveva in mente un progetto molto impattante del livello di City Life a Milano, con le condizioni concrete dell\u2019area, che permettevano la costruzione massima di 14 piani fuori terra.<\/p>\n<p>L\u2019idea di realizzare edifici a misura d\u2019uomo ha qui trovato un chiaro riferimento artistico nell\u2019opera <em>I Sette Palazzi Celesti<\/em> di Anselm Kiefer, con la sovrapposizione di varie ville urbane che marcano la verticalit\u00e0 e snellezza degli edifici. Essendoci poi un problema di esondazione del fiume Adda, l\u2019intera struttura \u00e8 costruita fuori terra, pur mantenendo un dislivello tra la parte accessibile e carrabile e l\u2019area che invece si allinea con l\u2019altezza del centro storico. Le abitazioni sono organizzate attorno a una piazza sulla quale si affacciano le attivit\u00e0 commerciali. A ci\u00f2 si aggiunge un giardino pensile in continuit\u00e0 con il centro cittadino, con l\u2019inserimento di una zona di verde estensivo che va a ricoprire le volte generate dalle calotte dell\u2019originaria struttura industriale.<\/p>\n<figure id=\"attachment_84491\" aria-describedby=\"caption-attachment-84491\" style=\"width: 1600px\" class=\"wp-caption aligncenter\"><img loading=\"lazy\" decoding=\"async\" class=\"size-full wp-image-84491\" src=\"https:\/\/www.matrix4design.com\/wp-content\/uploads\/2022\/01\/Ex-Cetem-04.jpg\" alt=\"\" width=\"1600\" height=\"900\" srcset=\"https:\/\/www.matrix4design.com\/wp-content\/uploads\/2022\/01\/Ex-Cetem-04.jpg 1600w, https:\/\/www.matrix4design.com\/wp-content\/uploads\/2022\/01\/Ex-Cetem-04-300x169.jpg 300w, https:\/\/www.matrix4design.com\/wp-content\/uploads\/2022\/01\/Ex-Cetem-04-1024x576.jpg 1024w, https:\/\/www.matrix4design.com\/wp-content\/uploads\/2022\/01\/Ex-Cetem-04-768x432.jpg 768w, https:\/\/www.matrix4design.com\/wp-content\/uploads\/2022\/01\/Ex-Cetem-04-1536x864.jpg 1536w\" sizes=\"auto, (max-width: 1600px) 100vw, 1600px\" \/><figcaption id=\"caption-attachment-84491\" class=\"wp-caption-text\">Progetto Ex Cetem, Lodi.<\/figcaption><\/figure>\n<p><strong>E tornando al progetto VivaCity, in quel caso come avete lavorato?<\/strong><\/p>\n<p>Per quanto riguarda VivaCity \u2013 Ex Baslini, un intervento che si sviluppa su un\u2019area di oltre 85 000 metri quadri, siamo partiti ancora una volta da una suggestione artistica, nello specifico un\u2019opera di Richard Serra, per lavorare su un progetto ancora pi\u00f9 personalizzato e totalmente dedicato al cliente, costruito insieme a lui, con testi di presentazione pensati e realizzati ad hoc per trasmettere lo spirito dell\u2019intervento.<\/p>\n<p>Tutto nasce da un elemento di archeologia industriale conservato a memoria storica del luogo, l\u2019ex forno<br \/>\ndella pirite, alto 13 metri e mezzo, come un condominio di quattro piani: \u00e8 stato il vero elemento generatore a livello concettuale e costruttivo. Abbiamo progettato una serie di basamenti liberamente accessibili, di altezza varabile, dove si trovano negozi, ristoranti e servizi alle residenze. Su di essi si appoggiano gli edifici residenziali veri e propri, riprendendo dal lavoro di Serra il concetto dei due volumi sovrapposti. Il colore costituisce un altro aspetto decisivo, che va a riprendere l\u2019immagine dei tetti di Treviglio e ancora una volta i mattoni dell\u2019ex forno della pirite, attraverso la tonalit\u00e0 rosso mattone acceso. Nonostante questo progetto sia stato elaborato prima dell\u2019emergenza Covid, in modo molto lungimirante abbiamo dotato il complesso di terrazze e spazi per lavorare da casa: stiamo parlando di servizi come un\u2019area co-working condominiale e biciclette elettriche in dotazione per tutti i cond\u00f2mini.<\/p>\n<p>L\u2019intero masterplan \u00e8 stato pensato in ogni suo dettaglio e una importante paesaggista e un light designer, entrambi di alto profilo professionale, sono stati coinvolti fin dall\u2019inizio del processo progettuale.<\/p>\n<p>Dal punto di vista puramente architettonico, il nostro obiettivo \u00e8 stato quello di alleggerire le facciate, scegliendo di ridurre le dimensioni dei marcapiani in facciata e creando delle scatole di vetro apribili lateralmente in modo completo per dare continuit\u00e0 tra interno ed esterno. Ogni appartamento \u00e8 pensato come se fosse una villa indipendente con i suoi spazi chiusi e i suoi spazi aperti, e negli appartamenti agli ultimi piani sono state anche inserite delle piscine, per cui possiamo parlare di un progetto residenziale di altissima gamma, seppure con un valore di mercato nettamente pi\u00f9 accessibile rispetto, per esempio, ai valori che si possono trovare a Milano.<\/p>\n<figure id=\"attachment_84492\" aria-describedby=\"caption-attachment-84492\" style=\"width: 1600px\" class=\"wp-caption aligncenter\"><img loading=\"lazy\" decoding=\"async\" class=\"size-full wp-image-84492\" src=\"https:\/\/www.matrix4design.com\/wp-content\/uploads\/2022\/01\/VIVACITY-03.jpg\" alt=\"\" width=\"1600\" height=\"1066\" srcset=\"https:\/\/www.matrix4design.com\/wp-content\/uploads\/2022\/01\/VIVACITY-03.jpg 1600w, https:\/\/www.matrix4design.com\/wp-content\/uploads\/2022\/01\/VIVACITY-03-300x200.jpg 300w, https:\/\/www.matrix4design.com\/wp-content\/uploads\/2022\/01\/VIVACITY-03-1024x682.jpg 1024w, https:\/\/www.matrix4design.com\/wp-content\/uploads\/2022\/01\/VIVACITY-03-768x512.jpg 768w, https:\/\/www.matrix4design.com\/wp-content\/uploads\/2022\/01\/VIVACITY-03-1536x1023.jpg 1536w\" sizes=\"auto, (max-width: 1600px) 100vw, 1600px\" \/><figcaption id=\"caption-attachment-84492\" class=\"wp-caption-text\">Progetto Vivacity, Treviglio.<\/figcaption><\/figure>\n<p><strong>Grandi progetti, dunque, ma anche interventi su pi\u00f9 piccola scala. Vi piace cambiare, o sbaglio?<\/strong><\/p>\n<p>Diciamo che ci piace lavorare su scale diverse, urbane ma non solo, su progetti molto differenti tra loro; in questo abbiamo sicuramente un approccio eclettico, anche se poi il nostro stile e modus operandi restano riconoscibili. A proposito di diversificazione, vorrei citare il lavoro che stiamo facendo sul recupero di una cascina a Codogno. Si tratta di un importantissimo progetto sociale voluto dalla comunit\u00e0, che una volta completato ospiter\u00e0 un ostello, un centro di sperimentazione sensoriale, una panetteria, un caseificio e sar\u00e0 destinato a bambini con disabilit\u00e0. Ne andiamo molto orgogliosi.<\/p>\n<p><strong>Differenziare: \u00e8 questa la vostra carta vincente?<\/strong><\/p>\n<p>Differenziare \u00e8 importante, sia dal punto di vista della tipologia che della geografia. Stiamo lavorando in Svizzera, in Italia, presto andremo a Barcellona. Tutti contesti diversi, che ci sfidano a ideare concept nuovi e innovativi. Tuttavia, credo che la nostra carta vincente rimanga la capacit\u00e0 di progettare davvero \u201csu misura\u201d, di creare edifici nati da una sinergia vera, da un dialogo diretto e autentico con il committente, e soprattutto l\u2019impegno a rispettare sempre il contesto, la sua storia e le persone che vivono o vivranno i nostri spazi.<\/p>\n<p><span style=\"text-decoration: line-through;\">\u00a0<\/span><\/p>\n<p><em>S 2 ARCHITETTI<\/em><\/p>\n<p><em>www.s2architetti.com<\/em><\/p>\n","protected":false},"excerpt":{"rendered":"<p>&nbsp; Sostenibile, etico, unico e irripetibile. Corrisponde a questa descrizione ogni progetto nato dalla matita di Alessandro Stroligo e Lisa Santin, che dopo una lunga e blasonata carriera nella progettazione architettonica hanno fondato lo studio S 2 ARCHITETTI (STROLIGO SANTIN ARCHITETTI), nato a met\u00e0 tra la Svizzera e l\u2019Italia ma fin dalle sue origini proiettato [&hellip;]<\/p>\n","protected":false},"author":31,"featured_media":84488,"comment_status":"closed","ping_status":"closed","sticky":false,"template":"","format":"standard","meta":{"_acf_changed":false,"footnotes":""},"categories":[367,417,368,379],"tags":[],"class_list":{"0":"post-84487","1":"post","2":"type-post","3":"status-publish","4":"format-standard","5":"has-post-thumbnail","7":"category-architettura","8":"category-architettura-home","9":"category-featured","10":"category-focus-home"},"acf":[],"yoast_head":"<!-- This site is optimized with the Yoast SEO plugin v27.0 - https:\/\/yoast.com\/product\/yoast-seo-wordpress\/ -->\n<title>La sfida di S 2 ARCHITETTI per una nuova etica dell\u2019architettura<\/title>\n<meta name=\"description\" content=\"In questa intervista esclusiva gli architetti fondatori di S 2 ARCHITETTI Alessandro Stroligo e Lisa Santin ci raccontano la loro innovativa visione progettuale, per un&#039;architettura pi\u00f9 a misura d&#039;uomo.\" \/>\n<meta name=\"robots\" content=\"index, follow, max-snippet:-1, max-image-preview:large, max-video-preview:-1\" \/>\n<link rel=\"canonical\" href=\"https:\/\/www.matrix4design.com\/it\/architettura\/la-sfida-di-s-2-architetti-per-una-nuova-etica-dellarchitettura\/\" \/>\n<meta property=\"og:locale\" content=\"it_IT\" \/>\n<meta property=\"og:type\" content=\"article\" \/>\n<meta property=\"og:title\" content=\"La sfida di S 2 ARCHITETTI per una nuova etica dell\u2019architettura\" \/>\n<meta property=\"og:description\" content=\"In questa intervista esclusiva gli architetti fondatori di S 2 ARCHITETTI Alessandro Stroligo e Lisa Santin ci raccontano la loro innovativa visione progettuale, per un&#039;architettura pi\u00f9 a misura d&#039;uomo.\" \/>\n<meta property=\"og:url\" content=\"https:\/\/www.matrix4design.com\/it\/architettura\/la-sfida-di-s-2-architetti-per-una-nuova-etica-dellarchitettura\/\" \/>\n<meta property=\"og:site_name\" content=\"Matrix4Design\" \/>\n<meta property=\"article:publisher\" content=\"https:\/\/www.facebook.com\/matrix4designmagazine\/\" \/>\n<meta property=\"article:published_time\" content=\"2022-01-24T11:00:42+00:00\" \/>\n<meta property=\"article:modified_time\" content=\"2023-02-03T11:05:04+00:00\" \/>\n<meta property=\"og:image\" content=\"https:\/\/www.matrix4design.com\/wp-content\/uploads\/2022\/01\/VIVACITY-04.jpg\" \/>\n\t<meta property=\"og:image:width\" content=\"1600\" \/>\n\t<meta property=\"og:image:height\" content=\"1066\" \/>\n\t<meta property=\"og:image:type\" content=\"image\/jpeg\" \/>\n<meta name=\"author\" content=\"Giulia Guerra\" \/>\n<meta name=\"twitter:card\" content=\"summary_large_image\" \/>\n<meta name=\"twitter:label1\" content=\"Scritto da\" \/>\n\t<meta name=\"twitter:data1\" content=\"Giulia Guerra\" \/>\n\t<meta name=\"twitter:label2\" content=\"Tempo di lettura stimato\" \/>\n\t<meta name=\"twitter:data2\" content=\"11 minuti\" \/>\n<script type=\"application\/ld+json\" class=\"yoast-schema-graph\">{\"@context\":\"https:\/\/schema.org\",\"@graph\":[{\"@type\":\"Article\",\"@id\":\"https:\/\/www.matrix4design.com\/it\/architettura\/la-sfida-di-s-2-architetti-per-una-nuova-etica-dellarchitettura\/#article\",\"isPartOf\":{\"@id\":\"https:\/\/www.matrix4design.com\/it\/architettura\/la-sfida-di-s-2-architetti-per-una-nuova-etica-dellarchitettura\/\"},\"author\":{\"name\":\"Giulia Guerra\",\"@id\":\"https:\/\/www.matrix4design.com\/it\/#\/schema\/person\/9904de51b5d381af5b1b998563d3adfe\"},\"headline\":\"La sfida di S 2 ARCHITETTI per una nuova etica dell\u2019architettura\",\"datePublished\":\"2022-01-24T11:00:42+00:00\",\"dateModified\":\"2023-02-03T11:05:04+00:00\",\"mainEntityOfPage\":{\"@id\":\"https:\/\/www.matrix4design.com\/it\/architettura\/la-sfida-di-s-2-architetti-per-una-nuova-etica-dellarchitettura\/\"},\"wordCount\":2189,\"publisher\":{\"@id\":\"https:\/\/www.matrix4design.com\/it\/#organization\"},\"image\":{\"@id\":\"https:\/\/www.matrix4design.com\/it\/architettura\/la-sfida-di-s-2-architetti-per-una-nuova-etica-dellarchitettura\/#primaryimage\"},\"thumbnailUrl\":\"https:\/\/www.matrix4design.com\/wp-content\/uploads\/2022\/01\/VIVACITY-04.jpg\",\"articleSection\":[\"Architettura\",\"Architettura home\",\"Featured\",\"Focus home\"],\"inLanguage\":\"it-IT\"},{\"@type\":\"WebPage\",\"@id\":\"https:\/\/www.matrix4design.com\/it\/architettura\/la-sfida-di-s-2-architetti-per-una-nuova-etica-dellarchitettura\/\",\"url\":\"https:\/\/www.matrix4design.com\/it\/architettura\/la-sfida-di-s-2-architetti-per-una-nuova-etica-dellarchitettura\/\",\"name\":\"La sfida di S 2 ARCHITETTI per una nuova etica dell\u2019architettura\",\"isPartOf\":{\"@id\":\"https:\/\/www.matrix4design.com\/it\/#website\"},\"primaryImageOfPage\":{\"@id\":\"https:\/\/www.matrix4design.com\/it\/architettura\/la-sfida-di-s-2-architetti-per-una-nuova-etica-dellarchitettura\/#primaryimage\"},\"image\":{\"@id\":\"https:\/\/www.matrix4design.com\/it\/architettura\/la-sfida-di-s-2-architetti-per-una-nuova-etica-dellarchitettura\/#primaryimage\"},\"thumbnailUrl\":\"https:\/\/www.matrix4design.com\/wp-content\/uploads\/2022\/01\/VIVACITY-04.jpg\",\"datePublished\":\"2022-01-24T11:00:42+00:00\",\"dateModified\":\"2023-02-03T11:05:04+00:00\",\"description\":\"In questa intervista esclusiva gli architetti fondatori di S 2 ARCHITETTI Alessandro Stroligo e Lisa Santin ci raccontano la loro innovativa visione progettuale, per un'architettura pi\u00f9 a misura d'uomo.\",\"breadcrumb\":{\"@id\":\"https:\/\/www.matrix4design.com\/it\/architettura\/la-sfida-di-s-2-architetti-per-una-nuova-etica-dellarchitettura\/#breadcrumb\"},\"inLanguage\":\"it-IT\",\"potentialAction\":[{\"@type\":\"ReadAction\",\"target\":[\"https:\/\/www.matrix4design.com\/it\/architettura\/la-sfida-di-s-2-architetti-per-una-nuova-etica-dellarchitettura\/\"]}]},{\"@type\":\"ImageObject\",\"inLanguage\":\"it-IT\",\"@id\":\"https:\/\/www.matrix4design.com\/it\/architettura\/la-sfida-di-s-2-architetti-per-una-nuova-etica-dellarchitettura\/#primaryimage\",\"url\":\"https:\/\/www.matrix4design.com\/wp-content\/uploads\/2022\/01\/VIVACITY-04.jpg\",\"contentUrl\":\"https:\/\/www.matrix4design.com\/wp-content\/uploads\/2022\/01\/VIVACITY-04.jpg\",\"width\":1600,\"height\":1066,\"caption\":\"Progetto VivaCity, Treviglio.\"},{\"@type\":\"BreadcrumbList\",\"@id\":\"https:\/\/www.matrix4design.com\/it\/architettura\/la-sfida-di-s-2-architetti-per-una-nuova-etica-dellarchitettura\/#breadcrumb\",\"itemListElement\":[{\"@type\":\"ListItem\",\"position\":1,\"name\":\"Home\",\"item\":\"https:\/\/www.matrix4design.com\/it\/\"},{\"@type\":\"ListItem\",\"position\":2,\"name\":\"La sfida di S 2 ARCHITETTI per una nuova etica dell\u2019architettura\"}]},{\"@type\":\"WebSite\",\"@id\":\"https:\/\/www.matrix4design.com\/it\/#website\",\"url\":\"https:\/\/www.matrix4design.com\/it\/\",\"name\":\"Matrix4Design\",\"description\":\"Digital architecture and design b2b magazine\",\"publisher\":{\"@id\":\"https:\/\/www.matrix4design.com\/it\/#organization\"},\"potentialAction\":[{\"@type\":\"SearchAction\",\"target\":{\"@type\":\"EntryPoint\",\"urlTemplate\":\"https:\/\/www.matrix4design.com\/it\/?s={search_term_string}\"},\"query-input\":{\"@type\":\"PropertyValueSpecification\",\"valueRequired\":true,\"valueName\":\"search_term_string\"}}],\"inLanguage\":\"it-IT\"},{\"@type\":\"Organization\",\"@id\":\"https:\/\/www.matrix4design.com\/it\/#organization\",\"name\":\"Matrix4Design\",\"url\":\"https:\/\/www.matrix4design.com\/it\/\",\"logo\":{\"@type\":\"ImageObject\",\"inLanguage\":\"it-IT\",\"@id\":\"https:\/\/www.matrix4design.com\/it\/#\/schema\/logo\/image\/\",\"url\":\"https:\/\/www.matrix4design.com\/wp-content\/uploads\/2020\/04\/logo_matrix4design.png\",\"contentUrl\":\"https:\/\/www.matrix4design.com\/wp-content\/uploads\/2020\/04\/logo_matrix4design.png\",\"width\":804,\"height\":114,\"caption\":\"Matrix4Design\"},\"image\":{\"@id\":\"https:\/\/www.matrix4design.com\/it\/#\/schema\/logo\/image\/\"},\"sameAs\":[\"https:\/\/www.facebook.com\/matrix4designmagazine\/\",\"https:\/\/www.instagram.com\/matrix4designmagazine\/\",\"https:\/\/www.youtube.com\/channel\/UCtuhSSrP3MOO_URZgv8mQ1A\"]},{\"@type\":\"Person\",\"@id\":\"https:\/\/www.matrix4design.com\/it\/#\/schema\/person\/9904de51b5d381af5b1b998563d3adfe\",\"name\":\"Giulia Guerra\",\"image\":{\"@type\":\"ImageObject\",\"inLanguage\":\"it-IT\",\"@id\":\"https:\/\/www.matrix4design.com\/it\/#\/schema\/person\/image\/\",\"url\":\"https:\/\/www.matrix4design.com\/wp-content\/uploads\/2023\/02\/logo_M4D_2023-96x96.jpg\",\"contentUrl\":\"https:\/\/www.matrix4design.com\/wp-content\/uploads\/2023\/02\/logo_M4D_2023-96x96.jpg\",\"caption\":\"Giulia Guerra\"},\"url\":\"https:\/\/www.matrix4design.com\/it\/author\/giuliag\/\"}]}<\/script>\n<!-- \/ Yoast SEO plugin. -->","yoast_head_json":{"title":"La sfida di S 2 ARCHITETTI per una nuova etica dell\u2019architettura","description":"In questa intervista esclusiva gli architetti fondatori di S 2 ARCHITETTI Alessandro Stroligo e Lisa Santin ci raccontano la loro innovativa visione progettuale, per un'architettura pi\u00f9 a misura d'uomo.","robots":{"index":"index","follow":"follow","max-snippet":"max-snippet:-1","max-image-preview":"max-image-preview:large","max-video-preview":"max-video-preview:-1"},"canonical":"https:\/\/www.matrix4design.com\/it\/architettura\/la-sfida-di-s-2-architetti-per-una-nuova-etica-dellarchitettura\/","og_locale":"it_IT","og_type":"article","og_title":"La sfida di S 2 ARCHITETTI per una nuova etica dell\u2019architettura","og_description":"In questa intervista esclusiva gli architetti fondatori di S 2 ARCHITETTI Alessandro Stroligo e Lisa Santin ci raccontano la loro innovativa visione progettuale, per un'architettura pi\u00f9 a misura d'uomo.","og_url":"https:\/\/www.matrix4design.com\/it\/architettura\/la-sfida-di-s-2-architetti-per-una-nuova-etica-dellarchitettura\/","og_site_name":"Matrix4Design","article_publisher":"https:\/\/www.facebook.com\/matrix4designmagazine\/","article_published_time":"2022-01-24T11:00:42+00:00","article_modified_time":"2023-02-03T11:05:04+00:00","og_image":[{"width":1600,"height":1066,"url":"https:\/\/www.matrix4design.com\/wp-content\/uploads\/2022\/01\/VIVACITY-04.jpg","type":"image\/jpeg"}],"author":"Giulia Guerra","twitter_card":"summary_large_image","twitter_misc":{"Scritto da":"Giulia Guerra","Tempo di lettura stimato":"11 minuti"},"schema":{"@context":"https:\/\/schema.org","@graph":[{"@type":"Article","@id":"https:\/\/www.matrix4design.com\/it\/architettura\/la-sfida-di-s-2-architetti-per-una-nuova-etica-dellarchitettura\/#article","isPartOf":{"@id":"https:\/\/www.matrix4design.com\/it\/architettura\/la-sfida-di-s-2-architetti-per-una-nuova-etica-dellarchitettura\/"},"author":{"name":"Giulia Guerra","@id":"https:\/\/www.matrix4design.com\/it\/#\/schema\/person\/9904de51b5d381af5b1b998563d3adfe"},"headline":"La sfida di S 2 ARCHITETTI per una nuova etica dell\u2019architettura","datePublished":"2022-01-24T11:00:42+00:00","dateModified":"2023-02-03T11:05:04+00:00","mainEntityOfPage":{"@id":"https:\/\/www.matrix4design.com\/it\/architettura\/la-sfida-di-s-2-architetti-per-una-nuova-etica-dellarchitettura\/"},"wordCount":2189,"publisher":{"@id":"https:\/\/www.matrix4design.com\/it\/#organization"},"image":{"@id":"https:\/\/www.matrix4design.com\/it\/architettura\/la-sfida-di-s-2-architetti-per-una-nuova-etica-dellarchitettura\/#primaryimage"},"thumbnailUrl":"https:\/\/www.matrix4design.com\/wp-content\/uploads\/2022\/01\/VIVACITY-04.jpg","articleSection":["Architettura","Architettura home","Featured","Focus home"],"inLanguage":"it-IT"},{"@type":"WebPage","@id":"https:\/\/www.matrix4design.com\/it\/architettura\/la-sfida-di-s-2-architetti-per-una-nuova-etica-dellarchitettura\/","url":"https:\/\/www.matrix4design.com\/it\/architettura\/la-sfida-di-s-2-architetti-per-una-nuova-etica-dellarchitettura\/","name":"La sfida di S 2 ARCHITETTI per una nuova etica dell\u2019architettura","isPartOf":{"@id":"https:\/\/www.matrix4design.com\/it\/#website"},"primaryImageOfPage":{"@id":"https:\/\/www.matrix4design.com\/it\/architettura\/la-sfida-di-s-2-architetti-per-una-nuova-etica-dellarchitettura\/#primaryimage"},"image":{"@id":"https:\/\/www.matrix4design.com\/it\/architettura\/la-sfida-di-s-2-architetti-per-una-nuova-etica-dellarchitettura\/#primaryimage"},"thumbnailUrl":"https:\/\/www.matrix4design.com\/wp-content\/uploads\/2022\/01\/VIVACITY-04.jpg","datePublished":"2022-01-24T11:00:42+00:00","dateModified":"2023-02-03T11:05:04+00:00","description":"In questa intervista esclusiva gli architetti fondatori di S 2 ARCHITETTI Alessandro Stroligo e Lisa Santin ci raccontano la loro innovativa visione progettuale, per un'architettura pi\u00f9 a misura d'uomo.","breadcrumb":{"@id":"https:\/\/www.matrix4design.com\/it\/architettura\/la-sfida-di-s-2-architetti-per-una-nuova-etica-dellarchitettura\/#breadcrumb"},"inLanguage":"it-IT","potentialAction":[{"@type":"ReadAction","target":["https:\/\/www.matrix4design.com\/it\/architettura\/la-sfida-di-s-2-architetti-per-una-nuova-etica-dellarchitettura\/"]}]},{"@type":"ImageObject","inLanguage":"it-IT","@id":"https:\/\/www.matrix4design.com\/it\/architettura\/la-sfida-di-s-2-architetti-per-una-nuova-etica-dellarchitettura\/#primaryimage","url":"https:\/\/www.matrix4design.com\/wp-content\/uploads\/2022\/01\/VIVACITY-04.jpg","contentUrl":"https:\/\/www.matrix4design.com\/wp-content\/uploads\/2022\/01\/VIVACITY-04.jpg","width":1600,"height":1066,"caption":"Progetto VivaCity, Treviglio."},{"@type":"BreadcrumbList","@id":"https:\/\/www.matrix4design.com\/it\/architettura\/la-sfida-di-s-2-architetti-per-una-nuova-etica-dellarchitettura\/#breadcrumb","itemListElement":[{"@type":"ListItem","position":1,"name":"Home","item":"https:\/\/www.matrix4design.com\/it\/"},{"@type":"ListItem","position":2,"name":"La sfida di S 2 ARCHITETTI per una nuova etica dell\u2019architettura"}]},{"@type":"WebSite","@id":"https:\/\/www.matrix4design.com\/it\/#website","url":"https:\/\/www.matrix4design.com\/it\/","name":"Matrix4Design","description":"Digital architecture and design b2b magazine","publisher":{"@id":"https:\/\/www.matrix4design.com\/it\/#organization"},"potentialAction":[{"@type":"SearchAction","target":{"@type":"EntryPoint","urlTemplate":"https:\/\/www.matrix4design.com\/it\/?s={search_term_string}"},"query-input":{"@type":"PropertyValueSpecification","valueRequired":true,"valueName":"search_term_string"}}],"inLanguage":"it-IT"},{"@type":"Organization","@id":"https:\/\/www.matrix4design.com\/it\/#organization","name":"Matrix4Design","url":"https:\/\/www.matrix4design.com\/it\/","logo":{"@type":"ImageObject","inLanguage":"it-IT","@id":"https:\/\/www.matrix4design.com\/it\/#\/schema\/logo\/image\/","url":"https:\/\/www.matrix4design.com\/wp-content\/uploads\/2020\/04\/logo_matrix4design.png","contentUrl":"https:\/\/www.matrix4design.com\/wp-content\/uploads\/2020\/04\/logo_matrix4design.png","width":804,"height":114,"caption":"Matrix4Design"},"image":{"@id":"https:\/\/www.matrix4design.com\/it\/#\/schema\/logo\/image\/"},"sameAs":["https:\/\/www.facebook.com\/matrix4designmagazine\/","https:\/\/www.instagram.com\/matrix4designmagazine\/","https:\/\/www.youtube.com\/channel\/UCtuhSSrP3MOO_URZgv8mQ1A"]},{"@type":"Person","@id":"https:\/\/www.matrix4design.com\/it\/#\/schema\/person\/9904de51b5d381af5b1b998563d3adfe","name":"Giulia Guerra","image":{"@type":"ImageObject","inLanguage":"it-IT","@id":"https:\/\/www.matrix4design.com\/it\/#\/schema\/person\/image\/","url":"https:\/\/www.matrix4design.com\/wp-content\/uploads\/2023\/02\/logo_M4D_2023-96x96.jpg","contentUrl":"https:\/\/www.matrix4design.com\/wp-content\/uploads\/2023\/02\/logo_M4D_2023-96x96.jpg","caption":"Giulia Guerra"},"url":"https:\/\/www.matrix4design.com\/it\/author\/giuliag\/"}]}},"_links":{"self":[{"href":"https:\/\/www.matrix4design.com\/it\/wp-json\/wp\/v2\/posts\/84487","targetHints":{"allow":["GET"]}}],"collection":[{"href":"https:\/\/www.matrix4design.com\/it\/wp-json\/wp\/v2\/posts"}],"about":[{"href":"https:\/\/www.matrix4design.com\/it\/wp-json\/wp\/v2\/types\/post"}],"author":[{"embeddable":true,"href":"https:\/\/www.matrix4design.com\/it\/wp-json\/wp\/v2\/users\/31"}],"replies":[{"embeddable":true,"href":"https:\/\/www.matrix4design.com\/it\/wp-json\/wp\/v2\/comments?post=84487"}],"version-history":[{"count":6,"href":"https:\/\/www.matrix4design.com\/it\/wp-json\/wp\/v2\/posts\/84487\/revisions"}],"predecessor-version":[{"id":84619,"href":"https:\/\/www.matrix4design.com\/it\/wp-json\/wp\/v2\/posts\/84487\/revisions\/84619"}],"wp:featuredmedia":[{"embeddable":true,"href":"https:\/\/www.matrix4design.com\/it\/wp-json\/wp\/v2\/media\/84488"}],"wp:attachment":[{"href":"https:\/\/www.matrix4design.com\/it\/wp-json\/wp\/v2\/media?parent=84487"}],"wp:term":[{"taxonomy":"category","embeddable":true,"href":"https:\/\/www.matrix4design.com\/it\/wp-json\/wp\/v2\/categories?post=84487"},{"taxonomy":"post_tag","embeddable":true,"href":"https:\/\/www.matrix4design.com\/it\/wp-json\/wp\/v2\/tags?post=84487"}],"curies":[{"name":"wp","href":"https:\/\/api.w.org\/{rel}","templated":true}]}}