{"id":86264,"date":"2022-03-28T12:00:10","date_gmt":"2022-03-28T10:00:10","guid":{"rendered":"https:\/\/www.matrix4design.com\/?p=86264"},"modified":"2022-03-22T09:31:54","modified_gmt":"2022-03-22T08:31:54","slug":"il-made-in-italy-del-divano-casilda-fin-sulla-vetta-del-monte-bianco","status":"publish","type":"post","link":"https:\/\/www.matrix4design.com\/it\/design\/il-made-in-italy-del-divano-casilda-fin-sulla-vetta-del-monte-bianco\/","title":{"rendered":"Il Made in Italy del divano Casilda fin sulla vetta del Monte Bianco"},"content":{"rendered":"<p>&nbsp;<\/p>\n<p>Quando si tratta di classe e prodotti di qualit\u00e0 il Made in Italy \u00e8 sempre presente, persino sulla vetta del Monte Bianco.<\/p>\n<p>Lo studio d\u2019architettura francese <a href=\"https:\/\/www.by.fr\/fr\" target=\"_blank\" rel=\"noopener\"><strong>by; int\u00e9rieurs d\u2019architectes<\/strong><\/a> ha scelto l\u2019azienda italiana <a href=\"https:\/\/www.talentispa.com\/\" target=\"_blank\" rel=\"noopener\"><strong>Talenti<\/strong> <\/a>per completare l\u2019arredamento de \u201c<strong>L\u2019Aiguille<\/strong>\u201d, un sofisticato appartamento da 150m2 situato a Chamonix, ai piedi del Monte Bianco.<\/p>\n<p><img loading=\"lazy\" decoding=\"async\" class=\"aligncenter wp-image-86265 size-full\" src=\"https:\/\/www.matrix4design.com\/wp-content\/uploads\/2022\/03\/Agence-By-Chamonix-5896.jpg\" alt=\"divano\" width=\"1600\" height=\"1064\" srcset=\"https:\/\/www.matrix4design.com\/wp-content\/uploads\/2022\/03\/Agence-By-Chamonix-5896.jpg 1600w, https:\/\/www.matrix4design.com\/wp-content\/uploads\/2022\/03\/Agence-By-Chamonix-5896-300x200.jpg 300w, https:\/\/www.matrix4design.com\/wp-content\/uploads\/2022\/03\/Agence-By-Chamonix-5896-1024x681.jpg 1024w, https:\/\/www.matrix4design.com\/wp-content\/uploads\/2022\/03\/Agence-By-Chamonix-5896-768x511.jpg 768w, https:\/\/www.matrix4design.com\/wp-content\/uploads\/2022\/03\/Agence-By-Chamonix-5896-1536x1021.jpg 1536w\" sizes=\"auto, (max-width: 1600px) 100vw, 1600px\" \/><\/p>\n<p>In un recente intervento di ristrutturazione indoor e outdoor, infatti, \u00e8 stato incluso anche l&#8217;iconico divano <strong>Casilda<\/strong> di Talenti, disegnato dal celebre architetto spagnolo <strong>Ramon Est\u00e9ve.<\/strong><\/p>\n<p>Il divano si compone di alcuni elementi che lo rendono davvero unico nel suo genere: le<strong> cinghie<\/strong> che incorniciano le strutture, gli<strong> elementi in marmo e legno<\/strong> dei braccioli, ma anche il delicato equilibrio che viene ad instaurarsi tra le linee razionali e le ampie e confortevoli sedute. Inoltre, grazie alla massima libert\u00e0 di personalizzazione, si possono realizzare numerose composizioni. Se i materiali che lo compongono vanno dall&#8217;<strong>acciaio inox, marmo e legno <\/strong>che spunta tra tavoli e i braccioli, la cuscineria \u00e8 invece completamente sfoderabile cos\u00ec da poterne mantenere la pulizia, anche se il tessuto \u00e8 resistente a ogni tipo di agente atmosferico e l&#8217;imbottitura \u00e8 realizzata in quick dry foam.<\/p>\n<p><img loading=\"lazy\" decoding=\"async\" class=\"aligncenter wp-image-86266 size-full\" src=\"https:\/\/www.matrix4design.com\/wp-content\/uploads\/2022\/03\/Agence-By-Chamonix-6656.jpg\" alt=\"\" width=\"1600\" height=\"1050\" srcset=\"https:\/\/www.matrix4design.com\/wp-content\/uploads\/2022\/03\/Agence-By-Chamonix-6656.jpg 1600w, https:\/\/www.matrix4design.com\/wp-content\/uploads\/2022\/03\/Agence-By-Chamonix-6656-300x197.jpg 300w, https:\/\/www.matrix4design.com\/wp-content\/uploads\/2022\/03\/Agence-By-Chamonix-6656-1024x672.jpg 1024w, https:\/\/www.matrix4design.com\/wp-content\/uploads\/2022\/03\/Agence-By-Chamonix-6656-768x504.jpg 768w, https:\/\/www.matrix4design.com\/wp-content\/uploads\/2022\/03\/Agence-By-Chamonix-6656-1536x1008.jpg 1536w\" sizes=\"auto, (max-width: 1600px) 100vw, 1600px\" \/><\/p>\n<p>A completare il tutto anche un design minimal e delle tonalit\u00e0 neutre, perfette per essere in linea con la pace e l&#8217;armonia del paesaggio circostante.<\/p>\n<p>Oltre al divano, \u00e8 presente anche la lampada minimale appartenente alla stessa collezione.<\/p>\n","protected":false},"excerpt":{"rendered":"<p>&nbsp; Quando si tratta di classe e prodotti di qualit\u00e0 il Made in Italy \u00e8 sempre presente, persino sulla vetta del Monte Bianco. Lo studio d\u2019architettura francese by; int\u00e9rieurs d\u2019architectes ha scelto l\u2019azienda italiana Talenti per completare l\u2019arredamento de \u201cL\u2019Aiguille\u201d, un sofisticato appartamento da 150m2 situato a Chamonix, ai piedi del Monte Bianco. In un [&hellip;]<\/p>\n","protected":false},"author":6,"featured_media":86265,"comment_status":"closed","ping_status":"closed","sticky":false,"template":"","format":"standard","meta":{"_acf_changed":false,"footnotes":""},"categories":[366,418,368],"tags":[],"class_list":{"0":"post-86264","1":"post","2":"type-post","3":"status-publish","4":"format-standard","5":"has-post-thumbnail","7":"category-design","8":"category-design-home","9":"category-featured"},"acf":[],"yoast_head":"<!-- This site is optimized with the Yoast SEO plugin v27.0 - https:\/\/yoast.com\/product\/yoast-seo-wordpress\/ -->\n<title>Il divano Casilda di Talenti fin sulla vetta del Monte Bianco<\/title>\n<meta name=\"description\" content=\"Il divano Casilda di Talenti arricchisce il progetto di riqualificazione di un appartamento triplex a Chamonix, portando con s\u00e9 tutta l\u2019eleganza del Made in Italy.\" \/>\n<meta name=\"robots\" content=\"index, follow, max-snippet:-1, max-image-preview:large, max-video-preview:-1\" \/>\n<link rel=\"canonical\" href=\"https:\/\/www.matrix4design.com\/it\/design\/il-made-in-italy-del-divano-casilda-fin-sulla-vetta-del-monte-bianco\/\" \/>\n<meta property=\"og:locale\" content=\"it_IT\" \/>\n<meta property=\"og:type\" content=\"article\" \/>\n<meta property=\"og:title\" content=\"Il divano Casilda di Talenti fin sulla vetta del Monte Bianco\" \/>\n<meta property=\"og:description\" content=\"Il divano Casilda di Talenti arricchisce il progetto di riqualificazione di un appartamento triplex a Chamonix, portando con s\u00e9 tutta l\u2019eleganza del Made in Italy.\" \/>\n<meta property=\"og:url\" content=\"https:\/\/www.matrix4design.com\/it\/design\/il-made-in-italy-del-divano-casilda-fin-sulla-vetta-del-monte-bianco\/\" \/>\n<meta property=\"og:site_name\" content=\"Matrix4Design\" \/>\n<meta property=\"article:publisher\" content=\"https:\/\/www.facebook.com\/matrix4designmagazine\/\" \/>\n<meta property=\"article:published_time\" content=\"2022-03-28T10:00:10+00:00\" \/>\n<meta property=\"og:image\" content=\"https:\/\/www.matrix4design.com\/wp-content\/uploads\/2022\/03\/Agence-By-Chamonix-5896.jpg\" \/>\n\t<meta property=\"og:image:width\" content=\"1600\" \/>\n\t<meta property=\"og:image:height\" content=\"1064\" \/>\n\t<meta property=\"og:image:type\" content=\"image\/jpeg\" \/>\n<meta name=\"author\" content=\"Redazione\" \/>\n<meta name=\"twitter:card\" content=\"summary_large_image\" \/>\n<meta name=\"twitter:label1\" content=\"Scritto da\" \/>\n\t<meta name=\"twitter:data1\" content=\"Redazione\" \/>\n\t<meta name=\"twitter:label2\" content=\"Tempo di lettura stimato\" \/>\n\t<meta name=\"twitter:data2\" content=\"1 minuto\" \/>\n<script type=\"application\/ld+json\" class=\"yoast-schema-graph\">{\"@context\":\"https:\/\/schema.org\",\"@graph\":[{\"@type\":\"Article\",\"@id\":\"https:\/\/www.matrix4design.com\/it\/design\/il-made-in-italy-del-divano-casilda-fin-sulla-vetta-del-monte-bianco\/#article\",\"isPartOf\":{\"@id\":\"https:\/\/www.matrix4design.com\/it\/design\/il-made-in-italy-del-divano-casilda-fin-sulla-vetta-del-monte-bianco\/\"},\"author\":{\"name\":\"Redazione\",\"@id\":\"https:\/\/www.matrix4design.com\/it\/#\/schema\/person\/b2b6dd48f9d6892ca224742379951fa1\"},\"headline\":\"Il Made in Italy del divano Casilda fin sulla vetta del Monte Bianco\",\"datePublished\":\"2022-03-28T10:00:10+00:00\",\"mainEntityOfPage\":{\"@id\":\"https:\/\/www.matrix4design.com\/it\/design\/il-made-in-italy-del-divano-casilda-fin-sulla-vetta-del-monte-bianco\/\"},\"wordCount\":246,\"publisher\":{\"@id\":\"https:\/\/www.matrix4design.com\/it\/#organization\"},\"image\":{\"@id\":\"https:\/\/www.matrix4design.com\/it\/design\/il-made-in-italy-del-divano-casilda-fin-sulla-vetta-del-monte-bianco\/#primaryimage\"},\"thumbnailUrl\":\"https:\/\/www.matrix4design.com\/wp-content\/uploads\/2022\/03\/Agence-By-Chamonix-5896.jpg\",\"articleSection\":[\"Design\",\"Design home\",\"Featured\"],\"inLanguage\":\"it-IT\"},{\"@type\":\"WebPage\",\"@id\":\"https:\/\/www.matrix4design.com\/it\/design\/il-made-in-italy-del-divano-casilda-fin-sulla-vetta-del-monte-bianco\/\",\"url\":\"https:\/\/www.matrix4design.com\/it\/design\/il-made-in-italy-del-divano-casilda-fin-sulla-vetta-del-monte-bianco\/\",\"name\":\"Il divano Casilda di Talenti fin sulla vetta del Monte Bianco\",\"isPartOf\":{\"@id\":\"https:\/\/www.matrix4design.com\/it\/#website\"},\"primaryImageOfPage\":{\"@id\":\"https:\/\/www.matrix4design.com\/it\/design\/il-made-in-italy-del-divano-casilda-fin-sulla-vetta-del-monte-bianco\/#primaryimage\"},\"image\":{\"@id\":\"https:\/\/www.matrix4design.com\/it\/design\/il-made-in-italy-del-divano-casilda-fin-sulla-vetta-del-monte-bianco\/#primaryimage\"},\"thumbnailUrl\":\"https:\/\/www.matrix4design.com\/wp-content\/uploads\/2022\/03\/Agence-By-Chamonix-5896.jpg\",\"datePublished\":\"2022-03-28T10:00:10+00:00\",\"description\":\"Il divano Casilda di Talenti arricchisce il progetto di riqualificazione di un appartamento triplex a Chamonix, portando con s\u00e9 tutta l\u2019eleganza del Made in Italy.\",\"breadcrumb\":{\"@id\":\"https:\/\/www.matrix4design.com\/it\/design\/il-made-in-italy-del-divano-casilda-fin-sulla-vetta-del-monte-bianco\/#breadcrumb\"},\"inLanguage\":\"it-IT\",\"potentialAction\":[{\"@type\":\"ReadAction\",\"target\":[\"https:\/\/www.matrix4design.com\/it\/design\/il-made-in-italy-del-divano-casilda-fin-sulla-vetta-del-monte-bianco\/\"]}]},{\"@type\":\"ImageObject\",\"inLanguage\":\"it-IT\",\"@id\":\"https:\/\/www.matrix4design.com\/it\/design\/il-made-in-italy-del-divano-casilda-fin-sulla-vetta-del-monte-bianco\/#primaryimage\",\"url\":\"https:\/\/www.matrix4design.com\/wp-content\/uploads\/2022\/03\/Agence-By-Chamonix-5896.jpg\",\"contentUrl\":\"https:\/\/www.matrix4design.com\/wp-content\/uploads\/2022\/03\/Agence-By-Chamonix-5896.jpg\",\"width\":1600,\"height\":1064,\"caption\":\"divano\"},{\"@type\":\"BreadcrumbList\",\"@id\":\"https:\/\/www.matrix4design.com\/it\/design\/il-made-in-italy-del-divano-casilda-fin-sulla-vetta-del-monte-bianco\/#breadcrumb\",\"itemListElement\":[{\"@type\":\"ListItem\",\"position\":1,\"name\":\"Home\",\"item\":\"https:\/\/www.matrix4design.com\/it\/\"},{\"@type\":\"ListItem\",\"position\":2,\"name\":\"Il Made in Italy del divano Casilda fin sulla vetta del Monte Bianco\"}]},{\"@type\":\"WebSite\",\"@id\":\"https:\/\/www.matrix4design.com\/it\/#website\",\"url\":\"https:\/\/www.matrix4design.com\/it\/\",\"name\":\"Matrix4Design\",\"description\":\"Digital architecture and design b2b magazine\",\"publisher\":{\"@id\":\"https:\/\/www.matrix4design.com\/it\/#organization\"},\"potentialAction\":[{\"@type\":\"SearchAction\",\"target\":{\"@type\":\"EntryPoint\",\"urlTemplate\":\"https:\/\/www.matrix4design.com\/it\/?s={search_term_string}\"},\"query-input\":{\"@type\":\"PropertyValueSpecification\",\"valueRequired\":true,\"valueName\":\"search_term_string\"}}],\"inLanguage\":\"it-IT\"},{\"@type\":\"Organization\",\"@id\":\"https:\/\/www.matrix4design.com\/it\/#organization\",\"name\":\"Matrix4Design\",\"url\":\"https:\/\/www.matrix4design.com\/it\/\",\"logo\":{\"@type\":\"ImageObject\",\"inLanguage\":\"it-IT\",\"@id\":\"https:\/\/www.matrix4design.com\/it\/#\/schema\/logo\/image\/\",\"url\":\"https:\/\/www.matrix4design.com\/wp-content\/uploads\/2020\/04\/logo_matrix4design.png\",\"contentUrl\":\"https:\/\/www.matrix4design.com\/wp-content\/uploads\/2020\/04\/logo_matrix4design.png\",\"width\":804,\"height\":114,\"caption\":\"Matrix4Design\"},\"image\":{\"@id\":\"https:\/\/www.matrix4design.com\/it\/#\/schema\/logo\/image\/\"},\"sameAs\":[\"https:\/\/www.facebook.com\/matrix4designmagazine\/\",\"https:\/\/www.instagram.com\/matrix4designmagazine\/\",\"https:\/\/www.youtube.com\/channel\/UCtuhSSrP3MOO_URZgv8mQ1A\"]},{\"@type\":\"Person\",\"@id\":\"https:\/\/www.matrix4design.com\/it\/#\/schema\/person\/b2b6dd48f9d6892ca224742379951fa1\",\"name\":\"Redazione\",\"image\":{\"@type\":\"ImageObject\",\"inLanguage\":\"it-IT\",\"@id\":\"https:\/\/www.matrix4design.com\/it\/#\/schema\/person\/image\/\",\"url\":\"https:\/\/www.matrix4design.com\/wp-content\/uploads\/2023\/01\/logo_M4D_2023-96x96.jpg\",\"contentUrl\":\"https:\/\/www.matrix4design.com\/wp-content\/uploads\/2023\/01\/logo_M4D_2023-96x96.jpg\",\"caption\":\"Redazione\"},\"url\":\"https:\/\/www.matrix4design.com\/it\/author\/redazione\/\"}]}<\/script>\n<!-- \/ Yoast SEO plugin. -->","yoast_head_json":{"title":"Il divano Casilda di Talenti fin sulla vetta del Monte Bianco","description":"Il divano Casilda di Talenti arricchisce il progetto di riqualificazione di un appartamento triplex a Chamonix, portando con s\u00e9 tutta l\u2019eleganza del Made in Italy.","robots":{"index":"index","follow":"follow","max-snippet":"max-snippet:-1","max-image-preview":"max-image-preview:large","max-video-preview":"max-video-preview:-1"},"canonical":"https:\/\/www.matrix4design.com\/it\/design\/il-made-in-italy-del-divano-casilda-fin-sulla-vetta-del-monte-bianco\/","og_locale":"it_IT","og_type":"article","og_title":"Il divano Casilda di Talenti fin sulla vetta del Monte Bianco","og_description":"Il divano Casilda di Talenti arricchisce il progetto di riqualificazione di un appartamento triplex a Chamonix, portando con s\u00e9 tutta l\u2019eleganza del Made in Italy.","og_url":"https:\/\/www.matrix4design.com\/it\/design\/il-made-in-italy-del-divano-casilda-fin-sulla-vetta-del-monte-bianco\/","og_site_name":"Matrix4Design","article_publisher":"https:\/\/www.facebook.com\/matrix4designmagazine\/","article_published_time":"2022-03-28T10:00:10+00:00","og_image":[{"width":1600,"height":1064,"url":"https:\/\/www.matrix4design.com\/wp-content\/uploads\/2022\/03\/Agence-By-Chamonix-5896.jpg","type":"image\/jpeg"}],"author":"Redazione","twitter_card":"summary_large_image","twitter_misc":{"Scritto da":"Redazione","Tempo di lettura stimato":"1 minuto"},"schema":{"@context":"https:\/\/schema.org","@graph":[{"@type":"Article","@id":"https:\/\/www.matrix4design.com\/it\/design\/il-made-in-italy-del-divano-casilda-fin-sulla-vetta-del-monte-bianco\/#article","isPartOf":{"@id":"https:\/\/www.matrix4design.com\/it\/design\/il-made-in-italy-del-divano-casilda-fin-sulla-vetta-del-monte-bianco\/"},"author":{"name":"Redazione","@id":"https:\/\/www.matrix4design.com\/it\/#\/schema\/person\/b2b6dd48f9d6892ca224742379951fa1"},"headline":"Il Made in Italy del divano Casilda fin sulla vetta del Monte Bianco","datePublished":"2022-03-28T10:00:10+00:00","mainEntityOfPage":{"@id":"https:\/\/www.matrix4design.com\/it\/design\/il-made-in-italy-del-divano-casilda-fin-sulla-vetta-del-monte-bianco\/"},"wordCount":246,"publisher":{"@id":"https:\/\/www.matrix4design.com\/it\/#organization"},"image":{"@id":"https:\/\/www.matrix4design.com\/it\/design\/il-made-in-italy-del-divano-casilda-fin-sulla-vetta-del-monte-bianco\/#primaryimage"},"thumbnailUrl":"https:\/\/www.matrix4design.com\/wp-content\/uploads\/2022\/03\/Agence-By-Chamonix-5896.jpg","articleSection":["Design","Design home","Featured"],"inLanguage":"it-IT"},{"@type":"WebPage","@id":"https:\/\/www.matrix4design.com\/it\/design\/il-made-in-italy-del-divano-casilda-fin-sulla-vetta-del-monte-bianco\/","url":"https:\/\/www.matrix4design.com\/it\/design\/il-made-in-italy-del-divano-casilda-fin-sulla-vetta-del-monte-bianco\/","name":"Il divano Casilda di Talenti fin sulla vetta del Monte Bianco","isPartOf":{"@id":"https:\/\/www.matrix4design.com\/it\/#website"},"primaryImageOfPage":{"@id":"https:\/\/www.matrix4design.com\/it\/design\/il-made-in-italy-del-divano-casilda-fin-sulla-vetta-del-monte-bianco\/#primaryimage"},"image":{"@id":"https:\/\/www.matrix4design.com\/it\/design\/il-made-in-italy-del-divano-casilda-fin-sulla-vetta-del-monte-bianco\/#primaryimage"},"thumbnailUrl":"https:\/\/www.matrix4design.com\/wp-content\/uploads\/2022\/03\/Agence-By-Chamonix-5896.jpg","datePublished":"2022-03-28T10:00:10+00:00","description":"Il divano Casilda di Talenti arricchisce il progetto di riqualificazione di un appartamento triplex a Chamonix, portando con s\u00e9 tutta l\u2019eleganza del Made in Italy.","breadcrumb":{"@id":"https:\/\/www.matrix4design.com\/it\/design\/il-made-in-italy-del-divano-casilda-fin-sulla-vetta-del-monte-bianco\/#breadcrumb"},"inLanguage":"it-IT","potentialAction":[{"@type":"ReadAction","target":["https:\/\/www.matrix4design.com\/it\/design\/il-made-in-italy-del-divano-casilda-fin-sulla-vetta-del-monte-bianco\/"]}]},{"@type":"ImageObject","inLanguage":"it-IT","@id":"https:\/\/www.matrix4design.com\/it\/design\/il-made-in-italy-del-divano-casilda-fin-sulla-vetta-del-monte-bianco\/#primaryimage","url":"https:\/\/www.matrix4design.com\/wp-content\/uploads\/2022\/03\/Agence-By-Chamonix-5896.jpg","contentUrl":"https:\/\/www.matrix4design.com\/wp-content\/uploads\/2022\/03\/Agence-By-Chamonix-5896.jpg","width":1600,"height":1064,"caption":"divano"},{"@type":"BreadcrumbList","@id":"https:\/\/www.matrix4design.com\/it\/design\/il-made-in-italy-del-divano-casilda-fin-sulla-vetta-del-monte-bianco\/#breadcrumb","itemListElement":[{"@type":"ListItem","position":1,"name":"Home","item":"https:\/\/www.matrix4design.com\/it\/"},{"@type":"ListItem","position":2,"name":"Il Made in Italy del divano Casilda fin sulla vetta del Monte Bianco"}]},{"@type":"WebSite","@id":"https:\/\/www.matrix4design.com\/it\/#website","url":"https:\/\/www.matrix4design.com\/it\/","name":"Matrix4Design","description":"Digital architecture and design b2b magazine","publisher":{"@id":"https:\/\/www.matrix4design.com\/it\/#organization"},"potentialAction":[{"@type":"SearchAction","target":{"@type":"EntryPoint","urlTemplate":"https:\/\/www.matrix4design.com\/it\/?s={search_term_string}"},"query-input":{"@type":"PropertyValueSpecification","valueRequired":true,"valueName":"search_term_string"}}],"inLanguage":"it-IT"},{"@type":"Organization","@id":"https:\/\/www.matrix4design.com\/it\/#organization","name":"Matrix4Design","url":"https:\/\/www.matrix4design.com\/it\/","logo":{"@type":"ImageObject","inLanguage":"it-IT","@id":"https:\/\/www.matrix4design.com\/it\/#\/schema\/logo\/image\/","url":"https:\/\/www.matrix4design.com\/wp-content\/uploads\/2020\/04\/logo_matrix4design.png","contentUrl":"https:\/\/www.matrix4design.com\/wp-content\/uploads\/2020\/04\/logo_matrix4design.png","width":804,"height":114,"caption":"Matrix4Design"},"image":{"@id":"https:\/\/www.matrix4design.com\/it\/#\/schema\/logo\/image\/"},"sameAs":["https:\/\/www.facebook.com\/matrix4designmagazine\/","https:\/\/www.instagram.com\/matrix4designmagazine\/","https:\/\/www.youtube.com\/channel\/UCtuhSSrP3MOO_URZgv8mQ1A"]},{"@type":"Person","@id":"https:\/\/www.matrix4design.com\/it\/#\/schema\/person\/b2b6dd48f9d6892ca224742379951fa1","name":"Redazione","image":{"@type":"ImageObject","inLanguage":"it-IT","@id":"https:\/\/www.matrix4design.com\/it\/#\/schema\/person\/image\/","url":"https:\/\/www.matrix4design.com\/wp-content\/uploads\/2023\/01\/logo_M4D_2023-96x96.jpg","contentUrl":"https:\/\/www.matrix4design.com\/wp-content\/uploads\/2023\/01\/logo_M4D_2023-96x96.jpg","caption":"Redazione"},"url":"https:\/\/www.matrix4design.com\/it\/author\/redazione\/"}]}},"_links":{"self":[{"href":"https:\/\/www.matrix4design.com\/it\/wp-json\/wp\/v2\/posts\/86264","targetHints":{"allow":["GET"]}}],"collection":[{"href":"https:\/\/www.matrix4design.com\/it\/wp-json\/wp\/v2\/posts"}],"about":[{"href":"https:\/\/www.matrix4design.com\/it\/wp-json\/wp\/v2\/types\/post"}],"author":[{"embeddable":true,"href":"https:\/\/www.matrix4design.com\/it\/wp-json\/wp\/v2\/users\/6"}],"replies":[{"embeddable":true,"href":"https:\/\/www.matrix4design.com\/it\/wp-json\/wp\/v2\/comments?post=86264"}],"version-history":[{"count":3,"href":"https:\/\/www.matrix4design.com\/it\/wp-json\/wp\/v2\/posts\/86264\/revisions"}],"predecessor-version":[{"id":86278,"href":"https:\/\/www.matrix4design.com\/it\/wp-json\/wp\/v2\/posts\/86264\/revisions\/86278"}],"wp:featuredmedia":[{"embeddable":true,"href":"https:\/\/www.matrix4design.com\/it\/wp-json\/wp\/v2\/media\/86265"}],"wp:attachment":[{"href":"https:\/\/www.matrix4design.com\/it\/wp-json\/wp\/v2\/media?parent=86264"}],"wp:term":[{"taxonomy":"category","embeddable":true,"href":"https:\/\/www.matrix4design.com\/it\/wp-json\/wp\/v2\/categories?post=86264"},{"taxonomy":"post_tag","embeddable":true,"href":"https:\/\/www.matrix4design.com\/it\/wp-json\/wp\/v2\/tags?post=86264"}],"curies":[{"name":"wp","href":"https:\/\/api.w.org\/{rel}","templated":true}]}}