{"id":87509,"date":"2022-05-11T08:00:44","date_gmt":"2022-05-11T06:00:44","guid":{"rendered":"https:\/\/www.matrix4design.com\/?p=87509"},"modified":"2022-05-09T09:57:13","modified_gmt":"2022-05-09T07:57:13","slug":"land-presenta-parco-unione-il-polmone-verde-delle-aree-ex-falck","status":"publish","type":"post","link":"https:\/\/www.matrix4design.com\/it\/architettura\/land-presenta-parco-unione-il-polmone-verde-delle-aree-ex-falck\/","title":{"rendered":"LAND presenta Parco Unione, il polmone verde delle aree ex Falck"},"content":{"rendered":"<p>&nbsp;<\/p>\n<p>Lo studio internazionale di consulenza paesaggistica <a href=\"https:\/\/www.landsrl.com\/\" target=\"_blank\" rel=\"noopener\"><strong>LAND<\/strong><\/a> ha presentato alla citt\u00e0 di Sesto S. Giovanni <strong>Parco Unione<\/strong>, primo tassello del grande parco che verr\u00e0 realizzato nell\u2019ambito della trasformazione delle aree ex Falck, oggi il maggiore progetto di riqualificazione urbana in Italia e uno dei pi\u00f9 grandi in Europa, comprendente 1,5 milioni di metri quadrati.<\/p>\n<p>Sviluppo sostenibile, produttivit\u00e0 e memoria storica sono i temi alla base del masterplan di queste aree, promosso da una partnership tra <strong>Hines<\/strong>, <strong>Cale Street Partners<\/strong> e il <strong>Gruppo Prelios<\/strong>.<\/p>\n<figure id=\"attachment_87511\" aria-describedby=\"caption-attachment-87511\" style=\"width: 1600px\" class=\"wp-caption aligncenter\"><img loading=\"lazy\" decoding=\"async\" class=\"wp-image-87511 size-full\" src=\"https:\/\/www.matrix4design.com\/wp-content\/uploads\/2022\/05\/Vista-Area\u00a9-NUBE.jpg\" alt=\"\" width=\"1600\" height=\"900\" srcset=\"https:\/\/www.matrix4design.com\/wp-content\/uploads\/2022\/05\/Vista-Area\u00a9-NUBE.jpg 1600w, https:\/\/www.matrix4design.com\/wp-content\/uploads\/2022\/05\/Vista-Area\u00a9-NUBE-300x169.jpg 300w, https:\/\/www.matrix4design.com\/wp-content\/uploads\/2022\/05\/Vista-Area\u00a9-NUBE-1024x576.jpg 1024w, https:\/\/www.matrix4design.com\/wp-content\/uploads\/2022\/05\/Vista-Area\u00a9-NUBE-768x432.jpg 768w, https:\/\/www.matrix4design.com\/wp-content\/uploads\/2022\/05\/Vista-Area\u00a9-NUBE-1536x864.jpg 1536w\" sizes=\"auto, (max-width: 1600px) 100vw, 1600px\" \/><figcaption id=\"caption-attachment-87511\" class=\"wp-caption-text\">\u00a9 NUBE<\/figcaption><\/figure>\n<p>In questo contesto, il Parco Unione di LAND sar\u00e0 <strong>un sistema verde di circa 13.5 ettari<\/strong>, che va dalla Stazione a viale Italia, ricco di nuove funzioni e allo stesso tempo legato al passato industriale, grazie anche all\u2019applicazione di Nature Based Solutions, cio\u00e8 le strategie pi\u00f9 efficienti ed economiche per garantire un corretto uso di risorse ed energia, assicurando, al contempo, il funzionamento degli ecosistemi.<\/p>\n<p>Parco Unione sar\u00e0 <strong>uno dei pi\u00f9 grandi parchi dell&#8217;area metropolitana milanese<\/strong>, collegato al Parco Nord e al Parco Media Valle del Lambro tramite piste ciclabili e sentieri e dialogher\u00e0 con gli elementi del territorio di Sesto San Giovanni: la matrice del tessuto storico, le trasformazioni produttive pi\u00f9 recenti, i grandi segni infrastrutturali del tracciato ferroviario e di Viale Italia.<\/p>\n<p>L\u2019articolazione delle funzioni di Parco Unione si definisce a partire da <strong>un loop principale intersecato da loop tematici<\/strong>. Ciascuno dei loop gode di una sua unicit\u00e0 legata al tema che rappresenta riferendosi ad una categoria di fruitori ben definita e identificabile.<\/p>\n<figure id=\"attachment_87512\" aria-describedby=\"caption-attachment-87512\" style=\"width: 1600px\" class=\"wp-caption aligncenter\"><img loading=\"lazy\" decoding=\"async\" class=\"size-full wp-image-87512\" src=\"https:\/\/www.matrix4design.com\/wp-content\/uploads\/2022\/05\/Vista-Canopy-Square-\u00a9-NUBE.jpg\" alt=\"\" width=\"1600\" height=\"1600\" srcset=\"https:\/\/www.matrix4design.com\/wp-content\/uploads\/2022\/05\/Vista-Canopy-Square-\u00a9-NUBE.jpg 1600w, https:\/\/www.matrix4design.com\/wp-content\/uploads\/2022\/05\/Vista-Canopy-Square-\u00a9-NUBE-300x300.jpg 300w, https:\/\/www.matrix4design.com\/wp-content\/uploads\/2022\/05\/Vista-Canopy-Square-\u00a9-NUBE-1024x1024.jpg 1024w, https:\/\/www.matrix4design.com\/wp-content\/uploads\/2022\/05\/Vista-Canopy-Square-\u00a9-NUBE-150x150.jpg 150w, https:\/\/www.matrix4design.com\/wp-content\/uploads\/2022\/05\/Vista-Canopy-Square-\u00a9-NUBE-768x768.jpg 768w, https:\/\/www.matrix4design.com\/wp-content\/uploads\/2022\/05\/Vista-Canopy-Square-\u00a9-NUBE-1536x1536.jpg 1536w, https:\/\/www.matrix4design.com\/wp-content\/uploads\/2022\/05\/Vista-Canopy-Square-\u00a9-NUBE-328x328.jpg 328w\" sizes=\"auto, (max-width: 1600px) 100vw, 1600px\" \/><figcaption id=\"caption-attachment-87512\" class=\"wp-caption-text\">\u00a9 NUBE<\/figcaption><\/figure>\n<p>Accanto alla definizione di loop quali percorsi ad anello, il parco si articola anche attraverso <strong>la tematizzazione delle diverse aree<\/strong>, che si distinguono per una vocazione specifica: spazi di quartiere che possano garantire servizi e aree di svago per i futuri abitanti, spazi ristoro con la possibilit\u00e0 di ospitare chioschi, spazi per lo sport, diffusi come il percorso fitness nel bosco e concentrati come i campetti sportivi e l\u2019area Street Sport. All\u2019interno di quest\u2019area, in particolare, si colloca la <strong>SkatePlaza<\/strong>, un nuovo concetto di spazio pubblico multifunzionale, attrezzato anche per l\u2019uso sportivo e in grado di ospitare competizioni internazionali legate alla disciplina dello Street Skate.<\/p>\n<p>Ampio spazio viene poi dato alle aree piantumate a bosco e a filari. Il verde del Parco Unione sar\u00e0 strutturato in <strong>macro-aree<\/strong> che ne definiscono la tematizzazione in termini di selezione delle specie: il bosco planiziale, tipico della pianura padana con un richiamo alle specie presenti all\u2019interno del vicino Parco Nord, la pianura produttiva lombarda, con esemplari disposti a filare tipici della separazione tra i campi, i filari ornamentali, con impianto regolare che attuano le caratteristiche ornamentali.<\/p>\n<p><strong>Pi\u00f9 di 1300 alberi<\/strong> verranno, quindi, piantumati a fornire benefici ecosistemici quali miglioramento del microclima e della qualit\u00e0 dell\u2019aria grazie all\u2019assorbimento della C02 operato dagli alberi, 17 000 mq di grande radura offriranno ampi spazi aperti per le pi\u00f9 svariate attivit\u00e0 e 37.000 mq di bosco disetaneo, cio\u00e8 con alberi di et\u00e0 e dimensioni diverse, garantiranno un\u2019importante funzione ecologico-paesaggistica e conseguentemente l\u2019incremento della biodiversit\u00e0.<\/p>\n<figure id=\"attachment_87510\" aria-describedby=\"caption-attachment-87510\" style=\"width: 1600px\" class=\"wp-caption aligncenter\"><img loading=\"lazy\" decoding=\"async\" class=\"wp-image-87510 size-full\" src=\"https:\/\/www.matrix4design.com\/wp-content\/uploads\/2022\/05\/Vista-Skatepark-\u00a9-NUBE.jpg\" alt=\"\" width=\"1600\" height=\"1600\" srcset=\"https:\/\/www.matrix4design.com\/wp-content\/uploads\/2022\/05\/Vista-Skatepark-\u00a9-NUBE.jpg 1600w, https:\/\/www.matrix4design.com\/wp-content\/uploads\/2022\/05\/Vista-Skatepark-\u00a9-NUBE-300x300.jpg 300w, https:\/\/www.matrix4design.com\/wp-content\/uploads\/2022\/05\/Vista-Skatepark-\u00a9-NUBE-1024x1024.jpg 1024w, https:\/\/www.matrix4design.com\/wp-content\/uploads\/2022\/05\/Vista-Skatepark-\u00a9-NUBE-150x150.jpg 150w, https:\/\/www.matrix4design.com\/wp-content\/uploads\/2022\/05\/Vista-Skatepark-\u00a9-NUBE-768x768.jpg 768w, https:\/\/www.matrix4design.com\/wp-content\/uploads\/2022\/05\/Vista-Skatepark-\u00a9-NUBE-1536x1536.jpg 1536w, https:\/\/www.matrix4design.com\/wp-content\/uploads\/2022\/05\/Vista-Skatepark-\u00a9-NUBE-328x328.jpg 328w\" sizes=\"auto, (max-width: 1600px) 100vw, 1600px\" \/><figcaption id=\"caption-attachment-87510\" class=\"wp-caption-text\">\u00a9 NUBE<\/figcaption><\/figure>\n<p>ll progetto si dimostra infine attento ai temi di <strong>accessibilit\u00e0 ed inclusivit\u00e0<\/strong> anche grazie ad una segnaletica che integra elementi tattili che favoriscono l\u2019orientamento.<\/p>\n<p><strong>Parco Unione<\/strong> diventa cos\u00ec un luogo restituito alla collettivit\u00e0 dove le archeologie industriali riqualificate si fondono con il verde per offrire a residenti, utenti della citt\u00e0 e visitatori uno spazio flessibile per il tempo libero in piena sintonia con la natura.<\/p>\n","protected":false},"excerpt":{"rendered":"<p>&nbsp; Lo studio internazionale di consulenza paesaggistica LAND ha presentato alla citt\u00e0 di Sesto S. Giovanni Parco Unione, primo tassello del grande parco che verr\u00e0 realizzato nell\u2019ambito della trasformazione delle aree ex Falck, oggi il maggiore progetto di riqualificazione urbana in Italia e uno dei pi\u00f9 grandi in Europa, comprendente 1,5 milioni di metri quadrati. [&hellip;]<\/p>\n","protected":false},"author":6,"featured_media":87510,"comment_status":"closed","ping_status":"closed","sticky":false,"template":"","format":"standard","meta":{"_acf_changed":false,"footnotes":""},"categories":[367,417,368],"tags":[],"class_list":{"0":"post-87509","1":"post","2":"type-post","3":"status-publish","4":"format-standard","5":"has-post-thumbnail","7":"category-architettura","8":"category-architettura-home","9":"category-featured"},"acf":[],"yoast_head":"<!-- This site is optimized with the Yoast SEO plugin v27.0 - https:\/\/yoast.com\/product\/yoast-seo-wordpress\/ -->\n<title>LAND presenta Parco Unione, il polmone verde delle aree ex Falck<\/title>\n<meta name=\"description\" content=\"LAND ha presentato alla citt\u00e0 di Sesto S. Giovanni Parco Unione, primo tassello del grande parco che verr\u00e0 realizzato nell\u2019ambito della trasformazione delle aree ex Falck.\" \/>\n<meta name=\"robots\" content=\"index, follow, max-snippet:-1, max-image-preview:large, max-video-preview:-1\" \/>\n<link rel=\"canonical\" href=\"https:\/\/www.matrix4design.com\/it\/architettura\/land-presenta-parco-unione-il-polmone-verde-delle-aree-ex-falck\/\" \/>\n<meta property=\"og:locale\" content=\"it_IT\" \/>\n<meta property=\"og:type\" content=\"article\" \/>\n<meta property=\"og:title\" content=\"LAND presenta Parco Unione, il polmone verde delle aree ex Falck\" \/>\n<meta property=\"og:description\" content=\"LAND ha presentato alla citt\u00e0 di Sesto S. Giovanni Parco Unione, primo tassello del grande parco che verr\u00e0 realizzato nell\u2019ambito della trasformazione delle aree ex Falck.\" \/>\n<meta property=\"og:url\" content=\"https:\/\/www.matrix4design.com\/it\/architettura\/land-presenta-parco-unione-il-polmone-verde-delle-aree-ex-falck\/\" \/>\n<meta property=\"og:site_name\" content=\"Matrix4Design\" \/>\n<meta property=\"article:publisher\" content=\"https:\/\/www.facebook.com\/matrix4designmagazine\/\" \/>\n<meta property=\"article:published_time\" content=\"2022-05-11T06:00:44+00:00\" \/>\n<meta property=\"og:image\" content=\"https:\/\/www.matrix4design.com\/wp-content\/uploads\/2022\/05\/Vista-Skatepark-\u00a9-NUBE.jpg\" \/>\n\t<meta property=\"og:image:width\" content=\"1600\" \/>\n\t<meta property=\"og:image:height\" content=\"1600\" \/>\n\t<meta property=\"og:image:type\" content=\"image\/jpeg\" \/>\n<meta name=\"author\" content=\"Redazione\" \/>\n<meta name=\"twitter:card\" content=\"summary_large_image\" \/>\n<meta name=\"twitter:label1\" content=\"Scritto da\" \/>\n\t<meta name=\"twitter:data1\" content=\"Redazione\" \/>\n\t<meta name=\"twitter:label2\" content=\"Tempo di lettura stimato\" \/>\n\t<meta name=\"twitter:data2\" content=\"3 minuti\" \/>\n<script type=\"application\/ld+json\" class=\"yoast-schema-graph\">{\"@context\":\"https:\/\/schema.org\",\"@graph\":[{\"@type\":\"Article\",\"@id\":\"https:\/\/www.matrix4design.com\/it\/architettura\/land-presenta-parco-unione-il-polmone-verde-delle-aree-ex-falck\/#article\",\"isPartOf\":{\"@id\":\"https:\/\/www.matrix4design.com\/it\/architettura\/land-presenta-parco-unione-il-polmone-verde-delle-aree-ex-falck\/\"},\"author\":{\"name\":\"Redazione\",\"@id\":\"https:\/\/www.matrix4design.com\/it\/#\/schema\/person\/b2b6dd48f9d6892ca224742379951fa1\"},\"headline\":\"LAND presenta Parco Unione, il polmone verde delle aree ex Falck\",\"datePublished\":\"2022-05-11T06:00:44+00:00\",\"mainEntityOfPage\":{\"@id\":\"https:\/\/www.matrix4design.com\/it\/architettura\/land-presenta-parco-unione-il-polmone-verde-delle-aree-ex-falck\/\"},\"wordCount\":603,\"publisher\":{\"@id\":\"https:\/\/www.matrix4design.com\/it\/#organization\"},\"image\":{\"@id\":\"https:\/\/www.matrix4design.com\/it\/architettura\/land-presenta-parco-unione-il-polmone-verde-delle-aree-ex-falck\/#primaryimage\"},\"thumbnailUrl\":\"https:\/\/www.matrix4design.com\/wp-content\/uploads\/2022\/05\/Vista-Skatepark-\u00a9-NUBE.jpg\",\"articleSection\":[\"Architettura\",\"Architettura home\",\"Featured\"],\"inLanguage\":\"it-IT\"},{\"@type\":\"WebPage\",\"@id\":\"https:\/\/www.matrix4design.com\/it\/architettura\/land-presenta-parco-unione-il-polmone-verde-delle-aree-ex-falck\/\",\"url\":\"https:\/\/www.matrix4design.com\/it\/architettura\/land-presenta-parco-unione-il-polmone-verde-delle-aree-ex-falck\/\",\"name\":\"LAND presenta Parco Unione, il polmone verde delle aree ex Falck\",\"isPartOf\":{\"@id\":\"https:\/\/www.matrix4design.com\/it\/#website\"},\"primaryImageOfPage\":{\"@id\":\"https:\/\/www.matrix4design.com\/it\/architettura\/land-presenta-parco-unione-il-polmone-verde-delle-aree-ex-falck\/#primaryimage\"},\"image\":{\"@id\":\"https:\/\/www.matrix4design.com\/it\/architettura\/land-presenta-parco-unione-il-polmone-verde-delle-aree-ex-falck\/#primaryimage\"},\"thumbnailUrl\":\"https:\/\/www.matrix4design.com\/wp-content\/uploads\/2022\/05\/Vista-Skatepark-\u00a9-NUBE.jpg\",\"datePublished\":\"2022-05-11T06:00:44+00:00\",\"description\":\"LAND ha presentato alla citt\u00e0 di Sesto S. Giovanni Parco Unione, primo tassello del grande parco che verr\u00e0 realizzato nell\u2019ambito della trasformazione delle aree ex Falck.\",\"breadcrumb\":{\"@id\":\"https:\/\/www.matrix4design.com\/it\/architettura\/land-presenta-parco-unione-il-polmone-verde-delle-aree-ex-falck\/#breadcrumb\"},\"inLanguage\":\"it-IT\",\"potentialAction\":[{\"@type\":\"ReadAction\",\"target\":[\"https:\/\/www.matrix4design.com\/it\/architettura\/land-presenta-parco-unione-il-polmone-verde-delle-aree-ex-falck\/\"]}]},{\"@type\":\"ImageObject\",\"inLanguage\":\"it-IT\",\"@id\":\"https:\/\/www.matrix4design.com\/it\/architettura\/land-presenta-parco-unione-il-polmone-verde-delle-aree-ex-falck\/#primaryimage\",\"url\":\"https:\/\/www.matrix4design.com\/wp-content\/uploads\/2022\/05\/Vista-Skatepark-\u00a9-NUBE.jpg\",\"contentUrl\":\"https:\/\/www.matrix4design.com\/wp-content\/uploads\/2022\/05\/Vista-Skatepark-\u00a9-NUBE.jpg\",\"width\":1600,\"height\":1600},{\"@type\":\"BreadcrumbList\",\"@id\":\"https:\/\/www.matrix4design.com\/it\/architettura\/land-presenta-parco-unione-il-polmone-verde-delle-aree-ex-falck\/#breadcrumb\",\"itemListElement\":[{\"@type\":\"ListItem\",\"position\":1,\"name\":\"Home\",\"item\":\"https:\/\/www.matrix4design.com\/it\/\"},{\"@type\":\"ListItem\",\"position\":2,\"name\":\"LAND presenta Parco Unione, il polmone verde delle aree ex Falck\"}]},{\"@type\":\"WebSite\",\"@id\":\"https:\/\/www.matrix4design.com\/it\/#website\",\"url\":\"https:\/\/www.matrix4design.com\/it\/\",\"name\":\"Matrix4Design\",\"description\":\"Digital architecture and design b2b magazine\",\"publisher\":{\"@id\":\"https:\/\/www.matrix4design.com\/it\/#organization\"},\"potentialAction\":[{\"@type\":\"SearchAction\",\"target\":{\"@type\":\"EntryPoint\",\"urlTemplate\":\"https:\/\/www.matrix4design.com\/it\/?s={search_term_string}\"},\"query-input\":{\"@type\":\"PropertyValueSpecification\",\"valueRequired\":true,\"valueName\":\"search_term_string\"}}],\"inLanguage\":\"it-IT\"},{\"@type\":\"Organization\",\"@id\":\"https:\/\/www.matrix4design.com\/it\/#organization\",\"name\":\"Matrix4Design\",\"url\":\"https:\/\/www.matrix4design.com\/it\/\",\"logo\":{\"@type\":\"ImageObject\",\"inLanguage\":\"it-IT\",\"@id\":\"https:\/\/www.matrix4design.com\/it\/#\/schema\/logo\/image\/\",\"url\":\"https:\/\/www.matrix4design.com\/wp-content\/uploads\/2020\/04\/logo_matrix4design.png\",\"contentUrl\":\"https:\/\/www.matrix4design.com\/wp-content\/uploads\/2020\/04\/logo_matrix4design.png\",\"width\":804,\"height\":114,\"caption\":\"Matrix4Design\"},\"image\":{\"@id\":\"https:\/\/www.matrix4design.com\/it\/#\/schema\/logo\/image\/\"},\"sameAs\":[\"https:\/\/www.facebook.com\/matrix4designmagazine\/\",\"https:\/\/www.instagram.com\/matrix4designmagazine\/\",\"https:\/\/www.youtube.com\/channel\/UCtuhSSrP3MOO_URZgv8mQ1A\"]},{\"@type\":\"Person\",\"@id\":\"https:\/\/www.matrix4design.com\/it\/#\/schema\/person\/b2b6dd48f9d6892ca224742379951fa1\",\"name\":\"Redazione\",\"image\":{\"@type\":\"ImageObject\",\"inLanguage\":\"it-IT\",\"@id\":\"https:\/\/www.matrix4design.com\/it\/#\/schema\/person\/image\/\",\"url\":\"https:\/\/www.matrix4design.com\/wp-content\/uploads\/2023\/01\/logo_M4D_2023-96x96.jpg\",\"contentUrl\":\"https:\/\/www.matrix4design.com\/wp-content\/uploads\/2023\/01\/logo_M4D_2023-96x96.jpg\",\"caption\":\"Redazione\"},\"url\":\"https:\/\/www.matrix4design.com\/it\/author\/redazione\/\"}]}<\/script>\n<!-- \/ Yoast SEO plugin. -->","yoast_head_json":{"title":"LAND presenta Parco Unione, il polmone verde delle aree ex Falck","description":"LAND ha presentato alla citt\u00e0 di Sesto S. Giovanni Parco Unione, primo tassello del grande parco che verr\u00e0 realizzato nell\u2019ambito della trasformazione delle aree ex Falck.","robots":{"index":"index","follow":"follow","max-snippet":"max-snippet:-1","max-image-preview":"max-image-preview:large","max-video-preview":"max-video-preview:-1"},"canonical":"https:\/\/www.matrix4design.com\/it\/architettura\/land-presenta-parco-unione-il-polmone-verde-delle-aree-ex-falck\/","og_locale":"it_IT","og_type":"article","og_title":"LAND presenta Parco Unione, il polmone verde delle aree ex Falck","og_description":"LAND ha presentato alla citt\u00e0 di Sesto S. Giovanni Parco Unione, primo tassello del grande parco che verr\u00e0 realizzato nell\u2019ambito della trasformazione delle aree ex Falck.","og_url":"https:\/\/www.matrix4design.com\/it\/architettura\/land-presenta-parco-unione-il-polmone-verde-delle-aree-ex-falck\/","og_site_name":"Matrix4Design","article_publisher":"https:\/\/www.facebook.com\/matrix4designmagazine\/","article_published_time":"2022-05-11T06:00:44+00:00","og_image":[{"width":1600,"height":1600,"url":"https:\/\/www.matrix4design.com\/wp-content\/uploads\/2022\/05\/Vista-Skatepark-\u00a9-NUBE.jpg","type":"image\/jpeg"}],"author":"Redazione","twitter_card":"summary_large_image","twitter_misc":{"Scritto da":"Redazione","Tempo di lettura stimato":"3 minuti"},"schema":{"@context":"https:\/\/schema.org","@graph":[{"@type":"Article","@id":"https:\/\/www.matrix4design.com\/it\/architettura\/land-presenta-parco-unione-il-polmone-verde-delle-aree-ex-falck\/#article","isPartOf":{"@id":"https:\/\/www.matrix4design.com\/it\/architettura\/land-presenta-parco-unione-il-polmone-verde-delle-aree-ex-falck\/"},"author":{"name":"Redazione","@id":"https:\/\/www.matrix4design.com\/it\/#\/schema\/person\/b2b6dd48f9d6892ca224742379951fa1"},"headline":"LAND presenta Parco Unione, il polmone verde delle aree ex Falck","datePublished":"2022-05-11T06:00:44+00:00","mainEntityOfPage":{"@id":"https:\/\/www.matrix4design.com\/it\/architettura\/land-presenta-parco-unione-il-polmone-verde-delle-aree-ex-falck\/"},"wordCount":603,"publisher":{"@id":"https:\/\/www.matrix4design.com\/it\/#organization"},"image":{"@id":"https:\/\/www.matrix4design.com\/it\/architettura\/land-presenta-parco-unione-il-polmone-verde-delle-aree-ex-falck\/#primaryimage"},"thumbnailUrl":"https:\/\/www.matrix4design.com\/wp-content\/uploads\/2022\/05\/Vista-Skatepark-\u00a9-NUBE.jpg","articleSection":["Architettura","Architettura home","Featured"],"inLanguage":"it-IT"},{"@type":"WebPage","@id":"https:\/\/www.matrix4design.com\/it\/architettura\/land-presenta-parco-unione-il-polmone-verde-delle-aree-ex-falck\/","url":"https:\/\/www.matrix4design.com\/it\/architettura\/land-presenta-parco-unione-il-polmone-verde-delle-aree-ex-falck\/","name":"LAND presenta Parco Unione, il polmone verde delle aree ex Falck","isPartOf":{"@id":"https:\/\/www.matrix4design.com\/it\/#website"},"primaryImageOfPage":{"@id":"https:\/\/www.matrix4design.com\/it\/architettura\/land-presenta-parco-unione-il-polmone-verde-delle-aree-ex-falck\/#primaryimage"},"image":{"@id":"https:\/\/www.matrix4design.com\/it\/architettura\/land-presenta-parco-unione-il-polmone-verde-delle-aree-ex-falck\/#primaryimage"},"thumbnailUrl":"https:\/\/www.matrix4design.com\/wp-content\/uploads\/2022\/05\/Vista-Skatepark-\u00a9-NUBE.jpg","datePublished":"2022-05-11T06:00:44+00:00","description":"LAND ha presentato alla citt\u00e0 di Sesto S. Giovanni Parco Unione, primo tassello del grande parco che verr\u00e0 realizzato nell\u2019ambito della trasformazione delle aree ex Falck.","breadcrumb":{"@id":"https:\/\/www.matrix4design.com\/it\/architettura\/land-presenta-parco-unione-il-polmone-verde-delle-aree-ex-falck\/#breadcrumb"},"inLanguage":"it-IT","potentialAction":[{"@type":"ReadAction","target":["https:\/\/www.matrix4design.com\/it\/architettura\/land-presenta-parco-unione-il-polmone-verde-delle-aree-ex-falck\/"]}]},{"@type":"ImageObject","inLanguage":"it-IT","@id":"https:\/\/www.matrix4design.com\/it\/architettura\/land-presenta-parco-unione-il-polmone-verde-delle-aree-ex-falck\/#primaryimage","url":"https:\/\/www.matrix4design.com\/wp-content\/uploads\/2022\/05\/Vista-Skatepark-\u00a9-NUBE.jpg","contentUrl":"https:\/\/www.matrix4design.com\/wp-content\/uploads\/2022\/05\/Vista-Skatepark-\u00a9-NUBE.jpg","width":1600,"height":1600},{"@type":"BreadcrumbList","@id":"https:\/\/www.matrix4design.com\/it\/architettura\/land-presenta-parco-unione-il-polmone-verde-delle-aree-ex-falck\/#breadcrumb","itemListElement":[{"@type":"ListItem","position":1,"name":"Home","item":"https:\/\/www.matrix4design.com\/it\/"},{"@type":"ListItem","position":2,"name":"LAND presenta Parco Unione, il polmone verde delle aree ex Falck"}]},{"@type":"WebSite","@id":"https:\/\/www.matrix4design.com\/it\/#website","url":"https:\/\/www.matrix4design.com\/it\/","name":"Matrix4Design","description":"Digital architecture and design b2b magazine","publisher":{"@id":"https:\/\/www.matrix4design.com\/it\/#organization"},"potentialAction":[{"@type":"SearchAction","target":{"@type":"EntryPoint","urlTemplate":"https:\/\/www.matrix4design.com\/it\/?s={search_term_string}"},"query-input":{"@type":"PropertyValueSpecification","valueRequired":true,"valueName":"search_term_string"}}],"inLanguage":"it-IT"},{"@type":"Organization","@id":"https:\/\/www.matrix4design.com\/it\/#organization","name":"Matrix4Design","url":"https:\/\/www.matrix4design.com\/it\/","logo":{"@type":"ImageObject","inLanguage":"it-IT","@id":"https:\/\/www.matrix4design.com\/it\/#\/schema\/logo\/image\/","url":"https:\/\/www.matrix4design.com\/wp-content\/uploads\/2020\/04\/logo_matrix4design.png","contentUrl":"https:\/\/www.matrix4design.com\/wp-content\/uploads\/2020\/04\/logo_matrix4design.png","width":804,"height":114,"caption":"Matrix4Design"},"image":{"@id":"https:\/\/www.matrix4design.com\/it\/#\/schema\/logo\/image\/"},"sameAs":["https:\/\/www.facebook.com\/matrix4designmagazine\/","https:\/\/www.instagram.com\/matrix4designmagazine\/","https:\/\/www.youtube.com\/channel\/UCtuhSSrP3MOO_URZgv8mQ1A"]},{"@type":"Person","@id":"https:\/\/www.matrix4design.com\/it\/#\/schema\/person\/b2b6dd48f9d6892ca224742379951fa1","name":"Redazione","image":{"@type":"ImageObject","inLanguage":"it-IT","@id":"https:\/\/www.matrix4design.com\/it\/#\/schema\/person\/image\/","url":"https:\/\/www.matrix4design.com\/wp-content\/uploads\/2023\/01\/logo_M4D_2023-96x96.jpg","contentUrl":"https:\/\/www.matrix4design.com\/wp-content\/uploads\/2023\/01\/logo_M4D_2023-96x96.jpg","caption":"Redazione"},"url":"https:\/\/www.matrix4design.com\/it\/author\/redazione\/"}]}},"_links":{"self":[{"href":"https:\/\/www.matrix4design.com\/it\/wp-json\/wp\/v2\/posts\/87509","targetHints":{"allow":["GET"]}}],"collection":[{"href":"https:\/\/www.matrix4design.com\/it\/wp-json\/wp\/v2\/posts"}],"about":[{"href":"https:\/\/www.matrix4design.com\/it\/wp-json\/wp\/v2\/types\/post"}],"author":[{"embeddable":true,"href":"https:\/\/www.matrix4design.com\/it\/wp-json\/wp\/v2\/users\/6"}],"replies":[{"embeddable":true,"href":"https:\/\/www.matrix4design.com\/it\/wp-json\/wp\/v2\/comments?post=87509"}],"version-history":[{"count":1,"href":"https:\/\/www.matrix4design.com\/it\/wp-json\/wp\/v2\/posts\/87509\/revisions"}],"predecessor-version":[{"id":87513,"href":"https:\/\/www.matrix4design.com\/it\/wp-json\/wp\/v2\/posts\/87509\/revisions\/87513"}],"wp:featuredmedia":[{"embeddable":true,"href":"https:\/\/www.matrix4design.com\/it\/wp-json\/wp\/v2\/media\/87510"}],"wp:attachment":[{"href":"https:\/\/www.matrix4design.com\/it\/wp-json\/wp\/v2\/media?parent=87509"}],"wp:term":[{"taxonomy":"category","embeddable":true,"href":"https:\/\/www.matrix4design.com\/it\/wp-json\/wp\/v2\/categories?post=87509"},{"taxonomy":"post_tag","embeddable":true,"href":"https:\/\/www.matrix4design.com\/it\/wp-json\/wp\/v2\/tags?post=87509"}],"curies":[{"name":"wp","href":"https:\/\/api.w.org\/{rel}","templated":true}]}}