{"id":88015,"date":"2022-06-06T12:00:54","date_gmt":"2022-06-06T10:00:54","guid":{"rendered":"https:\/\/www.matrix4design.com\/?p=88015"},"modified":"2023-01-30T09:42:17","modified_gmt":"2023-01-30T08:42:17","slug":"art-back-home-larte-incontra-il-design-nel-nuovo-progetto-di-icons-design-milano","status":"publish","type":"post","link":"https:\/\/www.matrix4design.com\/it\/design\/art-back-home-larte-incontra-il-design-nel-nuovo-progetto-di-icons-design-milano\/","title":{"rendered":"Art Back Home, l\u2019arte incontra il design nel nuovo progetto di Icon\u2019s Design Milano"},"content":{"rendered":"<p>&nbsp;<\/p>\n<p>La passione per la decorazione, applicata a mobili e pareti, fa parte da sempre del DNA di <a href=\"https:\/\/iconsmilano.com\/\" target=\"_blank\" rel=\"noopener\"><strong>Icon\u2019s Design Milano<\/strong><\/a>, marchio veneto che guarda all\u2019arredo con gli occhi della sperimentazione, tra combinazioni cromatiche, contaminazioni materiche e personalizzazioni grafiche.<\/p>\n<p>Un percorso di ricerca e innovazione che quest\u2019anno culmina nell\u2019incontro tra arte e design grazie al progetto <strong>Art Back Home<\/strong>, pensato per trasformare i complementi in pezzi d\u2019arte unici, perfetti per impreziosire spazi contract ma anche case private.<\/p>\n<figure id=\"attachment_88017\" aria-describedby=\"caption-attachment-88017\" style=\"width: 1600px\" class=\"wp-caption aligncenter\"><img loading=\"lazy\" decoding=\"async\" class=\"size-full wp-image-88017\" src=\"https:\/\/www.matrix4design.com\/wp-content\/uploads\/2022\/05\/12-05-22_3250.jpg\" alt=\"\" width=\"1600\" height=\"1200\" srcset=\"https:\/\/www.matrix4design.com\/wp-content\/uploads\/2022\/05\/12-05-22_3250.jpg 1600w, https:\/\/www.matrix4design.com\/wp-content\/uploads\/2022\/05\/12-05-22_3250-300x225.jpg 300w, https:\/\/www.matrix4design.com\/wp-content\/uploads\/2022\/05\/12-05-22_3250-1024x768.jpg 1024w, https:\/\/www.matrix4design.com\/wp-content\/uploads\/2022\/05\/12-05-22_3250-768x576.jpg 768w, https:\/\/www.matrix4design.com\/wp-content\/uploads\/2022\/05\/12-05-22_3250-1536x1152.jpg 1536w\" sizes=\"auto, (max-width: 1600px) 100vw, 1600px\" \/><figcaption id=\"caption-attachment-88017\" class=\"wp-caption-text\">Madia \u2026se non, per esempio &#8211; Icon&#8217;s Design Milano<\/figcaption><\/figure>\n<p>A dare inizio al progetto, con la curatela del critico d\u2019arte Ivan Quaroni, \u00e8 l\u2019artista <strong>Paolo De Biasi<\/strong>, architetto e pittore dalla forte identit\u00e0 iconografica, le cui opere vengono trasposte su due diversi volumi, <strong>una madia e una dispensa<\/strong>, trovando per esse una collocazione del tutto nuovo e di conseguenza una nuova chiave emozionale.<\/p>\n<p>In questo modo, da un lato l\u2019artista porta la sua arte oltre le gallerie e i tradizionali spazi espositivi, dall\u2019altro l\u2019azienda esce dalla <em>comfort zone<\/em> dello showroom, con un obiettivo comune: quello di <strong>portare l\u2019arte nel quotidiano<\/strong>, rendendola pi\u00f9 accessibile proprio attraverso l\u2019integrazione con i due pezzi d\u2019arredo.<\/p>\n<figure id=\"attachment_88018\" aria-describedby=\"caption-attachment-88018\" style=\"width: 1600px\" class=\"wp-caption aligncenter\"><img loading=\"lazy\" decoding=\"async\" class=\"size-full wp-image-88018\" src=\"https:\/\/www.matrix4design.com\/wp-content\/uploads\/2022\/05\/29-04-22_2984.jpg\" alt=\"\" width=\"1600\" height=\"1200\" srcset=\"https:\/\/www.matrix4design.com\/wp-content\/uploads\/2022\/05\/29-04-22_2984.jpg 1600w, https:\/\/www.matrix4design.com\/wp-content\/uploads\/2022\/05\/29-04-22_2984-300x225.jpg 300w, https:\/\/www.matrix4design.com\/wp-content\/uploads\/2022\/05\/29-04-22_2984-1024x768.jpg 1024w, https:\/\/www.matrix4design.com\/wp-content\/uploads\/2022\/05\/29-04-22_2984-768x576.jpg 768w, https:\/\/www.matrix4design.com\/wp-content\/uploads\/2022\/05\/29-04-22_2984-1536x1152.jpg 1536w\" sizes=\"auto, (max-width: 1600px) 100vw, 1600px\" \/><figcaption id=\"caption-attachment-88018\" class=\"wp-caption-text\">Dispensa Tutt&#8217;altro ancora &#8211; Icon&#8217;s Design Milano<\/figcaption><\/figure>\n<p>Le opere di Paolo De Biasi coinvolte nel progetto sono state realizzate quest\u2019anno e sono due: <strong><em>\u2026se non, per esempio<\/em><\/strong>, in cui elementi fantastici e onirici si mescolano ai richiami all\u2019arte del passato reinterpretata secondo codici contemporanei; <strong><em>Tutt\u2019altro ancora<\/em><\/strong>, che rappresenta un paesaggio metafisico, surreale, costellato di oggetti enigmatici.<\/p>\n<figure id=\"attachment_88016\" aria-describedby=\"caption-attachment-88016\" style=\"width: 1600px\" class=\"wp-caption aligncenter\"><img loading=\"lazy\" decoding=\"async\" class=\"size-full wp-image-88016\" src=\"https:\/\/www.matrix4design.com\/wp-content\/uploads\/2022\/05\/12-05-22_3265.jpg\" alt=\"\" width=\"1600\" height=\"1200\" srcset=\"https:\/\/www.matrix4design.com\/wp-content\/uploads\/2022\/05\/12-05-22_3265.jpg 1600w, https:\/\/www.matrix4design.com\/wp-content\/uploads\/2022\/05\/12-05-22_3265-300x225.jpg 300w, https:\/\/www.matrix4design.com\/wp-content\/uploads\/2022\/05\/12-05-22_3265-1024x768.jpg 1024w, https:\/\/www.matrix4design.com\/wp-content\/uploads\/2022\/05\/12-05-22_3265-768x576.jpg 768w, https:\/\/www.matrix4design.com\/wp-content\/uploads\/2022\/05\/12-05-22_3265-1536x1152.jpg 1536w\" sizes=\"auto, (max-width: 1600px) 100vw, 1600px\" \/><figcaption id=\"caption-attachment-88016\" class=\"wp-caption-text\">Dispensa \u2026se non, per esempio &#8211; Icon&#8217;s Design Milano<\/figcaption><\/figure>\n<p>Racconta <strong>Massimo Tognon<\/strong>, Amministratore Delegato di Icon\u2019s Design Milano:<\/p>\n<p><em>\u201c\u00c8 un percorso unico, intrinseco nel DNA stesso dell\u2019azienda, che ha sempre avuto una sua naturale predisposizione per l\u2019arte e le emozioni che essa riesce a suscitarci. Siamo solo all\u2019inizio di questo viaggio nelle emozioni, il cui obiettivo \u00e8 quello di trasferire l\u2019unicit\u00e0 di un\u2019opera, attraverso la sua scomposizione, in un pezzo d\u2019arredo altrettanto unico. Dopo la sensibilit\u00e0 di Paolo De Biasi, sar\u00e0 la volta di Fulvia Mendini e Vanni Cuoghi, e poi chiss\u00e0 quali altre splendide collaborazioni si andranno a creare\u201d.<\/em><\/p>\n<p><strong>Art Back Home<\/strong> sar\u00e0 protagonista durante il Salone del Mobile di Milano con <strong>un evento speciale<\/strong> che si terr\u00e0 <strong>mercoled\u00ec 8 giugno<\/strong> alle <strong>ore 20:00<\/strong> presso <strong>lo spazio Devina Nais | Icons Flag<\/strong> di <strong>Viale Piave 1<\/strong>. Nella serata, alla quale saranno presenti sia lo stesso artista Paolo De Biasi sia il curatore d\u2019arte Ivan Quaroni, sar\u00e0 inoltre svelata la seconda opera che \u00e8 stata oggetto di trasposizione da parte di Icon\u2019s Design Milano nei quaranta pezzi numerati tra madia e dispensa.<\/p>\n<figure id=\"attachment_88019\" aria-describedby=\"caption-attachment-88019\" style=\"width: 1600px\" class=\"wp-caption aligncenter\"><img loading=\"lazy\" decoding=\"async\" class=\"size-full wp-image-88019\" src=\"https:\/\/www.matrix4design.com\/wp-content\/uploads\/2022\/05\/29-04-22_2924.jpg\" alt=\"\" width=\"1600\" height=\"1200\" srcset=\"https:\/\/www.matrix4design.com\/wp-content\/uploads\/2022\/05\/29-04-22_2924.jpg 1600w, https:\/\/www.matrix4design.com\/wp-content\/uploads\/2022\/05\/29-04-22_2924-300x225.jpg 300w, https:\/\/www.matrix4design.com\/wp-content\/uploads\/2022\/05\/29-04-22_2924-1024x768.jpg 1024w, https:\/\/www.matrix4design.com\/wp-content\/uploads\/2022\/05\/29-04-22_2924-768x576.jpg 768w, https:\/\/www.matrix4design.com\/wp-content\/uploads\/2022\/05\/29-04-22_2924-1536x1152.jpg 1536w\" sizes=\"auto, (max-width: 1600px) 100vw, 1600px\" \/><figcaption id=\"caption-attachment-88019\" class=\"wp-caption-text\">Madia Tutt&#8217;altro ancora &#8211; Icon&#8217;s Design Milano<\/figcaption><\/figure>\n<p><em>Last but not least<\/em>, l\u2019evento avr\u00e0 anche uno scopo benefico: durante la serata <strong>la madia Special Edition <em>Tutt\u2019altro ancora<\/em> Art Back Home<\/strong> (un pezzo unico, su cui De Biasi dipinger\u00e0 un piccolo particolare inedito) sar\u00e0 messa all\u2019asta e il ricavato sar\u00e0 interamente devoluto a sostegno dell\u2019Associazione Save The Children, cos\u00ec come accadr\u00e0 per le donazioni volontarie che si potranno fare in loco. Perch\u00e9, in fin dei conti, la creativit\u00e0 \u00e8 in tutto e per tutto una forma di generosit\u00e0.<\/p>\n","protected":false},"excerpt":{"rendered":"<p>&nbsp; La passione per la decorazione, applicata a mobili e pareti, fa parte da sempre del DNA di Icon\u2019s Design Milano, marchio veneto che guarda all\u2019arredo con gli occhi della sperimentazione, tra combinazioni cromatiche, contaminazioni materiche e personalizzazioni grafiche. Un percorso di ricerca e innovazione che quest\u2019anno culmina nell\u2019incontro tra arte e design grazie al [&hellip;]<\/p>\n","protected":false},"author":6,"featured_media":88016,"comment_status":"closed","ping_status":"closed","sticky":false,"template":"","format":"video","meta":{"_acf_changed":false,"footnotes":""},"categories":[366,418,368,379,534],"tags":[],"class_list":{"0":"post-88015","1":"post","2":"type-post","3":"status-publish","4":"format-video","5":"has-post-thumbnail","7":"category-design","8":"category-design-home","9":"category-featured","10":"category-focus-home","11":"category-video","12":"post_format-post-format-video"},"acf":[],"yoast_head":"<!-- This site is optimized with the Yoast SEO plugin v27.0 - https:\/\/yoast.com\/product\/yoast-seo-wordpress\/ -->\n<title>Art Back Home, l\u2019arte incontra il design nel nuovo progetto di Icon\u2019s Design Milano<\/title>\n<meta name=\"description\" content=\"Verr\u00e0 presentato in occasione della Milano Design Week 2022 Art Back Home, il nuovo progetto di Icon\u2019s Design Milano per portare negli spazi contract e residenziali autentici pezzi d\u2019arte.\" \/>\n<meta name=\"robots\" content=\"index, follow, max-snippet:-1, max-image-preview:large, max-video-preview:-1\" \/>\n<link rel=\"canonical\" href=\"https:\/\/www.matrix4design.com\/it\/design\/art-back-home-larte-incontra-il-design-nel-nuovo-progetto-di-icons-design-milano\/\" \/>\n<meta property=\"og:locale\" content=\"it_IT\" \/>\n<meta property=\"og:type\" content=\"article\" \/>\n<meta property=\"og:title\" content=\"Art Back Home, l\u2019arte incontra il design nel nuovo progetto di Icon\u2019s Design Milano\" \/>\n<meta property=\"og:description\" content=\"Verr\u00e0 presentato in occasione della Milano Design Week 2022 Art Back Home, il nuovo progetto di Icon\u2019s Design Milano per portare negli spazi contract e residenziali autentici pezzi d\u2019arte.\" \/>\n<meta property=\"og:url\" content=\"https:\/\/www.matrix4design.com\/it\/design\/art-back-home-larte-incontra-il-design-nel-nuovo-progetto-di-icons-design-milano\/\" \/>\n<meta property=\"og:site_name\" content=\"Matrix4Design\" \/>\n<meta property=\"article:publisher\" content=\"https:\/\/www.facebook.com\/matrix4designmagazine\/\" \/>\n<meta property=\"article:published_time\" content=\"2022-06-06T10:00:54+00:00\" \/>\n<meta property=\"article:modified_time\" content=\"2023-01-30T08:42:17+00:00\" \/>\n<meta property=\"og:image\" content=\"https:\/\/www.matrix4design.com\/wp-content\/uploads\/2022\/05\/12-05-22_3265.jpg\" \/>\n\t<meta property=\"og:image:width\" content=\"1600\" \/>\n\t<meta property=\"og:image:height\" content=\"1200\" \/>\n\t<meta property=\"og:image:type\" content=\"image\/jpeg\" \/>\n<meta name=\"author\" content=\"Redazione\" \/>\n<meta name=\"twitter:card\" content=\"summary_large_image\" \/>\n<meta name=\"twitter:label1\" content=\"Scritto da\" \/>\n\t<meta name=\"twitter:data1\" content=\"Redazione\" \/>\n\t<meta name=\"twitter:label2\" content=\"Tempo di lettura stimato\" \/>\n\t<meta name=\"twitter:data2\" content=\"4 minuti\" \/>\n<script type=\"application\/ld+json\" class=\"yoast-schema-graph\">{\"@context\":\"https:\/\/schema.org\",\"@graph\":[{\"@type\":\"Article\",\"@id\":\"https:\/\/www.matrix4design.com\/it\/design\/art-back-home-larte-incontra-il-design-nel-nuovo-progetto-di-icons-design-milano\/#article\",\"isPartOf\":{\"@id\":\"https:\/\/www.matrix4design.com\/it\/design\/art-back-home-larte-incontra-il-design-nel-nuovo-progetto-di-icons-design-milano\/\"},\"author\":{\"name\":\"Redazione\",\"@id\":\"https:\/\/www.matrix4design.com\/it\/#\/schema\/person\/b2b6dd48f9d6892ca224742379951fa1\"},\"headline\":\"Art Back Home, l\u2019arte incontra il design nel nuovo progetto di Icon\u2019s Design Milano\",\"datePublished\":\"2022-06-06T10:00:54+00:00\",\"dateModified\":\"2023-01-30T08:42:17+00:00\",\"mainEntityOfPage\":{\"@id\":\"https:\/\/www.matrix4design.com\/it\/design\/art-back-home-larte-incontra-il-design-nel-nuovo-progetto-di-icons-design-milano\/\"},\"wordCount\":582,\"publisher\":{\"@id\":\"https:\/\/www.matrix4design.com\/it\/#organization\"},\"image\":{\"@id\":\"https:\/\/www.matrix4design.com\/it\/design\/art-back-home-larte-incontra-il-design-nel-nuovo-progetto-di-icons-design-milano\/#primaryimage\"},\"thumbnailUrl\":\"https:\/\/www.matrix4design.com\/wp-content\/uploads\/2022\/05\/12-05-22_3265.jpg\",\"articleSection\":[\"Design\",\"Design home\",\"Featured\",\"Focus home\",\"Video\"],\"inLanguage\":\"it-IT\"},{\"@type\":\"WebPage\",\"@id\":\"https:\/\/www.matrix4design.com\/it\/design\/art-back-home-larte-incontra-il-design-nel-nuovo-progetto-di-icons-design-milano\/\",\"url\":\"https:\/\/www.matrix4design.com\/it\/design\/art-back-home-larte-incontra-il-design-nel-nuovo-progetto-di-icons-design-milano\/\",\"name\":\"Art Back Home, l\u2019arte incontra il design nel nuovo progetto di Icon\u2019s Design Milano\",\"isPartOf\":{\"@id\":\"https:\/\/www.matrix4design.com\/it\/#website\"},\"primaryImageOfPage\":{\"@id\":\"https:\/\/www.matrix4design.com\/it\/design\/art-back-home-larte-incontra-il-design-nel-nuovo-progetto-di-icons-design-milano\/#primaryimage\"},\"image\":{\"@id\":\"https:\/\/www.matrix4design.com\/it\/design\/art-back-home-larte-incontra-il-design-nel-nuovo-progetto-di-icons-design-milano\/#primaryimage\"},\"thumbnailUrl\":\"https:\/\/www.matrix4design.com\/wp-content\/uploads\/2022\/05\/12-05-22_3265.jpg\",\"datePublished\":\"2022-06-06T10:00:54+00:00\",\"dateModified\":\"2023-01-30T08:42:17+00:00\",\"description\":\"Verr\u00e0 presentato in occasione della Milano Design Week 2022 Art Back Home, il nuovo progetto di Icon\u2019s Design Milano per portare negli spazi contract e residenziali autentici pezzi d\u2019arte.\",\"breadcrumb\":{\"@id\":\"https:\/\/www.matrix4design.com\/it\/design\/art-back-home-larte-incontra-il-design-nel-nuovo-progetto-di-icons-design-milano\/#breadcrumb\"},\"inLanguage\":\"it-IT\",\"potentialAction\":[{\"@type\":\"ReadAction\",\"target\":[\"https:\/\/www.matrix4design.com\/it\/design\/art-back-home-larte-incontra-il-design-nel-nuovo-progetto-di-icons-design-milano\/\"]}]},{\"@type\":\"ImageObject\",\"inLanguage\":\"it-IT\",\"@id\":\"https:\/\/www.matrix4design.com\/it\/design\/art-back-home-larte-incontra-il-design-nel-nuovo-progetto-di-icons-design-milano\/#primaryimage\",\"url\":\"https:\/\/www.matrix4design.com\/wp-content\/uploads\/2022\/05\/12-05-22_3265.jpg\",\"contentUrl\":\"https:\/\/www.matrix4design.com\/wp-content\/uploads\/2022\/05\/12-05-22_3265.jpg\",\"width\":1600,\"height\":1200,\"caption\":\"Dispensa \u2026se non, per esempio - Icon's Design Milano\"},{\"@type\":\"BreadcrumbList\",\"@id\":\"https:\/\/www.matrix4design.com\/it\/design\/art-back-home-larte-incontra-il-design-nel-nuovo-progetto-di-icons-design-milano\/#breadcrumb\",\"itemListElement\":[{\"@type\":\"ListItem\",\"position\":1,\"name\":\"Home\",\"item\":\"https:\/\/www.matrix4design.com\/it\/\"},{\"@type\":\"ListItem\",\"position\":2,\"name\":\"Art Back Home, l\u2019arte incontra il design nel nuovo progetto di Icon\u2019s Design Milano\"}]},{\"@type\":\"WebSite\",\"@id\":\"https:\/\/www.matrix4design.com\/it\/#website\",\"url\":\"https:\/\/www.matrix4design.com\/it\/\",\"name\":\"Matrix4Design\",\"description\":\"Digital architecture and design b2b magazine\",\"publisher\":{\"@id\":\"https:\/\/www.matrix4design.com\/it\/#organization\"},\"potentialAction\":[{\"@type\":\"SearchAction\",\"target\":{\"@type\":\"EntryPoint\",\"urlTemplate\":\"https:\/\/www.matrix4design.com\/it\/?s={search_term_string}\"},\"query-input\":{\"@type\":\"PropertyValueSpecification\",\"valueRequired\":true,\"valueName\":\"search_term_string\"}}],\"inLanguage\":\"it-IT\"},{\"@type\":\"Organization\",\"@id\":\"https:\/\/www.matrix4design.com\/it\/#organization\",\"name\":\"Matrix4Design\",\"url\":\"https:\/\/www.matrix4design.com\/it\/\",\"logo\":{\"@type\":\"ImageObject\",\"inLanguage\":\"it-IT\",\"@id\":\"https:\/\/www.matrix4design.com\/it\/#\/schema\/logo\/image\/\",\"url\":\"https:\/\/www.matrix4design.com\/wp-content\/uploads\/2020\/04\/logo_matrix4design.png\",\"contentUrl\":\"https:\/\/www.matrix4design.com\/wp-content\/uploads\/2020\/04\/logo_matrix4design.png\",\"width\":804,\"height\":114,\"caption\":\"Matrix4Design\"},\"image\":{\"@id\":\"https:\/\/www.matrix4design.com\/it\/#\/schema\/logo\/image\/\"},\"sameAs\":[\"https:\/\/www.facebook.com\/matrix4designmagazine\/\",\"https:\/\/www.instagram.com\/matrix4designmagazine\/\",\"https:\/\/www.youtube.com\/channel\/UCtuhSSrP3MOO_URZgv8mQ1A\"]},{\"@type\":\"Person\",\"@id\":\"https:\/\/www.matrix4design.com\/it\/#\/schema\/person\/b2b6dd48f9d6892ca224742379951fa1\",\"name\":\"Redazione\",\"image\":{\"@type\":\"ImageObject\",\"inLanguage\":\"it-IT\",\"@id\":\"https:\/\/www.matrix4design.com\/it\/#\/schema\/person\/image\/\",\"url\":\"https:\/\/www.matrix4design.com\/wp-content\/uploads\/2023\/01\/logo_M4D_2023-96x96.jpg\",\"contentUrl\":\"https:\/\/www.matrix4design.com\/wp-content\/uploads\/2023\/01\/logo_M4D_2023-96x96.jpg\",\"caption\":\"Redazione\"},\"url\":\"https:\/\/www.matrix4design.com\/it\/author\/redazione\/\"}]}<\/script>\n<!-- \/ Yoast SEO plugin. -->","yoast_head_json":{"title":"Art Back Home, l\u2019arte incontra il design nel nuovo progetto di Icon\u2019s Design Milano","description":"Verr\u00e0 presentato in occasione della Milano Design Week 2022 Art Back Home, il nuovo progetto di Icon\u2019s Design Milano per portare negli spazi contract e residenziali autentici pezzi d\u2019arte.","robots":{"index":"index","follow":"follow","max-snippet":"max-snippet:-1","max-image-preview":"max-image-preview:large","max-video-preview":"max-video-preview:-1"},"canonical":"https:\/\/www.matrix4design.com\/it\/design\/art-back-home-larte-incontra-il-design-nel-nuovo-progetto-di-icons-design-milano\/","og_locale":"it_IT","og_type":"article","og_title":"Art Back Home, l\u2019arte incontra il design nel nuovo progetto di Icon\u2019s Design Milano","og_description":"Verr\u00e0 presentato in occasione della Milano Design Week 2022 Art Back Home, il nuovo progetto di Icon\u2019s Design Milano per portare negli spazi contract e residenziali autentici pezzi d\u2019arte.","og_url":"https:\/\/www.matrix4design.com\/it\/design\/art-back-home-larte-incontra-il-design-nel-nuovo-progetto-di-icons-design-milano\/","og_site_name":"Matrix4Design","article_publisher":"https:\/\/www.facebook.com\/matrix4designmagazine\/","article_published_time":"2022-06-06T10:00:54+00:00","article_modified_time":"2023-01-30T08:42:17+00:00","og_image":[{"width":1600,"height":1200,"url":"https:\/\/www.matrix4design.com\/wp-content\/uploads\/2022\/05\/12-05-22_3265.jpg","type":"image\/jpeg"}],"author":"Redazione","twitter_card":"summary_large_image","twitter_misc":{"Scritto da":"Redazione","Tempo di lettura stimato":"4 minuti"},"schema":{"@context":"https:\/\/schema.org","@graph":[{"@type":"Article","@id":"https:\/\/www.matrix4design.com\/it\/design\/art-back-home-larte-incontra-il-design-nel-nuovo-progetto-di-icons-design-milano\/#article","isPartOf":{"@id":"https:\/\/www.matrix4design.com\/it\/design\/art-back-home-larte-incontra-il-design-nel-nuovo-progetto-di-icons-design-milano\/"},"author":{"name":"Redazione","@id":"https:\/\/www.matrix4design.com\/it\/#\/schema\/person\/b2b6dd48f9d6892ca224742379951fa1"},"headline":"Art Back Home, l\u2019arte incontra il design nel nuovo progetto di Icon\u2019s Design Milano","datePublished":"2022-06-06T10:00:54+00:00","dateModified":"2023-01-30T08:42:17+00:00","mainEntityOfPage":{"@id":"https:\/\/www.matrix4design.com\/it\/design\/art-back-home-larte-incontra-il-design-nel-nuovo-progetto-di-icons-design-milano\/"},"wordCount":582,"publisher":{"@id":"https:\/\/www.matrix4design.com\/it\/#organization"},"image":{"@id":"https:\/\/www.matrix4design.com\/it\/design\/art-back-home-larte-incontra-il-design-nel-nuovo-progetto-di-icons-design-milano\/#primaryimage"},"thumbnailUrl":"https:\/\/www.matrix4design.com\/wp-content\/uploads\/2022\/05\/12-05-22_3265.jpg","articleSection":["Design","Design home","Featured","Focus home","Video"],"inLanguage":"it-IT"},{"@type":"WebPage","@id":"https:\/\/www.matrix4design.com\/it\/design\/art-back-home-larte-incontra-il-design-nel-nuovo-progetto-di-icons-design-milano\/","url":"https:\/\/www.matrix4design.com\/it\/design\/art-back-home-larte-incontra-il-design-nel-nuovo-progetto-di-icons-design-milano\/","name":"Art Back Home, l\u2019arte incontra il design nel nuovo progetto di Icon\u2019s Design Milano","isPartOf":{"@id":"https:\/\/www.matrix4design.com\/it\/#website"},"primaryImageOfPage":{"@id":"https:\/\/www.matrix4design.com\/it\/design\/art-back-home-larte-incontra-il-design-nel-nuovo-progetto-di-icons-design-milano\/#primaryimage"},"image":{"@id":"https:\/\/www.matrix4design.com\/it\/design\/art-back-home-larte-incontra-il-design-nel-nuovo-progetto-di-icons-design-milano\/#primaryimage"},"thumbnailUrl":"https:\/\/www.matrix4design.com\/wp-content\/uploads\/2022\/05\/12-05-22_3265.jpg","datePublished":"2022-06-06T10:00:54+00:00","dateModified":"2023-01-30T08:42:17+00:00","description":"Verr\u00e0 presentato in occasione della Milano Design Week 2022 Art Back Home, il nuovo progetto di Icon\u2019s Design Milano per portare negli spazi contract e residenziali autentici pezzi d\u2019arte.","breadcrumb":{"@id":"https:\/\/www.matrix4design.com\/it\/design\/art-back-home-larte-incontra-il-design-nel-nuovo-progetto-di-icons-design-milano\/#breadcrumb"},"inLanguage":"it-IT","potentialAction":[{"@type":"ReadAction","target":["https:\/\/www.matrix4design.com\/it\/design\/art-back-home-larte-incontra-il-design-nel-nuovo-progetto-di-icons-design-milano\/"]}]},{"@type":"ImageObject","inLanguage":"it-IT","@id":"https:\/\/www.matrix4design.com\/it\/design\/art-back-home-larte-incontra-il-design-nel-nuovo-progetto-di-icons-design-milano\/#primaryimage","url":"https:\/\/www.matrix4design.com\/wp-content\/uploads\/2022\/05\/12-05-22_3265.jpg","contentUrl":"https:\/\/www.matrix4design.com\/wp-content\/uploads\/2022\/05\/12-05-22_3265.jpg","width":1600,"height":1200,"caption":"Dispensa \u2026se non, per esempio - Icon's Design Milano"},{"@type":"BreadcrumbList","@id":"https:\/\/www.matrix4design.com\/it\/design\/art-back-home-larte-incontra-il-design-nel-nuovo-progetto-di-icons-design-milano\/#breadcrumb","itemListElement":[{"@type":"ListItem","position":1,"name":"Home","item":"https:\/\/www.matrix4design.com\/it\/"},{"@type":"ListItem","position":2,"name":"Art Back Home, l\u2019arte incontra il design nel nuovo progetto di Icon\u2019s Design Milano"}]},{"@type":"WebSite","@id":"https:\/\/www.matrix4design.com\/it\/#website","url":"https:\/\/www.matrix4design.com\/it\/","name":"Matrix4Design","description":"Digital architecture and design b2b magazine","publisher":{"@id":"https:\/\/www.matrix4design.com\/it\/#organization"},"potentialAction":[{"@type":"SearchAction","target":{"@type":"EntryPoint","urlTemplate":"https:\/\/www.matrix4design.com\/it\/?s={search_term_string}"},"query-input":{"@type":"PropertyValueSpecification","valueRequired":true,"valueName":"search_term_string"}}],"inLanguage":"it-IT"},{"@type":"Organization","@id":"https:\/\/www.matrix4design.com\/it\/#organization","name":"Matrix4Design","url":"https:\/\/www.matrix4design.com\/it\/","logo":{"@type":"ImageObject","inLanguage":"it-IT","@id":"https:\/\/www.matrix4design.com\/it\/#\/schema\/logo\/image\/","url":"https:\/\/www.matrix4design.com\/wp-content\/uploads\/2020\/04\/logo_matrix4design.png","contentUrl":"https:\/\/www.matrix4design.com\/wp-content\/uploads\/2020\/04\/logo_matrix4design.png","width":804,"height":114,"caption":"Matrix4Design"},"image":{"@id":"https:\/\/www.matrix4design.com\/it\/#\/schema\/logo\/image\/"},"sameAs":["https:\/\/www.facebook.com\/matrix4designmagazine\/","https:\/\/www.instagram.com\/matrix4designmagazine\/","https:\/\/www.youtube.com\/channel\/UCtuhSSrP3MOO_URZgv8mQ1A"]},{"@type":"Person","@id":"https:\/\/www.matrix4design.com\/it\/#\/schema\/person\/b2b6dd48f9d6892ca224742379951fa1","name":"Redazione","image":{"@type":"ImageObject","inLanguage":"it-IT","@id":"https:\/\/www.matrix4design.com\/it\/#\/schema\/person\/image\/","url":"https:\/\/www.matrix4design.com\/wp-content\/uploads\/2023\/01\/logo_M4D_2023-96x96.jpg","contentUrl":"https:\/\/www.matrix4design.com\/wp-content\/uploads\/2023\/01\/logo_M4D_2023-96x96.jpg","caption":"Redazione"},"url":"https:\/\/www.matrix4design.com\/it\/author\/redazione\/"}]}},"_links":{"self":[{"href":"https:\/\/www.matrix4design.com\/it\/wp-json\/wp\/v2\/posts\/88015","targetHints":{"allow":["GET"]}}],"collection":[{"href":"https:\/\/www.matrix4design.com\/it\/wp-json\/wp\/v2\/posts"}],"about":[{"href":"https:\/\/www.matrix4design.com\/it\/wp-json\/wp\/v2\/types\/post"}],"author":[{"embeddable":true,"href":"https:\/\/www.matrix4design.com\/it\/wp-json\/wp\/v2\/users\/6"}],"replies":[{"embeddable":true,"href":"https:\/\/www.matrix4design.com\/it\/wp-json\/wp\/v2\/comments?post=88015"}],"version-history":[{"count":2,"href":"https:\/\/www.matrix4design.com\/it\/wp-json\/wp\/v2\/posts\/88015\/revisions"}],"predecessor-version":[{"id":95676,"href":"https:\/\/www.matrix4design.com\/it\/wp-json\/wp\/v2\/posts\/88015\/revisions\/95676"}],"wp:featuredmedia":[{"embeddable":true,"href":"https:\/\/www.matrix4design.com\/it\/wp-json\/wp\/v2\/media\/88016"}],"wp:attachment":[{"href":"https:\/\/www.matrix4design.com\/it\/wp-json\/wp\/v2\/media?parent=88015"}],"wp:term":[{"taxonomy":"category","embeddable":true,"href":"https:\/\/www.matrix4design.com\/it\/wp-json\/wp\/v2\/categories?post=88015"},{"taxonomy":"post_tag","embeddable":true,"href":"https:\/\/www.matrix4design.com\/it\/wp-json\/wp\/v2\/tags?post=88015"}],"curies":[{"name":"wp","href":"https:\/\/api.w.org\/{rel}","templated":true}]}}