{"id":90054,"date":"2022-09-01T08:00:31","date_gmt":"2022-09-01T06:00:31","guid":{"rendered":"https:\/\/www.matrix4design.com\/?p=90054"},"modified":"2022-08-26T12:10:22","modified_gmt":"2022-08-26T10:10:22","slug":"ateliers-alfonso-femia-ridisegna-la-villa-creative-ad-avignone","status":"publish","type":"post","link":"https:\/\/www.matrix4design.com\/it\/architettura\/ateliers-alfonso-femia-ridisegna-la-villa-creative-ad-avignone\/","title":{"rendered":"Atelier(s) Alfonso Femia ridisegna la Villa Cr\u00e9ative ad Avignone"},"content":{"rendered":"<p>&nbsp;<\/p>\n<p>Il Festival di Avignone \u00e8 la manifestazione teatrale tra le pi\u00f9 importanti della cultura europea; la sua parte \u201coff\u201d \u00e8 aperta a qualunque compagnia e invade strade e piazze della citt\u00e0, puntando sulla condivisione delle esperienze e delle differenze.<\/p>\n<p>Proprio con l\u2019obiettivo di rendere possibile \u201cfisicamente\u201d questa condivisione, <a href=\"https:\/\/www.atelierfemia.com\/it\/\" target=\"_blank\" rel=\"noopener\"><strong>Aterlier(s) Alfonso Femia<\/strong> <\/a>ha ridisegnato la <strong>Villa Cr\u00e9ative<\/strong> di <strong>Avignone<\/strong>, innestando l\u2019intervento nell\u2019edificio storico Villa Supramuros, caratterizzata dai tratti tipici dell\u2019architettura del XVIII secolo.<\/p>\n<p>Il progetto prevede la realizzazione di <strong>auditorium e sale convegni, living lab, aree di coworking, centri di formazione, un polo formativo e di ricerca audio-visiva<\/strong>, e un innovativo <strong>Giardino Digitale<\/strong> che si svilupper\u00e0 su una superficie di 4mila metri quadrati organizzati in quattro macro-aree tematiche: <strong>Convivialit\u00e0 e Diffusione, Coworking, Piattaforma audiovisiva digitale, Educazione continua<\/strong>. Non si tratter\u00e0 di elementi distinti, ma di un sistema spaziale interconnesso governato dall\u2019interdipendenza culturale e tecnologica delle funzioni.<\/p>\n<p>In uno spontaneo processo di accoglienza e fruizione, al <strong>piano terra<\/strong> auditorium, living lab, coworking sono le aree immediatamente accessibili al grande pubblico occasionale o abituale. Al medesimo piano, ci sono gli spazi tecnici e logistici, mentre i piani superiori sono disponibili per l&#8217;utenza regolare e professionale.<\/p>\n<p>Uno dei fulcri del progetto \u00e8 <strong>l\u2019area dell\u2019audiovisivo digitale<\/strong>, nella porzione ovest dell\u2019edificio, mentre la divisione Lifelong Learning trover\u00e0 spazio nell\u2019ala est dell\u2019edificio e sar\u00e0 autonoma rispetto ad esso, con un ingresso dedicato.<\/p>\n<p>L\u2019esperienza all\u2019interno di Ville Cr\u00e9ative \u00e8 pensata progettualmente come <strong>un vero e proprio viaggio<\/strong> che muove dalla scala monumentale al passaggio sul fronte meridionale e al parcheggio su quello settentrionale.<\/p>\n<p>Il <strong>Giardino Digitale<\/strong>, all\u2019esterno della struttura, si configura poi come una dimensione essenzialmente creativa che favorisce, attraverso l\u2019architettura e il disegno dello spazio, la circolazione della conoscenza e la condivisione delle tecnologie. Transizione, socialit\u00e0, incontro sono le funzioni che ospiter\u00e0 e valorizzer\u00e0, oltre a essere futuro scenario di grandi eventi come i Thinking Workshops che animeranno il festival di Avignone. Dunque, architettura e paesaggio si fondono in uno scenario dove sono protagonisti identitari i grandi alberi secolari.<\/p>\n<p>Conclude <strong>Alfonso Femia<\/strong>:<\/p>\n<p>\u201c<em>I termini dell\u2019innovazione stanno mutando. Fino a qualche tempo fa la fisicit\u00e0 dei luoghi determinava la coesione o la disfunzionalit\u00e0 sociale. Oggi la spontanea tensione all\u2019aggregazione e alla condivisione alimenta un\u2019architettura social impact in chiave tecnologica. Villa Cr\u00e9ative \u00e8, in questo senso, un esempio paradigmatico di progettualit\u00e0 che guarda al domani<strong>\u201d.<\/strong><\/em><\/p>\n\t\t<div style=\"clear:both\"><\/div>\n\t\t<div class=\"psgal_wrap\">\n\t\t\t<div id=\"psgal_90054_1\" data-psgal_id=\"90054_1\" data-psgal_container_id=\"container_90054_1\" data-psgal_thumbnail_width=\"164\" data-psgal_use_masonary=\"1\" class=\"psgal-inline psgal gallery-columns-3 gallery-size-thumbnail use_masonry_1 show_captions_\" itemscope itemtype=\"http:\/\/schema.org\/ImageGallery\">\n\t\t\t\t\t\t\t\t\t\t<figure class=\"msnry_items\" itemscope itemtype=\"http:\/\/schema.org\/ImageObject\" style=\"width:164px;\">\n\t\t\t\t\t\t\t<a href=\"https:\/\/www.matrix4design.com\/wp-content\/uploads\/2022\/08\/APU.jpg\" itemprop=\"contentUrl\" data-size=\"1600x900\" data-caption=\"\u00a9 Atelier(s) Alfonso Femia\" style=\"height:154px;\">\n\t\t\t\t\t\t\t\t<img decoding=\"async\" class=\"msnry_thumb\" src=\"https:\/\/www.matrix4design.com\/wp-content\/uploads\/2022\/08\/APU-328x328.jpg\" itemprop=\"thumbnail\" alt=\"\" \/>\n\t\t\t\t\t\t\t<\/a>\n\t\t\t\t\t\t\t\t\t\t\t\t\t\t<figcaption class=\"photoswipe-gallery-caption\" style=\"display:none;\">\u00a9 Atelier(s) Alfonso Femia<\/figcaption>\n\n\t\t\t\t\t\t<\/figure>\n\t\t\t\t\t\t\t\t\t\t<figure class=\"msnry_items\" itemscope itemtype=\"http:\/\/schema.org\/ImageObject\" style=\"width:164px;\">\n\t\t\t\t\t\t\t<a href=\"https:\/\/www.matrix4design.com\/wp-content\/uploads\/2022\/08\/APU_0011.jpg\" itemprop=\"contentUrl\" data-size=\"1500x1500\" data-caption=\"\u00a9 Atelier(s) Alfonso Femia\" style=\"height:154px;\">\n\t\t\t\t\t\t\t\t<img decoding=\"async\" class=\"msnry_thumb\" src=\"https:\/\/www.matrix4design.com\/wp-content\/uploads\/2022\/08\/APU_0011-328x328.jpg\" itemprop=\"thumbnail\" alt=\"\" \/>\n\t\t\t\t\t\t\t<\/a>\n\t\t\t\t\t\t\t\t\t\t\t\t\t\t<figcaption class=\"photoswipe-gallery-caption\" style=\"display:none;\">\u00a9 Atelier(s) Alfonso Femia<\/figcaption>\n\n\t\t\t\t\t\t<\/figure>\n\t\t\t\t\t\t\t\t\t\t<figure class=\"msnry_items\" itemscope itemtype=\"http:\/\/schema.org\/ImageObject\" style=\"width:164px;\">\n\t\t\t\t\t\t\t<a href=\"https:\/\/www.matrix4design.com\/wp-content\/uploads\/2022\/08\/APU_0013sm.jpg\" itemprop=\"contentUrl\" data-size=\"1500x1500\" data-caption=\"\u00a9 Atelier(s) Alfonso Femia\" style=\"height:154px;\">\n\t\t\t\t\t\t\t\t<img decoding=\"async\" class=\"msnry_thumb\" src=\"https:\/\/www.matrix4design.com\/wp-content\/uploads\/2022\/08\/APU_0013sm-328x328.jpg\" itemprop=\"thumbnail\" alt=\"\" \/>\n\t\t\t\t\t\t\t<\/a>\n\t\t\t\t\t\t\t\t\t\t\t\t\t\t<figcaption class=\"photoswipe-gallery-caption\" style=\"display:none;\">\u00a9 Atelier(s) Alfonso Femia<\/figcaption>\n\n\t\t\t\t\t\t<\/figure>\n\t\t\t\t\t\t\t\t\t\t<figure class=\"msnry_items\" itemscope itemtype=\"http:\/\/schema.org\/ImageObject\" style=\"width:164px;\">\n\t\t\t\t\t\t\t<a href=\"https:\/\/www.matrix4design.com\/wp-content\/uploads\/2022\/08\/APU_0014sm.jpg\" itemprop=\"contentUrl\" data-size=\"1500x1500\" data-caption=\"\u00a9 Atelier(s) Alfonso Femia\" style=\"height:154px;\">\n\t\t\t\t\t\t\t\t<img decoding=\"async\" class=\"msnry_thumb\" src=\"https:\/\/www.matrix4design.com\/wp-content\/uploads\/2022\/08\/APU_0014sm-328x328.jpg\" itemprop=\"thumbnail\" alt=\"\" \/>\n\t\t\t\t\t\t\t<\/a>\n\t\t\t\t\t\t\t\t\t\t\t\t\t\t<figcaption class=\"photoswipe-gallery-caption\" style=\"display:none;\">\u00a9 Atelier(s) Alfonso Femia<\/figcaption>\n\n\t\t\t\t\t\t<\/figure>\n\t\t\t\t\t\t\t\t\t\t<figure class=\"msnry_items\" itemscope itemtype=\"http:\/\/schema.org\/ImageObject\" style=\"width:164px;\">\n\t\t\t\t\t\t\t<a href=\"https:\/\/www.matrix4design.com\/wp-content\/uploads\/2022\/08\/APU_0015b.jpg\" itemprop=\"contentUrl\" data-size=\"1500x1500\" data-caption=\"\u00a9 Atelier(s) Alfonso Femia\" style=\"height:154px;\">\n\t\t\t\t\t\t\t\t<img decoding=\"async\" class=\"msnry_thumb\" src=\"https:\/\/www.matrix4design.com\/wp-content\/uploads\/2022\/08\/APU_0015b-328x328.jpg\" itemprop=\"thumbnail\" alt=\"\" \/>\n\t\t\t\t\t\t\t<\/a>\n\t\t\t\t\t\t\t\t\t\t\t\t\t\t<figcaption class=\"photoswipe-gallery-caption\" style=\"display:none;\">\u00a9 Atelier(s) Alfonso Femia<\/figcaption>\n\n\t\t\t\t\t\t<\/figure>\n\t\t\t\t\t\t\t\t\t\t<figure class=\"msnry_items\" itemscope itemtype=\"http:\/\/schema.org\/ImageObject\" style=\"width:164px;\">\n\t\t\t\t\t\t\t<a href=\"https:\/\/www.matrix4design.com\/wp-content\/uploads\/2022\/08\/APU_0016-1.jpg\" itemprop=\"contentUrl\" data-size=\"1500x1500\" data-caption=\"\u00a9 Atelier(s) Alfonso Femia\" style=\"height:154px;\">\n\t\t\t\t\t\t\t\t<img decoding=\"async\" class=\"msnry_thumb\" src=\"https:\/\/www.matrix4design.com\/wp-content\/uploads\/2022\/08\/APU_0016-1-328x328.jpg\" itemprop=\"thumbnail\" alt=\"\" \/>\n\t\t\t\t\t\t\t<\/a>\n\t\t\t\t\t\t\t\t\t\t\t\t\t\t<figcaption class=\"photoswipe-gallery-caption\" style=\"display:none;\">\u00a9 Atelier(s) Alfonso Femia<\/figcaption>\n\n\t\t\t\t\t\t<\/figure>\n\t\t\t\t\t\t\t\t\t\t<figure class=\"msnry_items\" itemscope itemtype=\"http:\/\/schema.org\/ImageObject\" style=\"width:164px;\">\n\t\t\t\t\t\t\t<a href=\"https:\/\/www.matrix4design.com\/wp-content\/uploads\/2022\/08\/APU_0017.jpg\" itemprop=\"contentUrl\" data-size=\"1500x1500\" data-caption=\"\u00a9 Atelier(s) Alfonso Femia\" style=\"height:154px;\">\n\t\t\t\t\t\t\t\t<img decoding=\"async\" class=\"msnry_thumb\" src=\"https:\/\/www.matrix4design.com\/wp-content\/uploads\/2022\/08\/APU_0017-328x328.jpg\" itemprop=\"thumbnail\" alt=\"\" \/>\n\t\t\t\t\t\t\t<\/a>\n\t\t\t\t\t\t\t\t\t\t\t\t\t\t<figcaption class=\"photoswipe-gallery-caption\" style=\"display:none;\">\u00a9 Atelier(s) Alfonso Femia<\/figcaption>\n\n\t\t\t\t\t\t<\/figure>\n\t\t\t\t\t\t\t\t\t\t<figure class=\"msnry_items\" itemscope itemtype=\"http:\/\/schema.org\/ImageObject\" style=\"width:164px;\">\n\t\t\t\t\t\t\t<a href=\"https:\/\/www.matrix4design.com\/wp-content\/uploads\/2022\/08\/APU_0018sm-2.jpg\" itemprop=\"contentUrl\" data-size=\"1500x1500\" data-caption=\"\u00a9 Atelier(s) Alfonso Femia\" style=\"height:154px;\">\n\t\t\t\t\t\t\t\t<img decoding=\"async\" class=\"msnry_thumb\" src=\"https:\/\/www.matrix4design.com\/wp-content\/uploads\/2022\/08\/APU_0018sm-2-328x328.jpg\" itemprop=\"thumbnail\" alt=\"\" \/>\n\t\t\t\t\t\t\t<\/a>\n\t\t\t\t\t\t\t\t\t\t\t\t\t\t<figcaption class=\"photoswipe-gallery-caption\" style=\"display:none;\">\u00a9 Atelier(s) Alfonso Femia<\/figcaption>\n\n\t\t\t\t\t\t<\/figure>\n\t\t\t\t\t\t\t\t\t\t<figure class=\"msnry_items\" itemscope itemtype=\"http:\/\/schema.org\/ImageObject\" style=\"width:164px;\">\n\t\t\t\t\t\t\t<a href=\"https:\/\/www.matrix4design.com\/wp-content\/uploads\/2022\/08\/APU_aula_0001.jpg\" itemprop=\"contentUrl\" data-size=\"1500x1500\" data-caption=\"\u00a9 Atelier(s) Alfonso Femia\" style=\"height:154px;\">\n\t\t\t\t\t\t\t\t<img decoding=\"async\" class=\"msnry_thumb\" src=\"https:\/\/www.matrix4design.com\/wp-content\/uploads\/2022\/08\/APU_aula_0001-328x328.jpg\" itemprop=\"thumbnail\" alt=\"\" \/>\n\t\t\t\t\t\t\t<\/a>\n\t\t\t\t\t\t\t\t\t\t\t\t\t\t<figcaption class=\"photoswipe-gallery-caption\" style=\"display:none;\">\u00a9 Atelier(s) Alfonso Femia<\/figcaption>\n\n\t\t\t\t\t\t<\/figure>\n\t\t\t\t\t\t\t\t\t\t<figure class=\"msnry_items\" itemscope itemtype=\"http:\/\/schema.org\/ImageObject\" style=\"width:164px;\">\n\t\t\t\t\t\t\t<a href=\"https:\/\/www.matrix4design.com\/wp-content\/uploads\/2022\/08\/APU_sez_trsv0005.jpg\" itemprop=\"contentUrl\" data-size=\"1528x1500\" data-caption=\"\u00a9 Atelier(s) Alfonso Femia\" style=\"height:154px;\">\n\t\t\t\t\t\t\t\t<img decoding=\"async\" class=\"msnry_thumb\" src=\"https:\/\/www.matrix4design.com\/wp-content\/uploads\/2022\/08\/APU_sez_trsv0005-328x328.jpg\" itemprop=\"thumbnail\" alt=\"\" \/>\n\t\t\t\t\t\t\t<\/a>\n\t\t\t\t\t\t\t\t\t\t\t\t\t\t<figcaption class=\"photoswipe-gallery-caption\" style=\"display:none;\">\u00a9 Atelier(s) Alfonso Femia<\/figcaption>\n\n\t\t\t\t\t\t<\/figure>\n\t\t\t\t\t\t\t\t\t\t<figure class=\"msnry_items\" itemscope itemtype=\"http:\/\/schema.org\/ImageObject\" style=\"width:164px;\">\n\t\t\t\t\t\t\t<a href=\"https:\/\/www.matrix4design.com\/wp-content\/uploads\/2022\/08\/APU_uffici_0006-copia.jpg\" itemprop=\"contentUrl\" data-size=\"1500x1500\" data-caption=\"\" style=\"height:154px;\">\n\t\t\t\t\t\t\t\t<img decoding=\"async\" class=\"msnry_thumb\" src=\"https:\/\/www.matrix4design.com\/wp-content\/uploads\/2022\/08\/APU_uffici_0006-copia-328x328.jpg\" itemprop=\"thumbnail\" alt=\"\" \/>\n\t\t\t\t\t\t\t<\/a>\n\t\t\t\t\t\t\t\t\t\t\t\t\t\t<figcaption class=\"photoswipe-gallery-caption\" style=\"display:none;\"><\/figcaption>\n\n\t\t\t\t\t\t<\/figure>\n\t\t\t\t\t\t\t<\/div>\n\t\t<\/div>\n\t\t<div style='clear:both'><\/div>\n\n<p>&nbsp;<\/p>\n","protected":false},"excerpt":{"rendered":"<p>&nbsp; Il Festival di Avignone \u00e8 la manifestazione teatrale tra le pi\u00f9 importanti della cultura europea; la sua parte \u201coff\u201d \u00e8 aperta a qualunque compagnia e invade strade e piazze della citt\u00e0, puntando sulla condivisione delle esperienze e delle differenze. Proprio con l\u2019obiettivo di rendere possibile \u201cfisicamente\u201d questa condivisione, Aterlier(s) Alfonso Femia ha ridisegnato la [&hellip;]<\/p>\n","protected":false},"author":6,"featured_media":90055,"comment_status":"closed","ping_status":"closed","sticky":false,"template":"","format":"standard","meta":{"_acf_changed":false,"footnotes":""},"categories":[367,417,368],"tags":[],"class_list":{"0":"post-90054","1":"post","2":"type-post","3":"status-publish","4":"format-standard","5":"has-post-thumbnail","7":"category-architettura","8":"category-architettura-home","9":"category-featured"},"acf":[],"yoast_head":"<!-- This site is optimized with the Yoast SEO plugin v27.0 - https:\/\/yoast.com\/product\/yoast-seo-wordpress\/ -->\n<title>Atelier(s) Alfonso Femia ridisegna la Villa Cr\u00e9ative ad Avignone<\/title>\n<meta name=\"description\" content=\"Atelier(s) Alfonso Femia ridisegna la Villa Cr\u00e9ative ad Avignone come spazio di condivisione delle esperienze e delle differenze.\" \/>\n<meta name=\"robots\" content=\"index, follow, max-snippet:-1, max-image-preview:large, max-video-preview:-1\" \/>\n<link rel=\"canonical\" href=\"https:\/\/www.matrix4design.com\/it\/architettura\/ateliers-alfonso-femia-ridisegna-la-villa-creative-ad-avignone\/\" \/>\n<meta property=\"og:locale\" content=\"it_IT\" \/>\n<meta property=\"og:type\" content=\"article\" \/>\n<meta property=\"og:title\" content=\"Atelier(s) Alfonso Femia ridisegna la Villa Cr\u00e9ative ad Avignone\" \/>\n<meta property=\"og:description\" content=\"Atelier(s) Alfonso Femia ridisegna la Villa Cr\u00e9ative ad Avignone come spazio di condivisione delle esperienze e delle differenze.\" \/>\n<meta property=\"og:url\" content=\"https:\/\/www.matrix4design.com\/it\/architettura\/ateliers-alfonso-femia-ridisegna-la-villa-creative-ad-avignone\/\" \/>\n<meta property=\"og:site_name\" content=\"Matrix4Design\" \/>\n<meta property=\"article:publisher\" content=\"https:\/\/www.facebook.com\/matrix4designmagazine\/\" \/>\n<meta property=\"article:published_time\" content=\"2022-09-01T06:00:31+00:00\" \/>\n<meta property=\"og:image\" content=\"https:\/\/www.matrix4design.com\/wp-content\/uploads\/2022\/08\/APU_0016.jpg\" \/>\n\t<meta property=\"og:image:width\" content=\"1500\" \/>\n\t<meta property=\"og:image:height\" content=\"1500\" \/>\n\t<meta property=\"og:image:type\" content=\"image\/jpeg\" \/>\n<meta name=\"author\" content=\"Redazione\" \/>\n<meta name=\"twitter:card\" content=\"summary_large_image\" \/>\n<meta name=\"twitter:label1\" content=\"Scritto da\" \/>\n\t<meta name=\"twitter:data1\" content=\"Redazione\" \/>\n\t<meta name=\"twitter:label2\" content=\"Tempo di lettura stimato\" \/>\n\t<meta name=\"twitter:data2\" content=\"3 minuti\" \/>\n<script type=\"application\/ld+json\" class=\"yoast-schema-graph\">{\"@context\":\"https:\/\/schema.org\",\"@graph\":[{\"@type\":\"Article\",\"@id\":\"https:\/\/www.matrix4design.com\/it\/architettura\/ateliers-alfonso-femia-ridisegna-la-villa-creative-ad-avignone\/#article\",\"isPartOf\":{\"@id\":\"https:\/\/www.matrix4design.com\/it\/architettura\/ateliers-alfonso-femia-ridisegna-la-villa-creative-ad-avignone\/\"},\"author\":{\"name\":\"Redazione\",\"@id\":\"https:\/\/www.matrix4design.com\/it\/#\/schema\/person\/b2b6dd48f9d6892ca224742379951fa1\"},\"headline\":\"Atelier(s) Alfonso Femia ridisegna la Villa Cr\u00e9ative ad Avignone\",\"datePublished\":\"2022-09-01T06:00:31+00:00\",\"mainEntityOfPage\":{\"@id\":\"https:\/\/www.matrix4design.com\/it\/architettura\/ateliers-alfonso-femia-ridisegna-la-villa-creative-ad-avignone\/\"},\"wordCount\":418,\"publisher\":{\"@id\":\"https:\/\/www.matrix4design.com\/it\/#organization\"},\"image\":{\"@id\":\"https:\/\/www.matrix4design.com\/it\/architettura\/ateliers-alfonso-femia-ridisegna-la-villa-creative-ad-avignone\/#primaryimage\"},\"thumbnailUrl\":\"https:\/\/www.matrix4design.com\/wp-content\/uploads\/2022\/08\/APU_0016.jpg\",\"articleSection\":[\"Architettura\",\"Architettura home\",\"Featured\"],\"inLanguage\":\"it-IT\"},{\"@type\":\"WebPage\",\"@id\":\"https:\/\/www.matrix4design.com\/it\/architettura\/ateliers-alfonso-femia-ridisegna-la-villa-creative-ad-avignone\/\",\"url\":\"https:\/\/www.matrix4design.com\/it\/architettura\/ateliers-alfonso-femia-ridisegna-la-villa-creative-ad-avignone\/\",\"name\":\"Atelier(s) Alfonso Femia ridisegna la Villa Cr\u00e9ative ad Avignone\",\"isPartOf\":{\"@id\":\"https:\/\/www.matrix4design.com\/it\/#website\"},\"primaryImageOfPage\":{\"@id\":\"https:\/\/www.matrix4design.com\/it\/architettura\/ateliers-alfonso-femia-ridisegna-la-villa-creative-ad-avignone\/#primaryimage\"},\"image\":{\"@id\":\"https:\/\/www.matrix4design.com\/it\/architettura\/ateliers-alfonso-femia-ridisegna-la-villa-creative-ad-avignone\/#primaryimage\"},\"thumbnailUrl\":\"https:\/\/www.matrix4design.com\/wp-content\/uploads\/2022\/08\/APU_0016.jpg\",\"datePublished\":\"2022-09-01T06:00:31+00:00\",\"description\":\"Atelier(s) Alfonso Femia ridisegna la Villa Cr\u00e9ative ad Avignone come spazio di condivisione delle esperienze e delle differenze.\",\"breadcrumb\":{\"@id\":\"https:\/\/www.matrix4design.com\/it\/architettura\/ateliers-alfonso-femia-ridisegna-la-villa-creative-ad-avignone\/#breadcrumb\"},\"inLanguage\":\"it-IT\",\"potentialAction\":[{\"@type\":\"ReadAction\",\"target\":[\"https:\/\/www.matrix4design.com\/it\/architettura\/ateliers-alfonso-femia-ridisegna-la-villa-creative-ad-avignone\/\"]}]},{\"@type\":\"ImageObject\",\"inLanguage\":\"it-IT\",\"@id\":\"https:\/\/www.matrix4design.com\/it\/architettura\/ateliers-alfonso-femia-ridisegna-la-villa-creative-ad-avignone\/#primaryimage\",\"url\":\"https:\/\/www.matrix4design.com\/wp-content\/uploads\/2022\/08\/APU_0016.jpg\",\"contentUrl\":\"https:\/\/www.matrix4design.com\/wp-content\/uploads\/2022\/08\/APU_0016.jpg\",\"width\":1500,\"height\":1500},{\"@type\":\"BreadcrumbList\",\"@id\":\"https:\/\/www.matrix4design.com\/it\/architettura\/ateliers-alfonso-femia-ridisegna-la-villa-creative-ad-avignone\/#breadcrumb\",\"itemListElement\":[{\"@type\":\"ListItem\",\"position\":1,\"name\":\"Home\",\"item\":\"https:\/\/www.matrix4design.com\/it\/\"},{\"@type\":\"ListItem\",\"position\":2,\"name\":\"Atelier(s) Alfonso Femia ridisegna la Villa Cr\u00e9ative ad Avignone\"}]},{\"@type\":\"WebSite\",\"@id\":\"https:\/\/www.matrix4design.com\/it\/#website\",\"url\":\"https:\/\/www.matrix4design.com\/it\/\",\"name\":\"Matrix4Design\",\"description\":\"Digital architecture and design b2b magazine\",\"publisher\":{\"@id\":\"https:\/\/www.matrix4design.com\/it\/#organization\"},\"potentialAction\":[{\"@type\":\"SearchAction\",\"target\":{\"@type\":\"EntryPoint\",\"urlTemplate\":\"https:\/\/www.matrix4design.com\/it\/?s={search_term_string}\"},\"query-input\":{\"@type\":\"PropertyValueSpecification\",\"valueRequired\":true,\"valueName\":\"search_term_string\"}}],\"inLanguage\":\"it-IT\"},{\"@type\":\"Organization\",\"@id\":\"https:\/\/www.matrix4design.com\/it\/#organization\",\"name\":\"Matrix4Design\",\"url\":\"https:\/\/www.matrix4design.com\/it\/\",\"logo\":{\"@type\":\"ImageObject\",\"inLanguage\":\"it-IT\",\"@id\":\"https:\/\/www.matrix4design.com\/it\/#\/schema\/logo\/image\/\",\"url\":\"https:\/\/www.matrix4design.com\/wp-content\/uploads\/2020\/04\/logo_matrix4design.png\",\"contentUrl\":\"https:\/\/www.matrix4design.com\/wp-content\/uploads\/2020\/04\/logo_matrix4design.png\",\"width\":804,\"height\":114,\"caption\":\"Matrix4Design\"},\"image\":{\"@id\":\"https:\/\/www.matrix4design.com\/it\/#\/schema\/logo\/image\/\"},\"sameAs\":[\"https:\/\/www.facebook.com\/matrix4designmagazine\/\",\"https:\/\/www.instagram.com\/matrix4designmagazine\/\",\"https:\/\/www.youtube.com\/channel\/UCtuhSSrP3MOO_URZgv8mQ1A\"]},{\"@type\":\"Person\",\"@id\":\"https:\/\/www.matrix4design.com\/it\/#\/schema\/person\/b2b6dd48f9d6892ca224742379951fa1\",\"name\":\"Redazione\",\"image\":{\"@type\":\"ImageObject\",\"inLanguage\":\"it-IT\",\"@id\":\"https:\/\/www.matrix4design.com\/it\/#\/schema\/person\/image\/\",\"url\":\"https:\/\/www.matrix4design.com\/wp-content\/uploads\/2023\/01\/logo_M4D_2023-96x96.jpg\",\"contentUrl\":\"https:\/\/www.matrix4design.com\/wp-content\/uploads\/2023\/01\/logo_M4D_2023-96x96.jpg\",\"caption\":\"Redazione\"},\"url\":\"https:\/\/www.matrix4design.com\/it\/author\/redazione\/\"}]}<\/script>\n<!-- \/ Yoast SEO plugin. -->","yoast_head_json":{"title":"Atelier(s) Alfonso Femia ridisegna la Villa Cr\u00e9ative ad Avignone","description":"Atelier(s) Alfonso Femia ridisegna la Villa Cr\u00e9ative ad Avignone come spazio di condivisione delle esperienze e delle differenze.","robots":{"index":"index","follow":"follow","max-snippet":"max-snippet:-1","max-image-preview":"max-image-preview:large","max-video-preview":"max-video-preview:-1"},"canonical":"https:\/\/www.matrix4design.com\/it\/architettura\/ateliers-alfonso-femia-ridisegna-la-villa-creative-ad-avignone\/","og_locale":"it_IT","og_type":"article","og_title":"Atelier(s) Alfonso Femia ridisegna la Villa Cr\u00e9ative ad Avignone","og_description":"Atelier(s) Alfonso Femia ridisegna la Villa Cr\u00e9ative ad Avignone come spazio di condivisione delle esperienze e delle differenze.","og_url":"https:\/\/www.matrix4design.com\/it\/architettura\/ateliers-alfonso-femia-ridisegna-la-villa-creative-ad-avignone\/","og_site_name":"Matrix4Design","article_publisher":"https:\/\/www.facebook.com\/matrix4designmagazine\/","article_published_time":"2022-09-01T06:00:31+00:00","og_image":[{"width":1500,"height":1500,"url":"https:\/\/www.matrix4design.com\/wp-content\/uploads\/2022\/08\/APU_0016.jpg","type":"image\/jpeg"}],"author":"Redazione","twitter_card":"summary_large_image","twitter_misc":{"Scritto da":"Redazione","Tempo di lettura stimato":"3 minuti"},"schema":{"@context":"https:\/\/schema.org","@graph":[{"@type":"Article","@id":"https:\/\/www.matrix4design.com\/it\/architettura\/ateliers-alfonso-femia-ridisegna-la-villa-creative-ad-avignone\/#article","isPartOf":{"@id":"https:\/\/www.matrix4design.com\/it\/architettura\/ateliers-alfonso-femia-ridisegna-la-villa-creative-ad-avignone\/"},"author":{"name":"Redazione","@id":"https:\/\/www.matrix4design.com\/it\/#\/schema\/person\/b2b6dd48f9d6892ca224742379951fa1"},"headline":"Atelier(s) Alfonso Femia ridisegna la Villa Cr\u00e9ative ad Avignone","datePublished":"2022-09-01T06:00:31+00:00","mainEntityOfPage":{"@id":"https:\/\/www.matrix4design.com\/it\/architettura\/ateliers-alfonso-femia-ridisegna-la-villa-creative-ad-avignone\/"},"wordCount":418,"publisher":{"@id":"https:\/\/www.matrix4design.com\/it\/#organization"},"image":{"@id":"https:\/\/www.matrix4design.com\/it\/architettura\/ateliers-alfonso-femia-ridisegna-la-villa-creative-ad-avignone\/#primaryimage"},"thumbnailUrl":"https:\/\/www.matrix4design.com\/wp-content\/uploads\/2022\/08\/APU_0016.jpg","articleSection":["Architettura","Architettura home","Featured"],"inLanguage":"it-IT"},{"@type":"WebPage","@id":"https:\/\/www.matrix4design.com\/it\/architettura\/ateliers-alfonso-femia-ridisegna-la-villa-creative-ad-avignone\/","url":"https:\/\/www.matrix4design.com\/it\/architettura\/ateliers-alfonso-femia-ridisegna-la-villa-creative-ad-avignone\/","name":"Atelier(s) Alfonso Femia ridisegna la Villa Cr\u00e9ative ad Avignone","isPartOf":{"@id":"https:\/\/www.matrix4design.com\/it\/#website"},"primaryImageOfPage":{"@id":"https:\/\/www.matrix4design.com\/it\/architettura\/ateliers-alfonso-femia-ridisegna-la-villa-creative-ad-avignone\/#primaryimage"},"image":{"@id":"https:\/\/www.matrix4design.com\/it\/architettura\/ateliers-alfonso-femia-ridisegna-la-villa-creative-ad-avignone\/#primaryimage"},"thumbnailUrl":"https:\/\/www.matrix4design.com\/wp-content\/uploads\/2022\/08\/APU_0016.jpg","datePublished":"2022-09-01T06:00:31+00:00","description":"Atelier(s) Alfonso Femia ridisegna la Villa Cr\u00e9ative ad Avignone come spazio di condivisione delle esperienze e delle differenze.","breadcrumb":{"@id":"https:\/\/www.matrix4design.com\/it\/architettura\/ateliers-alfonso-femia-ridisegna-la-villa-creative-ad-avignone\/#breadcrumb"},"inLanguage":"it-IT","potentialAction":[{"@type":"ReadAction","target":["https:\/\/www.matrix4design.com\/it\/architettura\/ateliers-alfonso-femia-ridisegna-la-villa-creative-ad-avignone\/"]}]},{"@type":"ImageObject","inLanguage":"it-IT","@id":"https:\/\/www.matrix4design.com\/it\/architettura\/ateliers-alfonso-femia-ridisegna-la-villa-creative-ad-avignone\/#primaryimage","url":"https:\/\/www.matrix4design.com\/wp-content\/uploads\/2022\/08\/APU_0016.jpg","contentUrl":"https:\/\/www.matrix4design.com\/wp-content\/uploads\/2022\/08\/APU_0016.jpg","width":1500,"height":1500},{"@type":"BreadcrumbList","@id":"https:\/\/www.matrix4design.com\/it\/architettura\/ateliers-alfonso-femia-ridisegna-la-villa-creative-ad-avignone\/#breadcrumb","itemListElement":[{"@type":"ListItem","position":1,"name":"Home","item":"https:\/\/www.matrix4design.com\/it\/"},{"@type":"ListItem","position":2,"name":"Atelier(s) Alfonso Femia ridisegna la Villa Cr\u00e9ative ad Avignone"}]},{"@type":"WebSite","@id":"https:\/\/www.matrix4design.com\/it\/#website","url":"https:\/\/www.matrix4design.com\/it\/","name":"Matrix4Design","description":"Digital architecture and design b2b magazine","publisher":{"@id":"https:\/\/www.matrix4design.com\/it\/#organization"},"potentialAction":[{"@type":"SearchAction","target":{"@type":"EntryPoint","urlTemplate":"https:\/\/www.matrix4design.com\/it\/?s={search_term_string}"},"query-input":{"@type":"PropertyValueSpecification","valueRequired":true,"valueName":"search_term_string"}}],"inLanguage":"it-IT"},{"@type":"Organization","@id":"https:\/\/www.matrix4design.com\/it\/#organization","name":"Matrix4Design","url":"https:\/\/www.matrix4design.com\/it\/","logo":{"@type":"ImageObject","inLanguage":"it-IT","@id":"https:\/\/www.matrix4design.com\/it\/#\/schema\/logo\/image\/","url":"https:\/\/www.matrix4design.com\/wp-content\/uploads\/2020\/04\/logo_matrix4design.png","contentUrl":"https:\/\/www.matrix4design.com\/wp-content\/uploads\/2020\/04\/logo_matrix4design.png","width":804,"height":114,"caption":"Matrix4Design"},"image":{"@id":"https:\/\/www.matrix4design.com\/it\/#\/schema\/logo\/image\/"},"sameAs":["https:\/\/www.facebook.com\/matrix4designmagazine\/","https:\/\/www.instagram.com\/matrix4designmagazine\/","https:\/\/www.youtube.com\/channel\/UCtuhSSrP3MOO_URZgv8mQ1A"]},{"@type":"Person","@id":"https:\/\/www.matrix4design.com\/it\/#\/schema\/person\/b2b6dd48f9d6892ca224742379951fa1","name":"Redazione","image":{"@type":"ImageObject","inLanguage":"it-IT","@id":"https:\/\/www.matrix4design.com\/it\/#\/schema\/person\/image\/","url":"https:\/\/www.matrix4design.com\/wp-content\/uploads\/2023\/01\/logo_M4D_2023-96x96.jpg","contentUrl":"https:\/\/www.matrix4design.com\/wp-content\/uploads\/2023\/01\/logo_M4D_2023-96x96.jpg","caption":"Redazione"},"url":"https:\/\/www.matrix4design.com\/it\/author\/redazione\/"}]}},"_links":{"self":[{"href":"https:\/\/www.matrix4design.com\/it\/wp-json\/wp\/v2\/posts\/90054","targetHints":{"allow":["GET"]}}],"collection":[{"href":"https:\/\/www.matrix4design.com\/it\/wp-json\/wp\/v2\/posts"}],"about":[{"href":"https:\/\/www.matrix4design.com\/it\/wp-json\/wp\/v2\/types\/post"}],"author":[{"embeddable":true,"href":"https:\/\/www.matrix4design.com\/it\/wp-json\/wp\/v2\/users\/6"}],"replies":[{"embeddable":true,"href":"https:\/\/www.matrix4design.com\/it\/wp-json\/wp\/v2\/comments?post=90054"}],"version-history":[{"count":1,"href":"https:\/\/www.matrix4design.com\/it\/wp-json\/wp\/v2\/posts\/90054\/revisions"}],"predecessor-version":[{"id":90067,"href":"https:\/\/www.matrix4design.com\/it\/wp-json\/wp\/v2\/posts\/90054\/revisions\/90067"}],"wp:featuredmedia":[{"embeddable":true,"href":"https:\/\/www.matrix4design.com\/it\/wp-json\/wp\/v2\/media\/90055"}],"wp:attachment":[{"href":"https:\/\/www.matrix4design.com\/it\/wp-json\/wp\/v2\/media?parent=90054"}],"wp:term":[{"taxonomy":"category","embeddable":true,"href":"https:\/\/www.matrix4design.com\/it\/wp-json\/wp\/v2\/categories?post=90054"},{"taxonomy":"post_tag","embeddable":true,"href":"https:\/\/www.matrix4design.com\/it\/wp-json\/wp\/v2\/tags?post=90054"}],"curies":[{"name":"wp","href":"https:\/\/api.w.org\/{rel}","templated":true}]}}