{"id":90157,"date":"2022-09-12T12:00:19","date_gmt":"2022-09-12T10:00:19","guid":{"rendered":"https:\/\/www.matrix4design.com\/?p=90157"},"modified":"2022-09-05T15:57:54","modified_gmt":"2022-09-05T13:57:54","slug":"le-nuove-collezioni-letti-firmati-bolzan","status":"publish","type":"post","link":"https:\/\/www.matrix4design.com\/it\/design\/le-nuove-collezioni-letti-firmati-bolzan\/","title":{"rendered":"Le nuove collezioni letti firmati Bolzan"},"content":{"rendered":"<p>&nbsp;<\/p>\n<p><a href=\"https:\/\/www.bolzanletti.it\/\" target=\"_blank\" rel=\"noopener\"><strong>Bolzan<\/strong> <\/a>ha presentato di recente due nuove collezioni letti, nate dalla collaborazione con <strong>Matteo Zorzenoni e Studio E-ggs<\/strong>.<\/p>\n<h2>Marty e Gabri<\/h2>\n<p>Si chiama <strong>Marty<\/strong> ed \u00e8 il letto realizzato da Studio E-ggs per Bolzan. Nato da una riflessione su com&#8217;\u00e8 cambiato il significato della camera da letto negli ultimi anni, con il letto che diventa anche luogo sociale e ricreativo, la sua principale caratteristica \u00e8 la <strong>testiera imbottita<\/strong>. Essa, infatti, \u00e8 molto pi\u00f9 simile allo schienale di un divano o di una poltrona, proprio per rendere pi\u00f9 comodo anche lavorare o leggere un libro.<\/p>\n<p>Il letto \u00e8 disponibile in due versioni, con <strong>giroletto in tessuto<\/strong> dove \u00e8 anche possibile sollevare la rete e utilizzare lo spazio sottostante come contenitore, e in <strong>metallo<\/strong>. Come in tutti i prodotti Bolzan, grande attenzione \u00e8 dedicata alla scelta dei materiali, a partire dai raffinati <strong>tessuti Torri Lana<\/strong>, e alla cura dei dettagli che rendono Marty un prodotto sostenibile innanzitutto perch\u00e9 in grado di durare nel tempo.<\/p>\n<p>Completa il letto un <strong>tavolino<\/strong> con funzione di comodino da agganciare alla testiera, comodo da raggiungere e poco ingombrante, un\u2019estensione pratica del letto che contribuisce a raccontare la versatilit\u00e0 e l\u2019evoluzione della zona notte.<\/p>\n\t\t<div style=\"clear:both\"><\/div>\n\t\t<div class=\"psgal_wrap\">\n\t\t\t<div id=\"psgal_90157_1\" data-psgal_id=\"90157_1\" data-psgal_container_id=\"container_90157_1\" data-psgal_thumbnail_width=\"164\" data-psgal_use_masonary=\"1\" class=\"psgal-inline psgal gallery-columns-3 gallery-size-thumbnail use_masonry_1 show_captions_\" itemscope itemtype=\"http:\/\/schema.org\/ImageGallery\">\n\t\t\t\t\t\t\t\t\t\t<figure class=\"msnry_items\" itemscope itemtype=\"http:\/\/schema.org\/ImageObject\" style=\"width:164px;\">\n\t\t\t\t\t\t\t<a href=\"https:\/\/www.matrix4design.com\/wp-content\/uploads\/2022\/08\/Bolzan_Marty_Amb_01_phcredits@OmarSartor-1800x1198.jpg\" itemprop=\"contentUrl\" data-size=\"1800x1198\" data-caption=\"\u00a9 Omar Sartor\" style=\"height:154px;\">\n\t\t\t\t\t\t\t\t<img decoding=\"async\" class=\"msnry_thumb\" src=\"https:\/\/www.matrix4design.com\/wp-content\/uploads\/2022\/08\/Bolzan_Marty_Amb_01_phcredits@OmarSartor-scaled-328x328.jpg\" itemprop=\"thumbnail\" alt=\"letti\" \/>\n\t\t\t\t\t\t\t<\/a>\n\t\t\t\t\t\t\t\t\t\t\t\t\t\t<figcaption class=\"photoswipe-gallery-caption\" style=\"display:none;\">\u00a9 Omar Sartor<\/figcaption>\n\n\t\t\t\t\t\t<\/figure>\n\t\t\t\t\t\t\t\t\t\t<figure class=\"msnry_items\" itemscope itemtype=\"http:\/\/schema.org\/ImageObject\" style=\"width:164px;\">\n\t\t\t\t\t\t\t<a href=\"https:\/\/www.matrix4design.com\/wp-content\/uploads\/2022\/08\/Bolzan_Marty_Amb_02_phcredits@OmarSartor-1800x2391.jpg\" itemprop=\"contentUrl\" data-size=\"1800x2391\" data-caption=\"\u00a9 Omar Sartor\" style=\"height:154px;\">\n\t\t\t\t\t\t\t\t<img decoding=\"async\" class=\"msnry_thumb\" src=\"https:\/\/www.matrix4design.com\/wp-content\/uploads\/2022\/08\/Bolzan_Marty_Amb_02_phcredits@OmarSartor-scaled-328x328.jpg\" itemprop=\"thumbnail\" alt=\"\" \/>\n\t\t\t\t\t\t\t<\/a>\n\t\t\t\t\t\t\t\t\t\t\t\t\t\t<figcaption class=\"photoswipe-gallery-caption\" style=\"display:none;\">\u00a9 Omar Sartor<\/figcaption>\n\n\t\t\t\t\t\t<\/figure>\n\t\t\t\t\t\t\t\t\t\t<figure class=\"msnry_items\" itemscope itemtype=\"http:\/\/schema.org\/ImageObject\" style=\"width:164px;\">\n\t\t\t\t\t\t\t<a href=\"https:\/\/www.matrix4design.com\/wp-content\/uploads\/2022\/08\/Bolzan_Marty_Amb_03_phcredits@OmarSartor-1794x2400.jpg\" itemprop=\"contentUrl\" data-size=\"1794x2400\" data-caption=\"\u00a9 Omar Sartor\" style=\"height:154px;\">\n\t\t\t\t\t\t\t\t<img decoding=\"async\" class=\"msnry_thumb\" src=\"https:\/\/www.matrix4design.com\/wp-content\/uploads\/2022\/08\/Bolzan_Marty_Amb_03_phcredits@OmarSartor-scaled-328x328.jpg\" itemprop=\"thumbnail\" alt=\"\" \/>\n\t\t\t\t\t\t\t<\/a>\n\t\t\t\t\t\t\t\t\t\t\t\t\t\t<figcaption class=\"photoswipe-gallery-caption\" style=\"display:none;\">\u00a9 Omar Sartor<\/figcaption>\n\n\t\t\t\t\t\t<\/figure>\n\t\t\t\t\t\t\t<\/div>\n\t\t<\/div>\n\t\t<div style='clear:both'><\/div>\n\n<p>L&#8217;altra novit\u00e0 dei letti Bolzan \u00e8 <strong>Gabri<\/strong>, realizzato da Matteo Zorzenoni. Caratterizzato da una scocca in cuoio finemente lavorata e curata nei minimi dettagli, Gabri \u00e8 un letto leggero e avvolgente, dalle dimensioni compatte che lo rendono perfetto per ambienti di diversa grandezza, stile e natura, sia classici sia contemporanei.<\/p>\n<p>Una delle sue particolarit\u00e0 sono le speciali <strong>gole<\/strong> realizzate in prossimit\u00e0 degli angoli, che oltre a rappresentare una nota estetica distintiva, sono state pensate per facilitare l\u2019atto di rifare il letto. \u00c8 proprio questo design d\u2019ispirazione pratica ad avere dato nome al letto. \u201c<em>Gabri<\/em> &#8211; racconta Matteo Zorzenoni &#8211; <em>era il soprannome di mia madre Maria: quando le mostravo i miei progetti, lei osservava in maniera molto attenta la funzionalit\u00e0 prima ancora che l\u2019estetica<\/em>\u201d.<\/p>\n<p>Disponibile insieme al letto \u00e8 un <strong>ripiano<\/strong> d\u2019appoggio accessorio, anch\u2019esso in cuoio, da agganciare facilmente al giroletto. Completano la collezione anche una <strong>panca<\/strong> e un <strong>tavolino rotondo<\/strong> disponibile in due dimensioni.<\/p>\n\t\t<div style=\"clear:both\"><\/div>\n\t\t<div class=\"psgal_wrap\">\n\t\t\t<div id=\"psgal_90157_2\" data-psgal_id=\"90157_2\" data-psgal_container_id=\"container_90157_2\" data-psgal_thumbnail_width=\"164\" data-psgal_use_masonary=\"1\" class=\"psgal-inline psgal gallery-columns-3 gallery-size-thumbnail use_masonry_1 show_captions_\" itemscope itemtype=\"http:\/\/schema.org\/ImageGallery\">\n\t\t\t\t\t\t\t\t\t\t<figure class=\"msnry_items\" itemscope itemtype=\"http:\/\/schema.org\/ImageObject\" style=\"width:164px;\">\n\t\t\t\t\t\t\t<a href=\"https:\/\/www.matrix4design.com\/wp-content\/uploads\/2022\/08\/Bolzan_Gabri_Amb_05_phcredits@OmarSartor-1703x2400.jpg\" itemprop=\"contentUrl\" data-size=\"1703x2400\" data-caption=\"\u00a9 Omar Sartor\" style=\"height:154px;\">\n\t\t\t\t\t\t\t\t<img decoding=\"async\" class=\"msnry_thumb\" src=\"https:\/\/www.matrix4design.com\/wp-content\/uploads\/2022\/08\/Bolzan_Gabri_Amb_05_phcredits@OmarSartor-scaled-328x328.jpg\" itemprop=\"thumbnail\" alt=\"letti\" \/>\n\t\t\t\t\t\t\t<\/a>\n\t\t\t\t\t\t\t\t\t\t\t\t\t\t<figcaption class=\"photoswipe-gallery-caption\" style=\"display:none;\">\u00a9 Omar Sartor<\/figcaption>\n\n\t\t\t\t\t\t<\/figure>\n\t\t\t\t\t\t\t\t\t\t<figure class=\"msnry_items\" itemscope itemtype=\"http:\/\/schema.org\/ImageObject\" style=\"width:164px;\">\n\t\t\t\t\t\t\t<a href=\"https:\/\/www.matrix4design.com\/wp-content\/uploads\/2022\/08\/Bolzan_Gabri_Amb_02_phcredits@OmarSartor-1800x1267.jpg\" itemprop=\"contentUrl\" data-size=\"1800x1267\" data-caption=\"\u00a9 Omar Sartor\" style=\"height:154px;\">\n\t\t\t\t\t\t\t\t<img decoding=\"async\" class=\"msnry_thumb\" src=\"https:\/\/www.matrix4design.com\/wp-content\/uploads\/2022\/08\/Bolzan_Gabri_Amb_02_phcredits@OmarSartor-scaled-328x328.jpg\" itemprop=\"thumbnail\" alt=\"letti\" \/>\n\t\t\t\t\t\t\t<\/a>\n\t\t\t\t\t\t\t\t\t\t\t\t\t\t<figcaption class=\"photoswipe-gallery-caption\" style=\"display:none;\">\u00a9 Omar Sartor<\/figcaption>\n\n\t\t\t\t\t\t<\/figure>\n\t\t\t\t\t\t\t\t\t\t<figure class=\"msnry_items\" itemscope itemtype=\"http:\/\/schema.org\/ImageObject\" style=\"width:164px;\">\n\t\t\t\t\t\t\t<a href=\"https:\/\/www.matrix4design.com\/wp-content\/uploads\/2022\/08\/Bolzan_Gabri_Amb_01_phcredits@OmarSartor-1700x2400.jpg\" itemprop=\"contentUrl\" data-size=\"1700x2400\" data-caption=\"\u00a9 Omar Sartor\" style=\"height:154px;\">\n\t\t\t\t\t\t\t\t<img decoding=\"async\" class=\"msnry_thumb\" src=\"https:\/\/www.matrix4design.com\/wp-content\/uploads\/2022\/08\/Bolzan_Gabri_Amb_01_phcredits@OmarSartor-scaled-328x328.jpg\" itemprop=\"thumbnail\" alt=\"letti\" \/>\n\t\t\t\t\t\t\t<\/a>\n\t\t\t\t\t\t\t\t\t\t\t\t\t\t<figcaption class=\"photoswipe-gallery-caption\" style=\"display:none;\">\u00a9 Omar Sartor<\/figcaption>\n\n\t\t\t\t\t\t<\/figure>\n\t\t\t\t\t\t\t<\/div>\n\t\t<\/div>\n\t\t<div style='clear:both'><\/div>\n\n","protected":false},"excerpt":{"rendered":"<p>&nbsp; Bolzan ha presentato di recente due nuove collezioni letti, nate dalla collaborazione con Matteo Zorzenoni e Studio E-ggs. Marty e Gabri Si chiama Marty ed \u00e8 il letto realizzato da Studio E-ggs per Bolzan. Nato da una riflessione su com&#8217;\u00e8 cambiato il significato della camera da letto negli ultimi anni, con il letto che [&hellip;]<\/p>\n","protected":false},"author":6,"featured_media":90159,"comment_status":"closed","ping_status":"closed","sticky":false,"template":"","format":"standard","meta":{"_acf_changed":false,"footnotes":""},"categories":[366,418,368],"tags":[451],"class_list":{"0":"post-90157","1":"post","2":"type-post","3":"status-publish","4":"format-standard","5":"has-post-thumbnail","7":"category-design","8":"category-design-home","9":"category-featured","10":"tag-camera-da-letto"},"acf":[],"yoast_head":"<!-- This site is optimized with the Yoast SEO plugin v27.0 - https:\/\/yoast.com\/product\/yoast-seo-wordpress\/ -->\n<title>Le nuove collezioni letti firmati Bolzan<\/title>\n<meta name=\"description\" content=\"Bolzan ha presentato le sue due nuove collezioni letti Marty e Gabri, nate dalla collaborazione con Matteo Zorzenoni e Studio e-ggs.\" \/>\n<meta name=\"robots\" content=\"index, follow, max-snippet:-1, max-image-preview:large, max-video-preview:-1\" \/>\n<link rel=\"canonical\" href=\"https:\/\/www.matrix4design.com\/it\/design\/le-nuove-collezioni-letti-firmati-bolzan\/\" \/>\n<meta property=\"og:locale\" content=\"it_IT\" \/>\n<meta property=\"og:type\" content=\"article\" \/>\n<meta property=\"og:title\" content=\"Le nuove collezioni letti firmati Bolzan\" \/>\n<meta property=\"og:description\" content=\"Bolzan ha presentato le sue due nuove collezioni letti Marty e Gabri, nate dalla collaborazione con Matteo Zorzenoni e Studio e-ggs.\" \/>\n<meta property=\"og:url\" content=\"https:\/\/www.matrix4design.com\/it\/design\/le-nuove-collezioni-letti-firmati-bolzan\/\" \/>\n<meta property=\"og:site_name\" content=\"Matrix4Design\" \/>\n<meta property=\"article:publisher\" content=\"https:\/\/www.facebook.com\/matrix4designmagazine\/\" \/>\n<meta property=\"article:published_time\" content=\"2022-09-12T10:00:19+00:00\" \/>\n<meta property=\"og:image\" content=\"https:\/\/www.matrix4design.com\/wp-content\/uploads\/2022\/08\/Bolzan_Gabri_Amb_02_phcredits@OmarSartor-scaled.jpg\" \/>\n\t<meta property=\"og:image:width\" content=\"2560\" \/>\n\t<meta property=\"og:image:height\" content=\"1801\" \/>\n\t<meta property=\"og:image:type\" content=\"image\/jpeg\" \/>\n<meta name=\"author\" content=\"Redazione\" \/>\n<meta name=\"twitter:card\" content=\"summary_large_image\" \/>\n<meta name=\"twitter:label1\" content=\"Scritto da\" \/>\n\t<meta name=\"twitter:data1\" content=\"Redazione\" \/>\n\t<meta name=\"twitter:label2\" content=\"Tempo di lettura stimato\" \/>\n\t<meta name=\"twitter:data2\" content=\"2 minuti\" \/>\n<script type=\"application\/ld+json\" class=\"yoast-schema-graph\">{\"@context\":\"https:\/\/schema.org\",\"@graph\":[{\"@type\":\"Article\",\"@id\":\"https:\/\/www.matrix4design.com\/it\/design\/le-nuove-collezioni-letti-firmati-bolzan\/#article\",\"isPartOf\":{\"@id\":\"https:\/\/www.matrix4design.com\/it\/design\/le-nuove-collezioni-letti-firmati-bolzan\/\"},\"author\":{\"name\":\"Redazione\",\"@id\":\"https:\/\/www.matrix4design.com\/it\/#\/schema\/person\/b2b6dd48f9d6892ca224742379951fa1\"},\"headline\":\"Le nuove collezioni letti firmati Bolzan\",\"datePublished\":\"2022-09-12T10:00:19+00:00\",\"mainEntityOfPage\":{\"@id\":\"https:\/\/www.matrix4design.com\/it\/design\/le-nuove-collezioni-letti-firmati-bolzan\/\"},\"wordCount\":360,\"publisher\":{\"@id\":\"https:\/\/www.matrix4design.com\/it\/#organization\"},\"image\":{\"@id\":\"https:\/\/www.matrix4design.com\/it\/design\/le-nuove-collezioni-letti-firmati-bolzan\/#primaryimage\"},\"thumbnailUrl\":\"https:\/\/www.matrix4design.com\/wp-content\/uploads\/2022\/08\/Bolzan_Gabri_Amb_02_phcredits@OmarSartor-scaled.jpg\",\"keywords\":[\"camera da letto\"],\"articleSection\":[\"Design\",\"Design home\",\"Featured\"],\"inLanguage\":\"it-IT\"},{\"@type\":\"WebPage\",\"@id\":\"https:\/\/www.matrix4design.com\/it\/design\/le-nuove-collezioni-letti-firmati-bolzan\/\",\"url\":\"https:\/\/www.matrix4design.com\/it\/design\/le-nuove-collezioni-letti-firmati-bolzan\/\",\"name\":\"Le nuove collezioni letti firmati Bolzan\",\"isPartOf\":{\"@id\":\"https:\/\/www.matrix4design.com\/it\/#website\"},\"primaryImageOfPage\":{\"@id\":\"https:\/\/www.matrix4design.com\/it\/design\/le-nuove-collezioni-letti-firmati-bolzan\/#primaryimage\"},\"image\":{\"@id\":\"https:\/\/www.matrix4design.com\/it\/design\/le-nuove-collezioni-letti-firmati-bolzan\/#primaryimage\"},\"thumbnailUrl\":\"https:\/\/www.matrix4design.com\/wp-content\/uploads\/2022\/08\/Bolzan_Gabri_Amb_02_phcredits@OmarSartor-scaled.jpg\",\"datePublished\":\"2022-09-12T10:00:19+00:00\",\"description\":\"Bolzan ha presentato le sue due nuove collezioni letti Marty e Gabri, nate dalla collaborazione con Matteo Zorzenoni e Studio e-ggs.\",\"breadcrumb\":{\"@id\":\"https:\/\/www.matrix4design.com\/it\/design\/le-nuove-collezioni-letti-firmati-bolzan\/#breadcrumb\"},\"inLanguage\":\"it-IT\",\"potentialAction\":[{\"@type\":\"ReadAction\",\"target\":[\"https:\/\/www.matrix4design.com\/it\/design\/le-nuove-collezioni-letti-firmati-bolzan\/\"]}]},{\"@type\":\"ImageObject\",\"inLanguage\":\"it-IT\",\"@id\":\"https:\/\/www.matrix4design.com\/it\/design\/le-nuove-collezioni-letti-firmati-bolzan\/#primaryimage\",\"url\":\"https:\/\/www.matrix4design.com\/wp-content\/uploads\/2022\/08\/Bolzan_Gabri_Amb_02_phcredits@OmarSartor-scaled.jpg\",\"contentUrl\":\"https:\/\/www.matrix4design.com\/wp-content\/uploads\/2022\/08\/Bolzan_Gabri_Amb_02_phcredits@OmarSartor-scaled.jpg\",\"width\":2560,\"height\":1801,\"caption\":\"\u00a9 Omar Sartor\"},{\"@type\":\"BreadcrumbList\",\"@id\":\"https:\/\/www.matrix4design.com\/it\/design\/le-nuove-collezioni-letti-firmati-bolzan\/#breadcrumb\",\"itemListElement\":[{\"@type\":\"ListItem\",\"position\":1,\"name\":\"Home\",\"item\":\"https:\/\/www.matrix4design.com\/it\/\"},{\"@type\":\"ListItem\",\"position\":2,\"name\":\"Le nuove collezioni letti firmati Bolzan\"}]},{\"@type\":\"WebSite\",\"@id\":\"https:\/\/www.matrix4design.com\/it\/#website\",\"url\":\"https:\/\/www.matrix4design.com\/it\/\",\"name\":\"Matrix4Design\",\"description\":\"Digital architecture and design b2b magazine\",\"publisher\":{\"@id\":\"https:\/\/www.matrix4design.com\/it\/#organization\"},\"potentialAction\":[{\"@type\":\"SearchAction\",\"target\":{\"@type\":\"EntryPoint\",\"urlTemplate\":\"https:\/\/www.matrix4design.com\/it\/?s={search_term_string}\"},\"query-input\":{\"@type\":\"PropertyValueSpecification\",\"valueRequired\":true,\"valueName\":\"search_term_string\"}}],\"inLanguage\":\"it-IT\"},{\"@type\":\"Organization\",\"@id\":\"https:\/\/www.matrix4design.com\/it\/#organization\",\"name\":\"Matrix4Design\",\"url\":\"https:\/\/www.matrix4design.com\/it\/\",\"logo\":{\"@type\":\"ImageObject\",\"inLanguage\":\"it-IT\",\"@id\":\"https:\/\/www.matrix4design.com\/it\/#\/schema\/logo\/image\/\",\"url\":\"https:\/\/www.matrix4design.com\/wp-content\/uploads\/2020\/04\/logo_matrix4design.png\",\"contentUrl\":\"https:\/\/www.matrix4design.com\/wp-content\/uploads\/2020\/04\/logo_matrix4design.png\",\"width\":804,\"height\":114,\"caption\":\"Matrix4Design\"},\"image\":{\"@id\":\"https:\/\/www.matrix4design.com\/it\/#\/schema\/logo\/image\/\"},\"sameAs\":[\"https:\/\/www.facebook.com\/matrix4designmagazine\/\",\"https:\/\/www.instagram.com\/matrix4designmagazine\/\",\"https:\/\/www.youtube.com\/channel\/UCtuhSSrP3MOO_URZgv8mQ1A\"]},{\"@type\":\"Person\",\"@id\":\"https:\/\/www.matrix4design.com\/it\/#\/schema\/person\/b2b6dd48f9d6892ca224742379951fa1\",\"name\":\"Redazione\",\"image\":{\"@type\":\"ImageObject\",\"inLanguage\":\"it-IT\",\"@id\":\"https:\/\/www.matrix4design.com\/it\/#\/schema\/person\/image\/\",\"url\":\"https:\/\/www.matrix4design.com\/wp-content\/uploads\/2023\/01\/logo_M4D_2023-96x96.jpg\",\"contentUrl\":\"https:\/\/www.matrix4design.com\/wp-content\/uploads\/2023\/01\/logo_M4D_2023-96x96.jpg\",\"caption\":\"Redazione\"},\"url\":\"https:\/\/www.matrix4design.com\/it\/author\/redazione\/\"}]}<\/script>\n<!-- \/ Yoast SEO plugin. -->","yoast_head_json":{"title":"Le nuove collezioni letti firmati Bolzan","description":"Bolzan ha presentato le sue due nuove collezioni letti Marty e Gabri, nate dalla collaborazione con Matteo Zorzenoni e Studio e-ggs.","robots":{"index":"index","follow":"follow","max-snippet":"max-snippet:-1","max-image-preview":"max-image-preview:large","max-video-preview":"max-video-preview:-1"},"canonical":"https:\/\/www.matrix4design.com\/it\/design\/le-nuove-collezioni-letti-firmati-bolzan\/","og_locale":"it_IT","og_type":"article","og_title":"Le nuove collezioni letti firmati Bolzan","og_description":"Bolzan ha presentato le sue due nuove collezioni letti Marty e Gabri, nate dalla collaborazione con Matteo Zorzenoni e Studio e-ggs.","og_url":"https:\/\/www.matrix4design.com\/it\/design\/le-nuove-collezioni-letti-firmati-bolzan\/","og_site_name":"Matrix4Design","article_publisher":"https:\/\/www.facebook.com\/matrix4designmagazine\/","article_published_time":"2022-09-12T10:00:19+00:00","og_image":[{"width":2560,"height":1801,"url":"https:\/\/www.matrix4design.com\/wp-content\/uploads\/2022\/08\/Bolzan_Gabri_Amb_02_phcredits@OmarSartor-scaled.jpg","type":"image\/jpeg"}],"author":"Redazione","twitter_card":"summary_large_image","twitter_misc":{"Scritto da":"Redazione","Tempo di lettura stimato":"2 minuti"},"schema":{"@context":"https:\/\/schema.org","@graph":[{"@type":"Article","@id":"https:\/\/www.matrix4design.com\/it\/design\/le-nuove-collezioni-letti-firmati-bolzan\/#article","isPartOf":{"@id":"https:\/\/www.matrix4design.com\/it\/design\/le-nuove-collezioni-letti-firmati-bolzan\/"},"author":{"name":"Redazione","@id":"https:\/\/www.matrix4design.com\/it\/#\/schema\/person\/b2b6dd48f9d6892ca224742379951fa1"},"headline":"Le nuove collezioni letti firmati Bolzan","datePublished":"2022-09-12T10:00:19+00:00","mainEntityOfPage":{"@id":"https:\/\/www.matrix4design.com\/it\/design\/le-nuove-collezioni-letti-firmati-bolzan\/"},"wordCount":360,"publisher":{"@id":"https:\/\/www.matrix4design.com\/it\/#organization"},"image":{"@id":"https:\/\/www.matrix4design.com\/it\/design\/le-nuove-collezioni-letti-firmati-bolzan\/#primaryimage"},"thumbnailUrl":"https:\/\/www.matrix4design.com\/wp-content\/uploads\/2022\/08\/Bolzan_Gabri_Amb_02_phcredits@OmarSartor-scaled.jpg","keywords":["camera da letto"],"articleSection":["Design","Design home","Featured"],"inLanguage":"it-IT"},{"@type":"WebPage","@id":"https:\/\/www.matrix4design.com\/it\/design\/le-nuove-collezioni-letti-firmati-bolzan\/","url":"https:\/\/www.matrix4design.com\/it\/design\/le-nuove-collezioni-letti-firmati-bolzan\/","name":"Le nuove collezioni letti firmati Bolzan","isPartOf":{"@id":"https:\/\/www.matrix4design.com\/it\/#website"},"primaryImageOfPage":{"@id":"https:\/\/www.matrix4design.com\/it\/design\/le-nuove-collezioni-letti-firmati-bolzan\/#primaryimage"},"image":{"@id":"https:\/\/www.matrix4design.com\/it\/design\/le-nuove-collezioni-letti-firmati-bolzan\/#primaryimage"},"thumbnailUrl":"https:\/\/www.matrix4design.com\/wp-content\/uploads\/2022\/08\/Bolzan_Gabri_Amb_02_phcredits@OmarSartor-scaled.jpg","datePublished":"2022-09-12T10:00:19+00:00","description":"Bolzan ha presentato le sue due nuove collezioni letti Marty e Gabri, nate dalla collaborazione con Matteo Zorzenoni e Studio e-ggs.","breadcrumb":{"@id":"https:\/\/www.matrix4design.com\/it\/design\/le-nuove-collezioni-letti-firmati-bolzan\/#breadcrumb"},"inLanguage":"it-IT","potentialAction":[{"@type":"ReadAction","target":["https:\/\/www.matrix4design.com\/it\/design\/le-nuove-collezioni-letti-firmati-bolzan\/"]}]},{"@type":"ImageObject","inLanguage":"it-IT","@id":"https:\/\/www.matrix4design.com\/it\/design\/le-nuove-collezioni-letti-firmati-bolzan\/#primaryimage","url":"https:\/\/www.matrix4design.com\/wp-content\/uploads\/2022\/08\/Bolzan_Gabri_Amb_02_phcredits@OmarSartor-scaled.jpg","contentUrl":"https:\/\/www.matrix4design.com\/wp-content\/uploads\/2022\/08\/Bolzan_Gabri_Amb_02_phcredits@OmarSartor-scaled.jpg","width":2560,"height":1801,"caption":"\u00a9 Omar Sartor"},{"@type":"BreadcrumbList","@id":"https:\/\/www.matrix4design.com\/it\/design\/le-nuove-collezioni-letti-firmati-bolzan\/#breadcrumb","itemListElement":[{"@type":"ListItem","position":1,"name":"Home","item":"https:\/\/www.matrix4design.com\/it\/"},{"@type":"ListItem","position":2,"name":"Le nuove collezioni letti firmati Bolzan"}]},{"@type":"WebSite","@id":"https:\/\/www.matrix4design.com\/it\/#website","url":"https:\/\/www.matrix4design.com\/it\/","name":"Matrix4Design","description":"Digital architecture and design b2b magazine","publisher":{"@id":"https:\/\/www.matrix4design.com\/it\/#organization"},"potentialAction":[{"@type":"SearchAction","target":{"@type":"EntryPoint","urlTemplate":"https:\/\/www.matrix4design.com\/it\/?s={search_term_string}"},"query-input":{"@type":"PropertyValueSpecification","valueRequired":true,"valueName":"search_term_string"}}],"inLanguage":"it-IT"},{"@type":"Organization","@id":"https:\/\/www.matrix4design.com\/it\/#organization","name":"Matrix4Design","url":"https:\/\/www.matrix4design.com\/it\/","logo":{"@type":"ImageObject","inLanguage":"it-IT","@id":"https:\/\/www.matrix4design.com\/it\/#\/schema\/logo\/image\/","url":"https:\/\/www.matrix4design.com\/wp-content\/uploads\/2020\/04\/logo_matrix4design.png","contentUrl":"https:\/\/www.matrix4design.com\/wp-content\/uploads\/2020\/04\/logo_matrix4design.png","width":804,"height":114,"caption":"Matrix4Design"},"image":{"@id":"https:\/\/www.matrix4design.com\/it\/#\/schema\/logo\/image\/"},"sameAs":["https:\/\/www.facebook.com\/matrix4designmagazine\/","https:\/\/www.instagram.com\/matrix4designmagazine\/","https:\/\/www.youtube.com\/channel\/UCtuhSSrP3MOO_URZgv8mQ1A"]},{"@type":"Person","@id":"https:\/\/www.matrix4design.com\/it\/#\/schema\/person\/b2b6dd48f9d6892ca224742379951fa1","name":"Redazione","image":{"@type":"ImageObject","inLanguage":"it-IT","@id":"https:\/\/www.matrix4design.com\/it\/#\/schema\/person\/image\/","url":"https:\/\/www.matrix4design.com\/wp-content\/uploads\/2023\/01\/logo_M4D_2023-96x96.jpg","contentUrl":"https:\/\/www.matrix4design.com\/wp-content\/uploads\/2023\/01\/logo_M4D_2023-96x96.jpg","caption":"Redazione"},"url":"https:\/\/www.matrix4design.com\/it\/author\/redazione\/"}]}},"_links":{"self":[{"href":"https:\/\/www.matrix4design.com\/it\/wp-json\/wp\/v2\/posts\/90157","targetHints":{"allow":["GET"]}}],"collection":[{"href":"https:\/\/www.matrix4design.com\/it\/wp-json\/wp\/v2\/posts"}],"about":[{"href":"https:\/\/www.matrix4design.com\/it\/wp-json\/wp\/v2\/types\/post"}],"author":[{"embeddable":true,"href":"https:\/\/www.matrix4design.com\/it\/wp-json\/wp\/v2\/users\/6"}],"replies":[{"embeddable":true,"href":"https:\/\/www.matrix4design.com\/it\/wp-json\/wp\/v2\/comments?post=90157"}],"version-history":[{"count":3,"href":"https:\/\/www.matrix4design.com\/it\/wp-json\/wp\/v2\/posts\/90157\/revisions"}],"predecessor-version":[{"id":90166,"href":"https:\/\/www.matrix4design.com\/it\/wp-json\/wp\/v2\/posts\/90157\/revisions\/90166"}],"wp:featuredmedia":[{"embeddable":true,"href":"https:\/\/www.matrix4design.com\/it\/wp-json\/wp\/v2\/media\/90159"}],"wp:attachment":[{"href":"https:\/\/www.matrix4design.com\/it\/wp-json\/wp\/v2\/media?parent=90157"}],"wp:term":[{"taxonomy":"category","embeddable":true,"href":"https:\/\/www.matrix4design.com\/it\/wp-json\/wp\/v2\/categories?post=90157"},{"taxonomy":"post_tag","embeddable":true,"href":"https:\/\/www.matrix4design.com\/it\/wp-json\/wp\/v2\/tags?post=90157"}],"curies":[{"name":"wp","href":"https:\/\/api.w.org\/{rel}","templated":true}]}}