{"id":93331,"date":"2023-01-18T10:00:44","date_gmt":"2023-01-18T09:00:44","guid":{"rendered":"https:\/\/www.matrix4design.com\/?p=93331"},"modified":"2023-01-26T10:56:14","modified_gmt":"2023-01-26T09:56:14","slug":"the-garden-table-porta-il-verde-negli-spazi-interni","status":"publish","type":"post","link":"https:\/\/www.matrix4design.com\/it\/design\/the-garden-table-porta-il-verde-negli-spazi-interni\/","title":{"rendered":"The Garden Table porta il verde negli spazi interni"},"content":{"rendered":"<p>&nbsp;<\/p>\n<p>&#8220;<em>The Garden Table nasce dall\u2019idea di portare un paesaggio esterno all\u2019interno di una casa e Cosentino \u00e8 stato il partner perfetto per realizzarlo<\/em>&#8220;, spiega <strong>Colin Seah, fondatore di Ministry of Design (MOD<\/strong>) e architetto che ha progettato questo straordinario elemento di design. Secondo Seah, il punto di partenza per l\u2019ideazione del tavolo \u00e8 stato in realt\u00e0 proprio il materiale stesso. &#8220;<em>La collezione Dekton\u00ae Kraftizen \u00e8 davvero stimolante perch\u00e9 evoca la sensazione di stare all&#8217;aria aperta ed \u00e8 dotata di una matericit\u00e0 naturale. Osservandola, mi sono sentito trasportato in un luogo lontano dal denso trambusto urbano a cui tutti siamo abituati<\/em>&#8220;.<\/p>\n<p><img loading=\"lazy\" decoding=\"async\" class=\"aligncenter wp-image-93335 size-full\" src=\"https:\/\/www.matrix4design.com\/wp-content\/uploads\/2023\/01\/unnamed.png\" alt=\"garden table\" width=\"857\" height=\"571\" \/><\/p>\n<p><strong>The Garden Table<\/strong> di <a href=\"http:\/\/www.cosentino.com\/it-it\/\" target=\"_blank\" rel=\"noopener\"><strong>Cosentino<\/strong><\/a>, quindi, \u00e8 un pezzo unico di design che attraverso la sua forma e la commistione di materiali che lo caratterizzano, replica l\u2019armonia di un giardino lussureggiante. Il colore scelto per realizzarlo \u00e8 <strong>Umber<\/strong> una tonalit\u00e0 che <strong>ricorda il classico Terra di Siena<\/strong>\u00a0ispirata al pigmento naturale di cui porta il nome. Il <strong>tono rossastro e la leggera goffratura<\/strong> di questo materiale donano calore e struttura allo spazio.<\/p>\n<p><img loading=\"lazy\" decoding=\"async\" class=\"aligncenter wp-image-93333 size-full\" src=\"https:\/\/www.matrix4design.com\/wp-content\/uploads\/2023\/01\/Cosentino_Garden_Table-130337-1.jpg\" alt=\"\" width=\"1600\" height=\"1067\" \/><\/p>\n<p>Umber \u00e8 parte della <strong>collezione Kraftizen<\/strong>, nuovissima linea di <strong>Dekton\u00ae by Cosentino<\/strong> che si ispira allo stucco veneziano ed \u00e8 un omaggio alle abili tecniche degli artigiani. La collezione offre <strong>superfici altamente versatili e minimaliste<\/strong> ma al contempo <strong>resistenti e disponibili in lastre di grande formato<\/strong>. Per <em>The Garden Table,<\/em> infatti, \u00e8 stata utilizzata <strong>un\u2019unica lastra<\/strong> dello spessore di <strong>12 mm<\/strong> che rende il tavolo leggero ed elegante al tempo stesso.<\/p>\n<p><img loading=\"lazy\" decoding=\"async\" class=\"aligncenter wp-image-93334 size-full\" src=\"https:\/\/www.matrix4design.com\/wp-content\/uploads\/2023\/01\/Cosentino_Garden_Table-131633-1.jpg\" alt=\"\" width=\"1600\" height=\"1067\" \/><\/p>\n<p>Infine, la superficie \u00e8 ultracompatta, richiede pochissima manutenzione, \u00e8 resistente alle macchie, ai graffi e anche ai raggi ultravioletti.<\/p>\n","protected":false},"excerpt":{"rendered":"<p>&nbsp; &#8220;The Garden Table nasce dall\u2019idea di portare un paesaggio esterno all\u2019interno di una casa e Cosentino \u00e8 stato il partner perfetto per realizzarlo&#8220;, spiega Colin Seah, fondatore di Ministry of Design (MOD) e architetto che ha progettato questo straordinario elemento di design. Secondo Seah, il punto di partenza per l\u2019ideazione del tavolo \u00e8 stato [&hellip;]<\/p>\n","protected":false},"author":6,"featured_media":94473,"comment_status":"closed","ping_status":"closed","sticky":false,"template":"","format":"standard","meta":{"_acf_changed":false,"footnotes":""},"categories":[366,418,368],"tags":[],"class_list":{"0":"post-93331","1":"post","2":"type-post","3":"status-publish","4":"format-standard","5":"has-post-thumbnail","7":"category-design","8":"category-design-home","9":"category-featured"},"acf":[],"yoast_head":"<!-- This site is optimized with the Yoast SEO plugin v27.0 - https:\/\/yoast.com\/product\/yoast-seo-wordpress\/ -->\n<title>The Garden Table porta il verde negli spazi interni<\/title>\n<meta name=\"description\" content=\"Rievocare un giardino negli spazi interni si pu\u00f2: ecco The Garden Table, il nuovo tavolo firmato da Cosentino.\" \/>\n<meta name=\"robots\" content=\"index, follow, max-snippet:-1, max-image-preview:large, max-video-preview:-1\" \/>\n<link rel=\"canonical\" href=\"https:\/\/www.matrix4design.com\/it\/design\/the-garden-table-porta-il-verde-negli-spazi-interni\/\" \/>\n<meta property=\"og:locale\" content=\"it_IT\" \/>\n<meta property=\"og:type\" content=\"article\" \/>\n<meta property=\"og:title\" content=\"The Garden Table porta il verde negli spazi interni\" \/>\n<meta property=\"og:description\" content=\"Rievocare un giardino negli spazi interni si pu\u00f2: ecco The Garden Table, il nuovo tavolo firmato da Cosentino.\" \/>\n<meta property=\"og:url\" content=\"https:\/\/www.matrix4design.com\/it\/design\/the-garden-table-porta-il-verde-negli-spazi-interni\/\" \/>\n<meta property=\"og:site_name\" content=\"Matrix4Design\" \/>\n<meta property=\"article:publisher\" content=\"https:\/\/www.facebook.com\/matrix4designmagazine\/\" \/>\n<meta property=\"article:published_time\" content=\"2023-01-18T09:00:44+00:00\" \/>\n<meta property=\"article:modified_time\" content=\"2023-01-26T09:56:14+00:00\" \/>\n<meta property=\"og:image\" content=\"https:\/\/www.matrix4design.com\/wp-content\/uploads\/2023\/01\/unnamed-1.png\" \/>\n\t<meta property=\"og:image:width\" content=\"857\" \/>\n\t<meta property=\"og:image:height\" content=\"571\" \/>\n\t<meta property=\"og:image:type\" content=\"image\/png\" \/>\n<meta name=\"author\" content=\"Redazione\" \/>\n<meta name=\"twitter:card\" content=\"summary_large_image\" \/>\n<meta name=\"twitter:label1\" content=\"Scritto da\" \/>\n\t<meta name=\"twitter:data1\" content=\"Redazione\" \/>\n\t<meta name=\"twitter:label2\" content=\"Tempo di lettura stimato\" \/>\n\t<meta name=\"twitter:data2\" content=\"2 minuti\" \/>\n<script type=\"application\/ld+json\" class=\"yoast-schema-graph\">{\"@context\":\"https:\/\/schema.org\",\"@graph\":[{\"@type\":\"Article\",\"@id\":\"https:\/\/www.matrix4design.com\/it\/design\/the-garden-table-porta-il-verde-negli-spazi-interni\/#article\",\"isPartOf\":{\"@id\":\"https:\/\/www.matrix4design.com\/it\/design\/the-garden-table-porta-il-verde-negli-spazi-interni\/\"},\"author\":{\"name\":\"Redazione\",\"@id\":\"https:\/\/www.matrix4design.com\/it\/#\/schema\/person\/b2b6dd48f9d6892ca224742379951fa1\"},\"headline\":\"The Garden Table porta il verde negli spazi interni\",\"datePublished\":\"2023-01-18T09:00:44+00:00\",\"dateModified\":\"2023-01-26T09:56:14+00:00\",\"mainEntityOfPage\":{\"@id\":\"https:\/\/www.matrix4design.com\/it\/design\/the-garden-table-porta-il-verde-negli-spazi-interni\/\"},\"wordCount\":266,\"publisher\":{\"@id\":\"https:\/\/www.matrix4design.com\/it\/#organization\"},\"image\":{\"@id\":\"https:\/\/www.matrix4design.com\/it\/design\/the-garden-table-porta-il-verde-negli-spazi-interni\/#primaryimage\"},\"thumbnailUrl\":\"https:\/\/www.matrix4design.com\/wp-content\/uploads\/2023\/01\/unnamed-1.png\",\"articleSection\":[\"Design\",\"Design home\",\"Featured\"],\"inLanguage\":\"it-IT\"},{\"@type\":\"WebPage\",\"@id\":\"https:\/\/www.matrix4design.com\/it\/design\/the-garden-table-porta-il-verde-negli-spazi-interni\/\",\"url\":\"https:\/\/www.matrix4design.com\/it\/design\/the-garden-table-porta-il-verde-negli-spazi-interni\/\",\"name\":\"The Garden Table porta il verde negli spazi interni\",\"isPartOf\":{\"@id\":\"https:\/\/www.matrix4design.com\/it\/#website\"},\"primaryImageOfPage\":{\"@id\":\"https:\/\/www.matrix4design.com\/it\/design\/the-garden-table-porta-il-verde-negli-spazi-interni\/#primaryimage\"},\"image\":{\"@id\":\"https:\/\/www.matrix4design.com\/it\/design\/the-garden-table-porta-il-verde-negli-spazi-interni\/#primaryimage\"},\"thumbnailUrl\":\"https:\/\/www.matrix4design.com\/wp-content\/uploads\/2023\/01\/unnamed-1.png\",\"datePublished\":\"2023-01-18T09:00:44+00:00\",\"dateModified\":\"2023-01-26T09:56:14+00:00\",\"description\":\"Rievocare un giardino negli spazi interni si pu\u00f2: ecco The Garden Table, il nuovo tavolo firmato da Cosentino.\",\"breadcrumb\":{\"@id\":\"https:\/\/www.matrix4design.com\/it\/design\/the-garden-table-porta-il-verde-negli-spazi-interni\/#breadcrumb\"},\"inLanguage\":\"it-IT\",\"potentialAction\":[{\"@type\":\"ReadAction\",\"target\":[\"https:\/\/www.matrix4design.com\/it\/design\/the-garden-table-porta-il-verde-negli-spazi-interni\/\"]}]},{\"@type\":\"ImageObject\",\"inLanguage\":\"it-IT\",\"@id\":\"https:\/\/www.matrix4design.com\/it\/design\/the-garden-table-porta-il-verde-negli-spazi-interni\/#primaryimage\",\"url\":\"https:\/\/www.matrix4design.com\/wp-content\/uploads\/2023\/01\/unnamed-1.png\",\"contentUrl\":\"https:\/\/www.matrix4design.com\/wp-content\/uploads\/2023\/01\/unnamed-1.png\",\"width\":857,\"height\":571},{\"@type\":\"BreadcrumbList\",\"@id\":\"https:\/\/www.matrix4design.com\/it\/design\/the-garden-table-porta-il-verde-negli-spazi-interni\/#breadcrumb\",\"itemListElement\":[{\"@type\":\"ListItem\",\"position\":1,\"name\":\"Home\",\"item\":\"https:\/\/www.matrix4design.com\/it\/\"},{\"@type\":\"ListItem\",\"position\":2,\"name\":\"The Garden Table porta il verde negli spazi interni\"}]},{\"@type\":\"WebSite\",\"@id\":\"https:\/\/www.matrix4design.com\/it\/#website\",\"url\":\"https:\/\/www.matrix4design.com\/it\/\",\"name\":\"Matrix4Design\",\"description\":\"Digital architecture and design b2b magazine\",\"publisher\":{\"@id\":\"https:\/\/www.matrix4design.com\/it\/#organization\"},\"potentialAction\":[{\"@type\":\"SearchAction\",\"target\":{\"@type\":\"EntryPoint\",\"urlTemplate\":\"https:\/\/www.matrix4design.com\/it\/?s={search_term_string}\"},\"query-input\":{\"@type\":\"PropertyValueSpecification\",\"valueRequired\":true,\"valueName\":\"search_term_string\"}}],\"inLanguage\":\"it-IT\"},{\"@type\":\"Organization\",\"@id\":\"https:\/\/www.matrix4design.com\/it\/#organization\",\"name\":\"Matrix4Design\",\"url\":\"https:\/\/www.matrix4design.com\/it\/\",\"logo\":{\"@type\":\"ImageObject\",\"inLanguage\":\"it-IT\",\"@id\":\"https:\/\/www.matrix4design.com\/it\/#\/schema\/logo\/image\/\",\"url\":\"https:\/\/www.matrix4design.com\/wp-content\/uploads\/2020\/04\/logo_matrix4design.png\",\"contentUrl\":\"https:\/\/www.matrix4design.com\/wp-content\/uploads\/2020\/04\/logo_matrix4design.png\",\"width\":804,\"height\":114,\"caption\":\"Matrix4Design\"},\"image\":{\"@id\":\"https:\/\/www.matrix4design.com\/it\/#\/schema\/logo\/image\/\"},\"sameAs\":[\"https:\/\/www.facebook.com\/matrix4designmagazine\/\",\"https:\/\/www.instagram.com\/matrix4designmagazine\/\",\"https:\/\/www.youtube.com\/channel\/UCtuhSSrP3MOO_URZgv8mQ1A\"]},{\"@type\":\"Person\",\"@id\":\"https:\/\/www.matrix4design.com\/it\/#\/schema\/person\/b2b6dd48f9d6892ca224742379951fa1\",\"name\":\"Redazione\",\"image\":{\"@type\":\"ImageObject\",\"inLanguage\":\"it-IT\",\"@id\":\"https:\/\/www.matrix4design.com\/it\/#\/schema\/person\/image\/\",\"url\":\"https:\/\/www.matrix4design.com\/wp-content\/uploads\/2023\/01\/logo_M4D_2023-96x96.jpg\",\"contentUrl\":\"https:\/\/www.matrix4design.com\/wp-content\/uploads\/2023\/01\/logo_M4D_2023-96x96.jpg\",\"caption\":\"Redazione\"},\"url\":\"https:\/\/www.matrix4design.com\/it\/author\/redazione\/\"}]}<\/script>\n<!-- \/ Yoast SEO plugin. -->","yoast_head_json":{"title":"The Garden Table porta il verde negli spazi interni","description":"Rievocare un giardino negli spazi interni si pu\u00f2: ecco The Garden Table, il nuovo tavolo firmato da Cosentino.","robots":{"index":"index","follow":"follow","max-snippet":"max-snippet:-1","max-image-preview":"max-image-preview:large","max-video-preview":"max-video-preview:-1"},"canonical":"https:\/\/www.matrix4design.com\/it\/design\/the-garden-table-porta-il-verde-negli-spazi-interni\/","og_locale":"it_IT","og_type":"article","og_title":"The Garden Table porta il verde negli spazi interni","og_description":"Rievocare un giardino negli spazi interni si pu\u00f2: ecco The Garden Table, il nuovo tavolo firmato da Cosentino.","og_url":"https:\/\/www.matrix4design.com\/it\/design\/the-garden-table-porta-il-verde-negli-spazi-interni\/","og_site_name":"Matrix4Design","article_publisher":"https:\/\/www.facebook.com\/matrix4designmagazine\/","article_published_time":"2023-01-18T09:00:44+00:00","article_modified_time":"2023-01-26T09:56:14+00:00","og_image":[{"width":857,"height":571,"url":"https:\/\/www.matrix4design.com\/wp-content\/uploads\/2023\/01\/unnamed-1.png","type":"image\/png"}],"author":"Redazione","twitter_card":"summary_large_image","twitter_misc":{"Scritto da":"Redazione","Tempo di lettura stimato":"2 minuti"},"schema":{"@context":"https:\/\/schema.org","@graph":[{"@type":"Article","@id":"https:\/\/www.matrix4design.com\/it\/design\/the-garden-table-porta-il-verde-negli-spazi-interni\/#article","isPartOf":{"@id":"https:\/\/www.matrix4design.com\/it\/design\/the-garden-table-porta-il-verde-negli-spazi-interni\/"},"author":{"name":"Redazione","@id":"https:\/\/www.matrix4design.com\/it\/#\/schema\/person\/b2b6dd48f9d6892ca224742379951fa1"},"headline":"The Garden Table porta il verde negli spazi interni","datePublished":"2023-01-18T09:00:44+00:00","dateModified":"2023-01-26T09:56:14+00:00","mainEntityOfPage":{"@id":"https:\/\/www.matrix4design.com\/it\/design\/the-garden-table-porta-il-verde-negli-spazi-interni\/"},"wordCount":266,"publisher":{"@id":"https:\/\/www.matrix4design.com\/it\/#organization"},"image":{"@id":"https:\/\/www.matrix4design.com\/it\/design\/the-garden-table-porta-il-verde-negli-spazi-interni\/#primaryimage"},"thumbnailUrl":"https:\/\/www.matrix4design.com\/wp-content\/uploads\/2023\/01\/unnamed-1.png","articleSection":["Design","Design home","Featured"],"inLanguage":"it-IT"},{"@type":"WebPage","@id":"https:\/\/www.matrix4design.com\/it\/design\/the-garden-table-porta-il-verde-negli-spazi-interni\/","url":"https:\/\/www.matrix4design.com\/it\/design\/the-garden-table-porta-il-verde-negli-spazi-interni\/","name":"The Garden Table porta il verde negli spazi interni","isPartOf":{"@id":"https:\/\/www.matrix4design.com\/it\/#website"},"primaryImageOfPage":{"@id":"https:\/\/www.matrix4design.com\/it\/design\/the-garden-table-porta-il-verde-negli-spazi-interni\/#primaryimage"},"image":{"@id":"https:\/\/www.matrix4design.com\/it\/design\/the-garden-table-porta-il-verde-negli-spazi-interni\/#primaryimage"},"thumbnailUrl":"https:\/\/www.matrix4design.com\/wp-content\/uploads\/2023\/01\/unnamed-1.png","datePublished":"2023-01-18T09:00:44+00:00","dateModified":"2023-01-26T09:56:14+00:00","description":"Rievocare un giardino negli spazi interni si pu\u00f2: ecco The Garden Table, il nuovo tavolo firmato da Cosentino.","breadcrumb":{"@id":"https:\/\/www.matrix4design.com\/it\/design\/the-garden-table-porta-il-verde-negli-spazi-interni\/#breadcrumb"},"inLanguage":"it-IT","potentialAction":[{"@type":"ReadAction","target":["https:\/\/www.matrix4design.com\/it\/design\/the-garden-table-porta-il-verde-negli-spazi-interni\/"]}]},{"@type":"ImageObject","inLanguage":"it-IT","@id":"https:\/\/www.matrix4design.com\/it\/design\/the-garden-table-porta-il-verde-negli-spazi-interni\/#primaryimage","url":"https:\/\/www.matrix4design.com\/wp-content\/uploads\/2023\/01\/unnamed-1.png","contentUrl":"https:\/\/www.matrix4design.com\/wp-content\/uploads\/2023\/01\/unnamed-1.png","width":857,"height":571},{"@type":"BreadcrumbList","@id":"https:\/\/www.matrix4design.com\/it\/design\/the-garden-table-porta-il-verde-negli-spazi-interni\/#breadcrumb","itemListElement":[{"@type":"ListItem","position":1,"name":"Home","item":"https:\/\/www.matrix4design.com\/it\/"},{"@type":"ListItem","position":2,"name":"The Garden Table porta il verde negli spazi interni"}]},{"@type":"WebSite","@id":"https:\/\/www.matrix4design.com\/it\/#website","url":"https:\/\/www.matrix4design.com\/it\/","name":"Matrix4Design","description":"Digital architecture and design b2b magazine","publisher":{"@id":"https:\/\/www.matrix4design.com\/it\/#organization"},"potentialAction":[{"@type":"SearchAction","target":{"@type":"EntryPoint","urlTemplate":"https:\/\/www.matrix4design.com\/it\/?s={search_term_string}"},"query-input":{"@type":"PropertyValueSpecification","valueRequired":true,"valueName":"search_term_string"}}],"inLanguage":"it-IT"},{"@type":"Organization","@id":"https:\/\/www.matrix4design.com\/it\/#organization","name":"Matrix4Design","url":"https:\/\/www.matrix4design.com\/it\/","logo":{"@type":"ImageObject","inLanguage":"it-IT","@id":"https:\/\/www.matrix4design.com\/it\/#\/schema\/logo\/image\/","url":"https:\/\/www.matrix4design.com\/wp-content\/uploads\/2020\/04\/logo_matrix4design.png","contentUrl":"https:\/\/www.matrix4design.com\/wp-content\/uploads\/2020\/04\/logo_matrix4design.png","width":804,"height":114,"caption":"Matrix4Design"},"image":{"@id":"https:\/\/www.matrix4design.com\/it\/#\/schema\/logo\/image\/"},"sameAs":["https:\/\/www.facebook.com\/matrix4designmagazine\/","https:\/\/www.instagram.com\/matrix4designmagazine\/","https:\/\/www.youtube.com\/channel\/UCtuhSSrP3MOO_URZgv8mQ1A"]},{"@type":"Person","@id":"https:\/\/www.matrix4design.com\/it\/#\/schema\/person\/b2b6dd48f9d6892ca224742379951fa1","name":"Redazione","image":{"@type":"ImageObject","inLanguage":"it-IT","@id":"https:\/\/www.matrix4design.com\/it\/#\/schema\/person\/image\/","url":"https:\/\/www.matrix4design.com\/wp-content\/uploads\/2023\/01\/logo_M4D_2023-96x96.jpg","contentUrl":"https:\/\/www.matrix4design.com\/wp-content\/uploads\/2023\/01\/logo_M4D_2023-96x96.jpg","caption":"Redazione"},"url":"https:\/\/www.matrix4design.com\/it\/author\/redazione\/"}]}},"_links":{"self":[{"href":"https:\/\/www.matrix4design.com\/it\/wp-json\/wp\/v2\/posts\/93331","targetHints":{"allow":["GET"]}}],"collection":[{"href":"https:\/\/www.matrix4design.com\/it\/wp-json\/wp\/v2\/posts"}],"about":[{"href":"https:\/\/www.matrix4design.com\/it\/wp-json\/wp\/v2\/types\/post"}],"author":[{"embeddable":true,"href":"https:\/\/www.matrix4design.com\/it\/wp-json\/wp\/v2\/users\/6"}],"replies":[{"embeddable":true,"href":"https:\/\/www.matrix4design.com\/it\/wp-json\/wp\/v2\/comments?post=93331"}],"version-history":[{"count":1,"href":"https:\/\/www.matrix4design.com\/it\/wp-json\/wp\/v2\/posts\/93331\/revisions"}],"predecessor-version":[{"id":94474,"href":"https:\/\/www.matrix4design.com\/it\/wp-json\/wp\/v2\/posts\/93331\/revisions\/94474"}],"wp:featuredmedia":[{"embeddable":true,"href":"https:\/\/www.matrix4design.com\/it\/wp-json\/wp\/v2\/media\/94473"}],"wp:attachment":[{"href":"https:\/\/www.matrix4design.com\/it\/wp-json\/wp\/v2\/media?parent=93331"}],"wp:term":[{"taxonomy":"category","embeddable":true,"href":"https:\/\/www.matrix4design.com\/it\/wp-json\/wp\/v2\/categories?post=93331"},{"taxonomy":"post_tag","embeddable":true,"href":"https:\/\/www.matrix4design.com\/it\/wp-json\/wp\/v2\/tags?post=93331"}],"curies":[{"name":"wp","href":"https:\/\/api.w.org\/{rel}","templated":true}]}}