{"id":93423,"date":"2023-01-13T10:00:56","date_gmt":"2023-01-13T09:00:56","guid":{"rendered":"https:\/\/www.matrix4design.com\/?p=93423"},"modified":"2023-01-26T11:58:49","modified_gmt":"2023-01-26T10:58:49","slug":"un-relax-zen-con-le-nuove-docce-megius","status":"publish","type":"post","link":"https:\/\/www.matrix4design.com\/it\/design\/un-relax-zen-con-le-nuove-docce-megius\/","title":{"rendered":"Il relax Zen con le nuove docce Megius"},"content":{"rendered":"<p>&nbsp;<\/p>\n<p>La doccia <strong>Zen<\/strong> \u00e8 ormai diventata un&#8217;icona dell&#8217;azienda <a href=\"http:\/\/www.megius.com\/\" target=\"_blank\" rel=\"noopener\"><strong>Megius<\/strong> <\/a>per le sue particolarit\u00e0. Essa, infatti, viene definita la <em>&#8220;<a href=\"https:\/\/www.matrix4design.com\/it\/design\/megius-la-serie-zen-si-veste-a-colori\/\" target=\"_blank\" rel=\"noopener\">doccia impossibile<\/a>&#8220;<\/em> dato che ha raggiunto il punto pi\u00f9 alto nella <strong>miniaturizzazione degli elementi di scorrimento<\/strong>. Ora, grazie alle sue due novit\u00e0, <strong>Zen Idro e Zen Hammam<\/strong>, la collezione approda anche nel mondo wellness per un relax decisamente&#8230;zen!<\/p>\n<p><img loading=\"lazy\" decoding=\"async\" class=\"aligncenter wp-image-93428 size-full\" src=\"https:\/\/www.matrix4design.com\/wp-content\/uploads\/2023\/01\/Zen_Hammam_01.jpg\" alt=\"zen\" width=\"1000\" height=\"1000\" \/><\/p>\n<p>Il mood stilistico dei nuovi prodotti richiama e riprende il profilo minimale della doccia Zen originale, esaltando ancora di pi\u00f9 il <strong>vetro<\/strong> attraverso giochi di trasparenze e <strong>mensole fisse portaoggetti<\/strong>, disponibili in pi\u00f9 dimensioni e direttamente applicate sulla superficie. Il <strong>vetro di 6 mm<\/strong>, con <strong>protective<\/strong> incluso, inoltre, dona luce all&#8217;intera struttura rendendola perfetta per qualsiasi ambiente dalla parete all&#8217;angolo fino alla nicchia con la porta a battente centrale.<\/p>\n<p><img loading=\"lazy\" decoding=\"async\" class=\"aligncenter wp-image-93424 size-full\" src=\"https:\/\/www.matrix4design.com\/wp-content\/uploads\/2023\/01\/DSC2572_ok.jpg\" alt=\"\" width=\"1321\" height=\"1981\" \/><\/p>\n<p>Il resto della doccia \u00e8 composta da <strong>pannelli Layer multistrato in alluminio <\/strong>e un<strong> rivestimento idrorepellente<\/strong>. Entrambe i modelli presentano la <strong>seduta integrata in legno Iroko<\/strong> per godersi in tutta comodit\u00e0 l&#8217;esperienza di benessere.<\/p>\n<p><img loading=\"lazy\" decoding=\"async\" class=\"aligncenter wp-image-93426 size-full\" src=\"https:\/\/www.matrix4design.com\/wp-content\/uploads\/2023\/01\/DSC2578_ok.jpg\" alt=\"\" width=\"1925\" height=\"1302\" \/><\/p>\n<p>Nella versione <strong>Idro<\/strong> sono presenti la doccia a mano, gli <strong>idrogetti dorsali<\/strong>, un <strong>soffione multifunzione<\/strong> 20x20cm, la <strong>cascata<\/strong> e tutte le funzioni acqua. Nell&#8217;<strong>Hammam<\/strong>, invece, oltre alle funzioni gi\u00e0 presenti nella doccia Idro, si aggiunge un <strong>pulsante dedicato al bagno turco e cromoterapia<\/strong>. Inoltre, vi \u00e8 la possibilit\u00e0 di inserire il Bluetooth.<\/p>\n<p><img loading=\"lazy\" decoding=\"async\" class=\"aligncenter wp-image-93427 size-full\" src=\"https:\/\/www.matrix4design.com\/wp-content\/uploads\/2023\/01\/DSC2575_ok-1.jpg\" alt=\"\" width=\"1246\" height=\"1869\" \/><\/p>\n<p>Le due versioni sono disponibili sia in bianco che in nero e possono essere\u00a0installate a pavimento, su piatto doccia Technart di Megius o su qualsiasi piatto doccia.<\/p>\n","protected":false},"excerpt":{"rendered":"<p>&nbsp; La doccia Zen \u00e8 ormai diventata un&#8217;icona dell&#8217;azienda Megius per le sue particolarit\u00e0. Essa, infatti, viene definita la &#8220;doccia impossibile&#8220; dato che ha raggiunto il punto pi\u00f9 alto nella miniaturizzazione degli elementi di scorrimento. Ora, grazie alle sue due novit\u00e0, Zen Idro e Zen Hammam, la collezione approda anche nel mondo wellness per un [&hellip;]<\/p>\n","protected":false},"author":6,"featured_media":94556,"comment_status":"closed","ping_status":"closed","sticky":false,"template":"","format":"standard","meta":{"_acf_changed":false,"footnotes":""},"categories":[366,418,368,379],"tags":[],"class_list":{"0":"post-93423","1":"post","2":"type-post","3":"status-publish","4":"format-standard","5":"has-post-thumbnail","7":"category-design","8":"category-design-home","9":"category-featured","10":"category-focus-home"},"acf":[],"yoast_head":"<!-- This site is optimized with the Yoast SEO plugin v27.0 - https:\/\/yoast.com\/product\/yoast-seo-wordpress\/ -->\n<title>Il relax Zen con le nuove docce Megius<\/title>\n<meta name=\"description\" content=\"Megius arricchisce l&#039;iconica collezione con la doccia Zen Idro e la doccia Zen Hammam pensate appositamente per il mondo wellness.\" \/>\n<meta name=\"robots\" content=\"index, follow, max-snippet:-1, max-image-preview:large, max-video-preview:-1\" \/>\n<link rel=\"canonical\" href=\"https:\/\/www.matrix4design.com\/it\/design\/un-relax-zen-con-le-nuove-docce-megius\/\" \/>\n<meta property=\"og:locale\" content=\"it_IT\" \/>\n<meta property=\"og:type\" content=\"article\" \/>\n<meta property=\"og:title\" content=\"Il relax Zen con le nuove docce Megius\" \/>\n<meta property=\"og:description\" content=\"Megius arricchisce l&#039;iconica collezione con la doccia Zen Idro e la doccia Zen Hammam pensate appositamente per il mondo wellness.\" \/>\n<meta property=\"og:url\" content=\"https:\/\/www.matrix4design.com\/it\/design\/un-relax-zen-con-le-nuove-docce-megius\/\" \/>\n<meta property=\"og:site_name\" content=\"Matrix4Design\" \/>\n<meta property=\"article:publisher\" content=\"https:\/\/www.facebook.com\/matrix4designmagazine\/\" \/>\n<meta property=\"article:published_time\" content=\"2023-01-13T09:00:56+00:00\" \/>\n<meta property=\"article:modified_time\" content=\"2023-01-26T10:58:49+00:00\" \/>\n<meta property=\"og:image\" content=\"https:\/\/www.matrix4design.com\/wp-content\/uploads\/2023\/01\/Zen_Hammam_01-1.jpg\" \/>\n\t<meta property=\"og:image:width\" content=\"1000\" \/>\n\t<meta property=\"og:image:height\" content=\"1000\" \/>\n\t<meta property=\"og:image:type\" content=\"image\/jpeg\" \/>\n<meta name=\"author\" content=\"Redazione\" \/>\n<meta name=\"twitter:card\" content=\"summary_large_image\" \/>\n<meta name=\"twitter:label1\" content=\"Scritto da\" \/>\n\t<meta name=\"twitter:data1\" content=\"Redazione\" \/>\n\t<meta name=\"twitter:label2\" content=\"Tempo di lettura stimato\" \/>\n\t<meta name=\"twitter:data2\" content=\"3 minuti\" \/>\n<script type=\"application\/ld+json\" class=\"yoast-schema-graph\">{\"@context\":\"https:\/\/schema.org\",\"@graph\":[{\"@type\":\"Article\",\"@id\":\"https:\/\/www.matrix4design.com\/it\/design\/un-relax-zen-con-le-nuove-docce-megius\/#article\",\"isPartOf\":{\"@id\":\"https:\/\/www.matrix4design.com\/it\/design\/un-relax-zen-con-le-nuove-docce-megius\/\"},\"author\":{\"name\":\"Redazione\",\"@id\":\"https:\/\/www.matrix4design.com\/it\/#\/schema\/person\/b2b6dd48f9d6892ca224742379951fa1\"},\"headline\":\"Il relax Zen con le nuove docce Megius\",\"datePublished\":\"2023-01-13T09:00:56+00:00\",\"dateModified\":\"2023-01-26T10:58:49+00:00\",\"mainEntityOfPage\":{\"@id\":\"https:\/\/www.matrix4design.com\/it\/design\/un-relax-zen-con-le-nuove-docce-megius\/\"},\"wordCount\":252,\"publisher\":{\"@id\":\"https:\/\/www.matrix4design.com\/it\/#organization\"},\"image\":{\"@id\":\"https:\/\/www.matrix4design.com\/it\/design\/un-relax-zen-con-le-nuove-docce-megius\/#primaryimage\"},\"thumbnailUrl\":\"https:\/\/www.matrix4design.com\/wp-content\/uploads\/2023\/01\/Zen_Hammam_01-1.jpg\",\"articleSection\":[\"Design\",\"Design home\",\"Featured\",\"Focus home\"],\"inLanguage\":\"it-IT\"},{\"@type\":\"WebPage\",\"@id\":\"https:\/\/www.matrix4design.com\/it\/design\/un-relax-zen-con-le-nuove-docce-megius\/\",\"url\":\"https:\/\/www.matrix4design.com\/it\/design\/un-relax-zen-con-le-nuove-docce-megius\/\",\"name\":\"Il relax Zen con le nuove docce Megius\",\"isPartOf\":{\"@id\":\"https:\/\/www.matrix4design.com\/it\/#website\"},\"primaryImageOfPage\":{\"@id\":\"https:\/\/www.matrix4design.com\/it\/design\/un-relax-zen-con-le-nuove-docce-megius\/#primaryimage\"},\"image\":{\"@id\":\"https:\/\/www.matrix4design.com\/it\/design\/un-relax-zen-con-le-nuove-docce-megius\/#primaryimage\"},\"thumbnailUrl\":\"https:\/\/www.matrix4design.com\/wp-content\/uploads\/2023\/01\/Zen_Hammam_01-1.jpg\",\"datePublished\":\"2023-01-13T09:00:56+00:00\",\"dateModified\":\"2023-01-26T10:58:49+00:00\",\"description\":\"Megius arricchisce l'iconica collezione con la doccia Zen Idro e la doccia Zen Hammam pensate appositamente per il mondo wellness.\",\"breadcrumb\":{\"@id\":\"https:\/\/www.matrix4design.com\/it\/design\/un-relax-zen-con-le-nuove-docce-megius\/#breadcrumb\"},\"inLanguage\":\"it-IT\",\"potentialAction\":[{\"@type\":\"ReadAction\",\"target\":[\"https:\/\/www.matrix4design.com\/it\/design\/un-relax-zen-con-le-nuove-docce-megius\/\"]}]},{\"@type\":\"ImageObject\",\"inLanguage\":\"it-IT\",\"@id\":\"https:\/\/www.matrix4design.com\/it\/design\/un-relax-zen-con-le-nuove-docce-megius\/#primaryimage\",\"url\":\"https:\/\/www.matrix4design.com\/wp-content\/uploads\/2023\/01\/Zen_Hammam_01-1.jpg\",\"contentUrl\":\"https:\/\/www.matrix4design.com\/wp-content\/uploads\/2023\/01\/Zen_Hammam_01-1.jpg\",\"width\":1000,\"height\":1000},{\"@type\":\"BreadcrumbList\",\"@id\":\"https:\/\/www.matrix4design.com\/it\/design\/un-relax-zen-con-le-nuove-docce-megius\/#breadcrumb\",\"itemListElement\":[{\"@type\":\"ListItem\",\"position\":1,\"name\":\"Home\",\"item\":\"https:\/\/www.matrix4design.com\/it\/\"},{\"@type\":\"ListItem\",\"position\":2,\"name\":\"Il relax Zen con le nuove docce Megius\"}]},{\"@type\":\"WebSite\",\"@id\":\"https:\/\/www.matrix4design.com\/it\/#website\",\"url\":\"https:\/\/www.matrix4design.com\/it\/\",\"name\":\"Matrix4Design\",\"description\":\"Digital architecture and design b2b magazine\",\"publisher\":{\"@id\":\"https:\/\/www.matrix4design.com\/it\/#organization\"},\"potentialAction\":[{\"@type\":\"SearchAction\",\"target\":{\"@type\":\"EntryPoint\",\"urlTemplate\":\"https:\/\/www.matrix4design.com\/it\/?s={search_term_string}\"},\"query-input\":{\"@type\":\"PropertyValueSpecification\",\"valueRequired\":true,\"valueName\":\"search_term_string\"}}],\"inLanguage\":\"it-IT\"},{\"@type\":\"Organization\",\"@id\":\"https:\/\/www.matrix4design.com\/it\/#organization\",\"name\":\"Matrix4Design\",\"url\":\"https:\/\/www.matrix4design.com\/it\/\",\"logo\":{\"@type\":\"ImageObject\",\"inLanguage\":\"it-IT\",\"@id\":\"https:\/\/www.matrix4design.com\/it\/#\/schema\/logo\/image\/\",\"url\":\"https:\/\/www.matrix4design.com\/wp-content\/uploads\/2020\/04\/logo_matrix4design.png\",\"contentUrl\":\"https:\/\/www.matrix4design.com\/wp-content\/uploads\/2020\/04\/logo_matrix4design.png\",\"width\":804,\"height\":114,\"caption\":\"Matrix4Design\"},\"image\":{\"@id\":\"https:\/\/www.matrix4design.com\/it\/#\/schema\/logo\/image\/\"},\"sameAs\":[\"https:\/\/www.facebook.com\/matrix4designmagazine\/\",\"https:\/\/www.instagram.com\/matrix4designmagazine\/\",\"https:\/\/www.youtube.com\/channel\/UCtuhSSrP3MOO_URZgv8mQ1A\"]},{\"@type\":\"Person\",\"@id\":\"https:\/\/www.matrix4design.com\/it\/#\/schema\/person\/b2b6dd48f9d6892ca224742379951fa1\",\"name\":\"Redazione\",\"image\":{\"@type\":\"ImageObject\",\"inLanguage\":\"it-IT\",\"@id\":\"https:\/\/www.matrix4design.com\/it\/#\/schema\/person\/image\/\",\"url\":\"https:\/\/www.matrix4design.com\/wp-content\/uploads\/2023\/01\/logo_M4D_2023-96x96.jpg\",\"contentUrl\":\"https:\/\/www.matrix4design.com\/wp-content\/uploads\/2023\/01\/logo_M4D_2023-96x96.jpg\",\"caption\":\"Redazione\"},\"url\":\"https:\/\/www.matrix4design.com\/it\/author\/redazione\/\"}]}<\/script>\n<!-- \/ Yoast SEO plugin. -->","yoast_head_json":{"title":"Il relax Zen con le nuove docce Megius","description":"Megius arricchisce l'iconica collezione con la doccia Zen Idro e la doccia Zen Hammam pensate appositamente per il mondo wellness.","robots":{"index":"index","follow":"follow","max-snippet":"max-snippet:-1","max-image-preview":"max-image-preview:large","max-video-preview":"max-video-preview:-1"},"canonical":"https:\/\/www.matrix4design.com\/it\/design\/un-relax-zen-con-le-nuove-docce-megius\/","og_locale":"it_IT","og_type":"article","og_title":"Il relax Zen con le nuove docce Megius","og_description":"Megius arricchisce l'iconica collezione con la doccia Zen Idro e la doccia Zen Hammam pensate appositamente per il mondo wellness.","og_url":"https:\/\/www.matrix4design.com\/it\/design\/un-relax-zen-con-le-nuove-docce-megius\/","og_site_name":"Matrix4Design","article_publisher":"https:\/\/www.facebook.com\/matrix4designmagazine\/","article_published_time":"2023-01-13T09:00:56+00:00","article_modified_time":"2023-01-26T10:58:49+00:00","og_image":[{"width":1000,"height":1000,"url":"https:\/\/www.matrix4design.com\/wp-content\/uploads\/2023\/01\/Zen_Hammam_01-1.jpg","type":"image\/jpeg"}],"author":"Redazione","twitter_card":"summary_large_image","twitter_misc":{"Scritto da":"Redazione","Tempo di lettura stimato":"3 minuti"},"schema":{"@context":"https:\/\/schema.org","@graph":[{"@type":"Article","@id":"https:\/\/www.matrix4design.com\/it\/design\/un-relax-zen-con-le-nuove-docce-megius\/#article","isPartOf":{"@id":"https:\/\/www.matrix4design.com\/it\/design\/un-relax-zen-con-le-nuove-docce-megius\/"},"author":{"name":"Redazione","@id":"https:\/\/www.matrix4design.com\/it\/#\/schema\/person\/b2b6dd48f9d6892ca224742379951fa1"},"headline":"Il relax Zen con le nuove docce Megius","datePublished":"2023-01-13T09:00:56+00:00","dateModified":"2023-01-26T10:58:49+00:00","mainEntityOfPage":{"@id":"https:\/\/www.matrix4design.com\/it\/design\/un-relax-zen-con-le-nuove-docce-megius\/"},"wordCount":252,"publisher":{"@id":"https:\/\/www.matrix4design.com\/it\/#organization"},"image":{"@id":"https:\/\/www.matrix4design.com\/it\/design\/un-relax-zen-con-le-nuove-docce-megius\/#primaryimage"},"thumbnailUrl":"https:\/\/www.matrix4design.com\/wp-content\/uploads\/2023\/01\/Zen_Hammam_01-1.jpg","articleSection":["Design","Design home","Featured","Focus home"],"inLanguage":"it-IT"},{"@type":"WebPage","@id":"https:\/\/www.matrix4design.com\/it\/design\/un-relax-zen-con-le-nuove-docce-megius\/","url":"https:\/\/www.matrix4design.com\/it\/design\/un-relax-zen-con-le-nuove-docce-megius\/","name":"Il relax Zen con le nuove docce Megius","isPartOf":{"@id":"https:\/\/www.matrix4design.com\/it\/#website"},"primaryImageOfPage":{"@id":"https:\/\/www.matrix4design.com\/it\/design\/un-relax-zen-con-le-nuove-docce-megius\/#primaryimage"},"image":{"@id":"https:\/\/www.matrix4design.com\/it\/design\/un-relax-zen-con-le-nuove-docce-megius\/#primaryimage"},"thumbnailUrl":"https:\/\/www.matrix4design.com\/wp-content\/uploads\/2023\/01\/Zen_Hammam_01-1.jpg","datePublished":"2023-01-13T09:00:56+00:00","dateModified":"2023-01-26T10:58:49+00:00","description":"Megius arricchisce l'iconica collezione con la doccia Zen Idro e la doccia Zen Hammam pensate appositamente per il mondo wellness.","breadcrumb":{"@id":"https:\/\/www.matrix4design.com\/it\/design\/un-relax-zen-con-le-nuove-docce-megius\/#breadcrumb"},"inLanguage":"it-IT","potentialAction":[{"@type":"ReadAction","target":["https:\/\/www.matrix4design.com\/it\/design\/un-relax-zen-con-le-nuove-docce-megius\/"]}]},{"@type":"ImageObject","inLanguage":"it-IT","@id":"https:\/\/www.matrix4design.com\/it\/design\/un-relax-zen-con-le-nuove-docce-megius\/#primaryimage","url":"https:\/\/www.matrix4design.com\/wp-content\/uploads\/2023\/01\/Zen_Hammam_01-1.jpg","contentUrl":"https:\/\/www.matrix4design.com\/wp-content\/uploads\/2023\/01\/Zen_Hammam_01-1.jpg","width":1000,"height":1000},{"@type":"BreadcrumbList","@id":"https:\/\/www.matrix4design.com\/it\/design\/un-relax-zen-con-le-nuove-docce-megius\/#breadcrumb","itemListElement":[{"@type":"ListItem","position":1,"name":"Home","item":"https:\/\/www.matrix4design.com\/it\/"},{"@type":"ListItem","position":2,"name":"Il relax Zen con le nuove docce Megius"}]},{"@type":"WebSite","@id":"https:\/\/www.matrix4design.com\/it\/#website","url":"https:\/\/www.matrix4design.com\/it\/","name":"Matrix4Design","description":"Digital architecture and design b2b magazine","publisher":{"@id":"https:\/\/www.matrix4design.com\/it\/#organization"},"potentialAction":[{"@type":"SearchAction","target":{"@type":"EntryPoint","urlTemplate":"https:\/\/www.matrix4design.com\/it\/?s={search_term_string}"},"query-input":{"@type":"PropertyValueSpecification","valueRequired":true,"valueName":"search_term_string"}}],"inLanguage":"it-IT"},{"@type":"Organization","@id":"https:\/\/www.matrix4design.com\/it\/#organization","name":"Matrix4Design","url":"https:\/\/www.matrix4design.com\/it\/","logo":{"@type":"ImageObject","inLanguage":"it-IT","@id":"https:\/\/www.matrix4design.com\/it\/#\/schema\/logo\/image\/","url":"https:\/\/www.matrix4design.com\/wp-content\/uploads\/2020\/04\/logo_matrix4design.png","contentUrl":"https:\/\/www.matrix4design.com\/wp-content\/uploads\/2020\/04\/logo_matrix4design.png","width":804,"height":114,"caption":"Matrix4Design"},"image":{"@id":"https:\/\/www.matrix4design.com\/it\/#\/schema\/logo\/image\/"},"sameAs":["https:\/\/www.facebook.com\/matrix4designmagazine\/","https:\/\/www.instagram.com\/matrix4designmagazine\/","https:\/\/www.youtube.com\/channel\/UCtuhSSrP3MOO_URZgv8mQ1A"]},{"@type":"Person","@id":"https:\/\/www.matrix4design.com\/it\/#\/schema\/person\/b2b6dd48f9d6892ca224742379951fa1","name":"Redazione","image":{"@type":"ImageObject","inLanguage":"it-IT","@id":"https:\/\/www.matrix4design.com\/it\/#\/schema\/person\/image\/","url":"https:\/\/www.matrix4design.com\/wp-content\/uploads\/2023\/01\/logo_M4D_2023-96x96.jpg","contentUrl":"https:\/\/www.matrix4design.com\/wp-content\/uploads\/2023\/01\/logo_M4D_2023-96x96.jpg","caption":"Redazione"},"url":"https:\/\/www.matrix4design.com\/it\/author\/redazione\/"}]}},"_links":{"self":[{"href":"https:\/\/www.matrix4design.com\/it\/wp-json\/wp\/v2\/posts\/93423","targetHints":{"allow":["GET"]}}],"collection":[{"href":"https:\/\/www.matrix4design.com\/it\/wp-json\/wp\/v2\/posts"}],"about":[{"href":"https:\/\/www.matrix4design.com\/it\/wp-json\/wp\/v2\/types\/post"}],"author":[{"embeddable":true,"href":"https:\/\/www.matrix4design.com\/it\/wp-json\/wp\/v2\/users\/6"}],"replies":[{"embeddable":true,"href":"https:\/\/www.matrix4design.com\/it\/wp-json\/wp\/v2\/comments?post=93423"}],"version-history":[{"count":1,"href":"https:\/\/www.matrix4design.com\/it\/wp-json\/wp\/v2\/posts\/93423\/revisions"}],"predecessor-version":[{"id":94524,"href":"https:\/\/www.matrix4design.com\/it\/wp-json\/wp\/v2\/posts\/93423\/revisions\/94524"}],"wp:featuredmedia":[{"embeddable":true,"href":"https:\/\/www.matrix4design.com\/it\/wp-json\/wp\/v2\/media\/94556"}],"wp:attachment":[{"href":"https:\/\/www.matrix4design.com\/it\/wp-json\/wp\/v2\/media?parent=93423"}],"wp:term":[{"taxonomy":"category","embeddable":true,"href":"https:\/\/www.matrix4design.com\/it\/wp-json\/wp\/v2\/categories?post=93423"},{"taxonomy":"post_tag","embeddable":true,"href":"https:\/\/www.matrix4design.com\/it\/wp-json\/wp\/v2\/tags?post=93423"}],"curies":[{"name":"wp","href":"https:\/\/api.w.org\/{rel}","templated":true}]}}