{"id":93580,"date":"2022-10-17T12:00:10","date_gmt":"2022-10-17T10:00:10","guid":{"rendered":"https:\/\/www.matrix4design.com\/?p=91416"},"modified":"2023-02-08T12:42:40","modified_gmt":"2023-02-08T11:42:40","slug":"un-architetto-italiano-a-roma-pechino-il-video-del-tour-2","status":"publish","type":"post","link":"https:\/\/www.matrix4design.com\/it\/architettura\/un-architetto-italiano-a-roma-pechino-il-video-del-tour-2\/","title":{"rendered":"Un (architetto) italiano a\u2026 Roma\/Pechino \u2013 IL VIDEO DEL TOUR con MAD"},"content":{"rendered":"<p>&nbsp;<\/p>\n<p>Gioved\u00ec 13 ottobre Matrix4Design \u00e8 salito su un treno per<strong> Roma<\/strong> e, una volta raggiunta la capitale, da l\u00ec ha spiccato (virtualmente) il volo per <strong>Pechino<\/strong>: il campanello che abbiamo suonato \u00e8 stato infatti quello della sede romana dello studio di architettura cinese <a href=\"http:\/\/www.i-mad.com\/\" target=\"_blank\" rel=\"noopener\"><strong>MAD Architects<\/strong><\/a>, dove ad accoglierci abbiamo trovato<strong> Andrea D&#8217;Antrassi<\/strong>, Associate Partner dello studio.<\/p>\n<p>In dialogo con la giornalista Laura Ragazzola, l\u2019architetto D&#8217;Antrassi, col suo carisma di professionista cittadino del mondo, ci ha portato alla scoperta del quartier generale europeo di questa blasonata firma della progettazione contemporanea, che proprio da Roma segue i suoi progetti italiani ed europei, tutti accomunati dallo slancio innovativo e aerodinamico che contraddistingue l&#8217;approccio rivoluzionario di MAD all&#8217;architettura.<\/p>\n<figure id=\"attachment_91418\" aria-describedby=\"caption-attachment-91418\" style=\"width: 800px\" class=\"wp-caption aligncenter\"><img loading=\"lazy\" decoding=\"async\" class=\"size-full wp-image-91418\" src=\"https:\/\/www.matrix4design.com\/wp-content\/uploads\/2022\/10\/1589373228225.jpg\" alt=\"\" width=\"800\" height=\"800\" srcset=\"https:\/\/www.matrix4design.com\/wp-content\/uploads\/2022\/10\/1589373228225.jpg 800w, https:\/\/www.matrix4design.com\/wp-content\/uploads\/2022\/10\/1589373228225-300x300.jpg 300w, https:\/\/www.matrix4design.com\/wp-content\/uploads\/2022\/10\/1589373228225-150x150.jpg 150w, https:\/\/www.matrix4design.com\/wp-content\/uploads\/2022\/10\/1589373228225-768x768.jpg 768w, https:\/\/www.matrix4design.com\/wp-content\/uploads\/2022\/10\/1589373228225-328x328.jpg 328w\" sizes=\"auto, (max-width: 800px) 100vw, 800px\" \/><figcaption id=\"caption-attachment-91418\" class=\"wp-caption-text\">Un ritratto dell&#8217;architetto Andrea D&#8217;Antrassi, Associate Partner di MAD Architects.<\/figcaption><\/figure>\n<p>L\u2019evento, sponsorizzato da <a href=\"https:\/\/www.bencore.it\/\" target=\"_blank\" rel=\"noopener\"><strong>Bencore<\/strong><\/a> e organizzato in collaborazione con <a href=\"http:\/\/www.superstudiogroup.com\/\" target=\"_blank\" rel=\"noopener\"><strong>Superstudio Group<\/strong><\/a>\u00a0con il patrocinio dell\u2019<a href=\"https:\/\/www.ordinearchitettivarese.it\/\" target=\"_blank\" rel=\"noopener\"><strong>Ordine degli Architetti di Varese<\/strong><\/a>, si \u00e8 svolto in diretta streaming sulla piattaforma\u00a0<strong>GoToWebinar<\/strong>. Il video \u00e8 disponibile da oggi qui e sul <a href=\"https:\/\/youtu.be\/OU3IAWQVX8U\" target=\"_blank\" rel=\"noopener\">canale Youtube<\/a> di Matrix4Design.<\/p>\n<p>Ma il nostro tour di scoperta non \u00e8 finito: continuate a seguirci per scoprire le prossime tappe!<\/p>\n","protected":false},"excerpt":{"rendered":"<p>&nbsp; Gioved\u00ec 13 ottobre Matrix4Design \u00e8 salito su un treno per Roma e, una volta raggiunta la capitale, da l\u00ec ha spiccato (virtualmente) il volo per Pechino: il campanello che abbiamo suonato \u00e8 stato infatti quello della sede romana dello studio di architettura cinese MAD Architects, dove ad accoglierci abbiamo trovato Andrea D&#8217;Antrassi, Associate Partner [&hellip;]<\/p>\n","protected":false},"author":6,"featured_media":91417,"comment_status":"closed","ping_status":"closed","sticky":false,"template":"","format":"video","meta":{"_acf_changed":false,"footnotes":""},"categories":[367,417,502,368,379,534],"tags":[470],"class_list":{"0":"post-93580","1":"post","2":"type-post","3":"status-publish","4":"format-video","5":"has-post-thumbnail","7":"category-architettura","8":"category-architettura-home","9":"category-architour","10":"category-featured","11":"category-focus-home","12":"category-video","13":"tag-un-architetto-italiano-a","14":"post_format-post-format-video"},"acf":[],"yoast_head":"<!-- This site is optimized with the Yoast SEO plugin v27.0 - https:\/\/yoast.com\/product\/yoast-seo-wordpress\/ -->\n<title>Un (architetto) italiano a\u2026 Roma\/Pechino \u2013 IL VIDEO DEL TOUR<\/title>\n<meta name=\"description\" content=\"Gioved\u00ec 13 ottobre Matrix4Design \u00e8 salito su un treno per Roma e da l\u00ec ha spiccato (virtualmente) il volo per Pechino: il campanello che abbiamo suonato \u00e8 stato infatti quello della sede romana dello studio cinese MAD Architects. Recupera il video!\" \/>\n<meta name=\"robots\" content=\"index, follow, max-snippet:-1, max-image-preview:large, max-video-preview:-1\" \/>\n<link rel=\"canonical\" href=\"https:\/\/www.matrix4design.com\/it\/architettura\/un-architetto-italiano-a-roma-pechino-il-video-del-tour-2\/\" \/>\n<meta property=\"og:locale\" content=\"it_IT\" \/>\n<meta property=\"og:type\" content=\"article\" \/>\n<meta property=\"og:title\" content=\"Un (architetto) italiano a\u2026 Roma\/Pechino \u2013 IL VIDEO DEL TOUR\" \/>\n<meta property=\"og:description\" content=\"Gioved\u00ec 13 ottobre Matrix4Design \u00e8 salito su un treno per Roma e da l\u00ec ha spiccato (virtualmente) il volo per Pechino: il campanello che abbiamo suonato \u00e8 stato infatti quello della sede romana dello studio cinese MAD Architects. Recupera il video!\" \/>\n<meta property=\"og:url\" content=\"https:\/\/www.matrix4design.com\/it\/architettura\/un-architetto-italiano-a-roma-pechino-il-video-del-tour-2\/\" \/>\n<meta property=\"og:site_name\" content=\"Matrix4Design\" \/>\n<meta property=\"article:publisher\" content=\"https:\/\/www.facebook.com\/matrix4designmagazine\/\" \/>\n<meta property=\"article:published_time\" content=\"2022-10-17T10:00:10+00:00\" \/>\n<meta property=\"article:modified_time\" content=\"2023-02-08T11:42:40+00:00\" \/>\n<meta property=\"og:image\" content=\"https:\/\/www.matrix4design.com\/wp-content\/uploads\/2022\/10\/FullSizeRender-1.jpg\" \/>\n\t<meta property=\"og:image:width\" content=\"1523\" \/>\n\t<meta property=\"og:image:height\" content=\"1646\" \/>\n\t<meta property=\"og:image:type\" content=\"image\/jpeg\" \/>\n<meta name=\"author\" content=\"Redazione\" \/>\n<meta name=\"twitter:card\" content=\"summary_large_image\" \/>\n<meta name=\"twitter:label1\" content=\"Scritto da\" \/>\n\t<meta name=\"twitter:data1\" content=\"Redazione\" \/>\n\t<meta name=\"twitter:label2\" content=\"Tempo di lettura stimato\" \/>\n\t<meta name=\"twitter:data2\" content=\"2 minuti\" \/>\n<script type=\"application\/ld+json\" class=\"yoast-schema-graph\">{\"@context\":\"https:\/\/schema.org\",\"@graph\":[{\"@type\":\"Article\",\"@id\":\"https:\/\/www.matrix4design.com\/it\/architettura\/un-architetto-italiano-a-roma-pechino-il-video-del-tour-2\/#article\",\"isPartOf\":{\"@id\":\"https:\/\/www.matrix4design.com\/it\/architettura\/un-architetto-italiano-a-roma-pechino-il-video-del-tour-2\/\"},\"author\":{\"name\":\"Redazione\",\"@id\":\"https:\/\/www.matrix4design.com\/it\/#\/schema\/person\/b2b6dd48f9d6892ca224742379951fa1\"},\"headline\":\"Un (architetto) italiano a\u2026 Roma\/Pechino \u2013 IL VIDEO DEL TOUR con MAD\",\"datePublished\":\"2022-10-17T10:00:10+00:00\",\"dateModified\":\"2023-02-08T11:42:40+00:00\",\"mainEntityOfPage\":{\"@id\":\"https:\/\/www.matrix4design.com\/it\/architettura\/un-architetto-italiano-a-roma-pechino-il-video-del-tour-2\/\"},\"wordCount\":207,\"publisher\":{\"@id\":\"https:\/\/www.matrix4design.com\/it\/#organization\"},\"image\":{\"@id\":\"https:\/\/www.matrix4design.com\/it\/architettura\/un-architetto-italiano-a-roma-pechino-il-video-del-tour-2\/#primaryimage\"},\"thumbnailUrl\":\"https:\/\/www.matrix4design.com\/wp-content\/uploads\/2022\/10\/FullSizeRender-1.jpg\",\"keywords\":[\"un architetto italiano a\"],\"articleSection\":[\"Architettura\",\"Architettura home\",\"Architour\",\"Featured\",\"Focus home\",\"Video\"],\"inLanguage\":\"it-IT\"},{\"@type\":\"WebPage\",\"@id\":\"https:\/\/www.matrix4design.com\/it\/architettura\/un-architetto-italiano-a-roma-pechino-il-video-del-tour-2\/\",\"url\":\"https:\/\/www.matrix4design.com\/it\/architettura\/un-architetto-italiano-a-roma-pechino-il-video-del-tour-2\/\",\"name\":\"Un (architetto) italiano a\u2026 Roma\/Pechino \u2013 IL VIDEO DEL TOUR\",\"isPartOf\":{\"@id\":\"https:\/\/www.matrix4design.com\/it\/#website\"},\"primaryImageOfPage\":{\"@id\":\"https:\/\/www.matrix4design.com\/it\/architettura\/un-architetto-italiano-a-roma-pechino-il-video-del-tour-2\/#primaryimage\"},\"image\":{\"@id\":\"https:\/\/www.matrix4design.com\/it\/architettura\/un-architetto-italiano-a-roma-pechino-il-video-del-tour-2\/#primaryimage\"},\"thumbnailUrl\":\"https:\/\/www.matrix4design.com\/wp-content\/uploads\/2022\/10\/FullSizeRender-1.jpg\",\"datePublished\":\"2022-10-17T10:00:10+00:00\",\"dateModified\":\"2023-02-08T11:42:40+00:00\",\"description\":\"Gioved\u00ec 13 ottobre Matrix4Design \u00e8 salito su un treno per Roma e da l\u00ec ha spiccato (virtualmente) il volo per Pechino: il campanello che abbiamo suonato \u00e8 stato infatti quello della sede romana dello studio cinese MAD Architects. Recupera il video!\",\"breadcrumb\":{\"@id\":\"https:\/\/www.matrix4design.com\/it\/architettura\/un-architetto-italiano-a-roma-pechino-il-video-del-tour-2\/#breadcrumb\"},\"inLanguage\":\"it-IT\",\"potentialAction\":[{\"@type\":\"ReadAction\",\"target\":[\"https:\/\/www.matrix4design.com\/it\/architettura\/un-architetto-italiano-a-roma-pechino-il-video-del-tour-2\/\"]}]},{\"@type\":\"ImageObject\",\"inLanguage\":\"it-IT\",\"@id\":\"https:\/\/www.matrix4design.com\/it\/architettura\/un-architetto-italiano-a-roma-pechino-il-video-del-tour-2\/#primaryimage\",\"url\":\"https:\/\/www.matrix4design.com\/wp-content\/uploads\/2022\/10\/FullSizeRender-1.jpg\",\"contentUrl\":\"https:\/\/www.matrix4design.com\/wp-content\/uploads\/2022\/10\/FullSizeRender-1.jpg\",\"width\":1523,\"height\":1646},{\"@type\":\"BreadcrumbList\",\"@id\":\"https:\/\/www.matrix4design.com\/it\/architettura\/un-architetto-italiano-a-roma-pechino-il-video-del-tour-2\/#breadcrumb\",\"itemListElement\":[{\"@type\":\"ListItem\",\"position\":1,\"name\":\"Home\",\"item\":\"https:\/\/www.matrix4design.com\/it\/\"},{\"@type\":\"ListItem\",\"position\":2,\"name\":\"Un (architetto) italiano a\u2026 Roma\/Pechino \u2013 IL VIDEO DEL TOUR con MAD\"}]},{\"@type\":\"WebSite\",\"@id\":\"https:\/\/www.matrix4design.com\/it\/#website\",\"url\":\"https:\/\/www.matrix4design.com\/it\/\",\"name\":\"Matrix4Design\",\"description\":\"Digital architecture and design b2b magazine\",\"publisher\":{\"@id\":\"https:\/\/www.matrix4design.com\/it\/#organization\"},\"potentialAction\":[{\"@type\":\"SearchAction\",\"target\":{\"@type\":\"EntryPoint\",\"urlTemplate\":\"https:\/\/www.matrix4design.com\/it\/?s={search_term_string}\"},\"query-input\":{\"@type\":\"PropertyValueSpecification\",\"valueRequired\":true,\"valueName\":\"search_term_string\"}}],\"inLanguage\":\"it-IT\"},{\"@type\":\"Organization\",\"@id\":\"https:\/\/www.matrix4design.com\/it\/#organization\",\"name\":\"Matrix4Design\",\"url\":\"https:\/\/www.matrix4design.com\/it\/\",\"logo\":{\"@type\":\"ImageObject\",\"inLanguage\":\"it-IT\",\"@id\":\"https:\/\/www.matrix4design.com\/it\/#\/schema\/logo\/image\/\",\"url\":\"https:\/\/www.matrix4design.com\/wp-content\/uploads\/2020\/04\/logo_matrix4design.png\",\"contentUrl\":\"https:\/\/www.matrix4design.com\/wp-content\/uploads\/2020\/04\/logo_matrix4design.png\",\"width\":804,\"height\":114,\"caption\":\"Matrix4Design\"},\"image\":{\"@id\":\"https:\/\/www.matrix4design.com\/it\/#\/schema\/logo\/image\/\"},\"sameAs\":[\"https:\/\/www.facebook.com\/matrix4designmagazine\/\",\"https:\/\/www.instagram.com\/matrix4designmagazine\/\",\"https:\/\/www.youtube.com\/channel\/UCtuhSSrP3MOO_URZgv8mQ1A\"]},{\"@type\":\"Person\",\"@id\":\"https:\/\/www.matrix4design.com\/it\/#\/schema\/person\/b2b6dd48f9d6892ca224742379951fa1\",\"name\":\"Redazione\",\"image\":{\"@type\":\"ImageObject\",\"inLanguage\":\"it-IT\",\"@id\":\"https:\/\/www.matrix4design.com\/it\/#\/schema\/person\/image\/\",\"url\":\"https:\/\/www.matrix4design.com\/wp-content\/uploads\/2023\/01\/logo_M4D_2023-96x96.jpg\",\"contentUrl\":\"https:\/\/www.matrix4design.com\/wp-content\/uploads\/2023\/01\/logo_M4D_2023-96x96.jpg\",\"caption\":\"Redazione\"},\"url\":\"https:\/\/www.matrix4design.com\/it\/author\/redazione\/\"}]}<\/script>\n<!-- \/ Yoast SEO plugin. -->","yoast_head_json":{"title":"Un (architetto) italiano a\u2026 Roma\/Pechino \u2013 IL VIDEO DEL TOUR","description":"Gioved\u00ec 13 ottobre Matrix4Design \u00e8 salito su un treno per Roma e da l\u00ec ha spiccato (virtualmente) il volo per Pechino: il campanello che abbiamo suonato \u00e8 stato infatti quello della sede romana dello studio cinese MAD Architects. Recupera il video!","robots":{"index":"index","follow":"follow","max-snippet":"max-snippet:-1","max-image-preview":"max-image-preview:large","max-video-preview":"max-video-preview:-1"},"canonical":"https:\/\/www.matrix4design.com\/it\/architettura\/un-architetto-italiano-a-roma-pechino-il-video-del-tour-2\/","og_locale":"it_IT","og_type":"article","og_title":"Un (architetto) italiano a\u2026 Roma\/Pechino \u2013 IL VIDEO DEL TOUR","og_description":"Gioved\u00ec 13 ottobre Matrix4Design \u00e8 salito su un treno per Roma e da l\u00ec ha spiccato (virtualmente) il volo per Pechino: il campanello che abbiamo suonato \u00e8 stato infatti quello della sede romana dello studio cinese MAD Architects. Recupera il video!","og_url":"https:\/\/www.matrix4design.com\/it\/architettura\/un-architetto-italiano-a-roma-pechino-il-video-del-tour-2\/","og_site_name":"Matrix4Design","article_publisher":"https:\/\/www.facebook.com\/matrix4designmagazine\/","article_published_time":"2022-10-17T10:00:10+00:00","article_modified_time":"2023-02-08T11:42:40+00:00","og_image":[{"width":1523,"height":1646,"url":"https:\/\/www.matrix4design.com\/wp-content\/uploads\/2022\/10\/FullSizeRender-1.jpg","type":"image\/jpeg"}],"author":"Redazione","twitter_card":"summary_large_image","twitter_misc":{"Scritto da":"Redazione","Tempo di lettura stimato":"2 minuti"},"schema":{"@context":"https:\/\/schema.org","@graph":[{"@type":"Article","@id":"https:\/\/www.matrix4design.com\/it\/architettura\/un-architetto-italiano-a-roma-pechino-il-video-del-tour-2\/#article","isPartOf":{"@id":"https:\/\/www.matrix4design.com\/it\/architettura\/un-architetto-italiano-a-roma-pechino-il-video-del-tour-2\/"},"author":{"name":"Redazione","@id":"https:\/\/www.matrix4design.com\/it\/#\/schema\/person\/b2b6dd48f9d6892ca224742379951fa1"},"headline":"Un (architetto) italiano a\u2026 Roma\/Pechino \u2013 IL VIDEO DEL TOUR con MAD","datePublished":"2022-10-17T10:00:10+00:00","dateModified":"2023-02-08T11:42:40+00:00","mainEntityOfPage":{"@id":"https:\/\/www.matrix4design.com\/it\/architettura\/un-architetto-italiano-a-roma-pechino-il-video-del-tour-2\/"},"wordCount":207,"publisher":{"@id":"https:\/\/www.matrix4design.com\/it\/#organization"},"image":{"@id":"https:\/\/www.matrix4design.com\/it\/architettura\/un-architetto-italiano-a-roma-pechino-il-video-del-tour-2\/#primaryimage"},"thumbnailUrl":"https:\/\/www.matrix4design.com\/wp-content\/uploads\/2022\/10\/FullSizeRender-1.jpg","keywords":["un architetto italiano a"],"articleSection":["Architettura","Architettura home","Architour","Featured","Focus home","Video"],"inLanguage":"it-IT"},{"@type":"WebPage","@id":"https:\/\/www.matrix4design.com\/it\/architettura\/un-architetto-italiano-a-roma-pechino-il-video-del-tour-2\/","url":"https:\/\/www.matrix4design.com\/it\/architettura\/un-architetto-italiano-a-roma-pechino-il-video-del-tour-2\/","name":"Un (architetto) italiano a\u2026 Roma\/Pechino \u2013 IL VIDEO DEL TOUR","isPartOf":{"@id":"https:\/\/www.matrix4design.com\/it\/#website"},"primaryImageOfPage":{"@id":"https:\/\/www.matrix4design.com\/it\/architettura\/un-architetto-italiano-a-roma-pechino-il-video-del-tour-2\/#primaryimage"},"image":{"@id":"https:\/\/www.matrix4design.com\/it\/architettura\/un-architetto-italiano-a-roma-pechino-il-video-del-tour-2\/#primaryimage"},"thumbnailUrl":"https:\/\/www.matrix4design.com\/wp-content\/uploads\/2022\/10\/FullSizeRender-1.jpg","datePublished":"2022-10-17T10:00:10+00:00","dateModified":"2023-02-08T11:42:40+00:00","description":"Gioved\u00ec 13 ottobre Matrix4Design \u00e8 salito su un treno per Roma e da l\u00ec ha spiccato (virtualmente) il volo per Pechino: il campanello che abbiamo suonato \u00e8 stato infatti quello della sede romana dello studio cinese MAD Architects. Recupera il video!","breadcrumb":{"@id":"https:\/\/www.matrix4design.com\/it\/architettura\/un-architetto-italiano-a-roma-pechino-il-video-del-tour-2\/#breadcrumb"},"inLanguage":"it-IT","potentialAction":[{"@type":"ReadAction","target":["https:\/\/www.matrix4design.com\/it\/architettura\/un-architetto-italiano-a-roma-pechino-il-video-del-tour-2\/"]}]},{"@type":"ImageObject","inLanguage":"it-IT","@id":"https:\/\/www.matrix4design.com\/it\/architettura\/un-architetto-italiano-a-roma-pechino-il-video-del-tour-2\/#primaryimage","url":"https:\/\/www.matrix4design.com\/wp-content\/uploads\/2022\/10\/FullSizeRender-1.jpg","contentUrl":"https:\/\/www.matrix4design.com\/wp-content\/uploads\/2022\/10\/FullSizeRender-1.jpg","width":1523,"height":1646},{"@type":"BreadcrumbList","@id":"https:\/\/www.matrix4design.com\/it\/architettura\/un-architetto-italiano-a-roma-pechino-il-video-del-tour-2\/#breadcrumb","itemListElement":[{"@type":"ListItem","position":1,"name":"Home","item":"https:\/\/www.matrix4design.com\/it\/"},{"@type":"ListItem","position":2,"name":"Un (architetto) italiano a\u2026 Roma\/Pechino \u2013 IL VIDEO DEL TOUR con MAD"}]},{"@type":"WebSite","@id":"https:\/\/www.matrix4design.com\/it\/#website","url":"https:\/\/www.matrix4design.com\/it\/","name":"Matrix4Design","description":"Digital architecture and design b2b magazine","publisher":{"@id":"https:\/\/www.matrix4design.com\/it\/#organization"},"potentialAction":[{"@type":"SearchAction","target":{"@type":"EntryPoint","urlTemplate":"https:\/\/www.matrix4design.com\/it\/?s={search_term_string}"},"query-input":{"@type":"PropertyValueSpecification","valueRequired":true,"valueName":"search_term_string"}}],"inLanguage":"it-IT"},{"@type":"Organization","@id":"https:\/\/www.matrix4design.com\/it\/#organization","name":"Matrix4Design","url":"https:\/\/www.matrix4design.com\/it\/","logo":{"@type":"ImageObject","inLanguage":"it-IT","@id":"https:\/\/www.matrix4design.com\/it\/#\/schema\/logo\/image\/","url":"https:\/\/www.matrix4design.com\/wp-content\/uploads\/2020\/04\/logo_matrix4design.png","contentUrl":"https:\/\/www.matrix4design.com\/wp-content\/uploads\/2020\/04\/logo_matrix4design.png","width":804,"height":114,"caption":"Matrix4Design"},"image":{"@id":"https:\/\/www.matrix4design.com\/it\/#\/schema\/logo\/image\/"},"sameAs":["https:\/\/www.facebook.com\/matrix4designmagazine\/","https:\/\/www.instagram.com\/matrix4designmagazine\/","https:\/\/www.youtube.com\/channel\/UCtuhSSrP3MOO_URZgv8mQ1A"]},{"@type":"Person","@id":"https:\/\/www.matrix4design.com\/it\/#\/schema\/person\/b2b6dd48f9d6892ca224742379951fa1","name":"Redazione","image":{"@type":"ImageObject","inLanguage":"it-IT","@id":"https:\/\/www.matrix4design.com\/it\/#\/schema\/person\/image\/","url":"https:\/\/www.matrix4design.com\/wp-content\/uploads\/2023\/01\/logo_M4D_2023-96x96.jpg","contentUrl":"https:\/\/www.matrix4design.com\/wp-content\/uploads\/2023\/01\/logo_M4D_2023-96x96.jpg","caption":"Redazione"},"url":"https:\/\/www.matrix4design.com\/it\/author\/redazione\/"}]}},"_links":{"self":[{"href":"https:\/\/www.matrix4design.com\/it\/wp-json\/wp\/v2\/posts\/93580","targetHints":{"allow":["GET"]}}],"collection":[{"href":"https:\/\/www.matrix4design.com\/it\/wp-json\/wp\/v2\/posts"}],"about":[{"href":"https:\/\/www.matrix4design.com\/it\/wp-json\/wp\/v2\/types\/post"}],"author":[{"embeddable":true,"href":"https:\/\/www.matrix4design.com\/it\/wp-json\/wp\/v2\/users\/6"}],"replies":[{"embeddable":true,"href":"https:\/\/www.matrix4design.com\/it\/wp-json\/wp\/v2\/comments?post=93580"}],"version-history":[{"count":4,"href":"https:\/\/www.matrix4design.com\/it\/wp-json\/wp\/v2\/posts\/93580\/revisions"}],"predecessor-version":[{"id":96163,"href":"https:\/\/www.matrix4design.com\/it\/wp-json\/wp\/v2\/posts\/93580\/revisions\/96163"}],"wp:featuredmedia":[{"embeddable":true,"href":"https:\/\/www.matrix4design.com\/it\/wp-json\/wp\/v2\/media\/91417"}],"wp:attachment":[{"href":"https:\/\/www.matrix4design.com\/it\/wp-json\/wp\/v2\/media?parent=93580"}],"wp:term":[{"taxonomy":"category","embeddable":true,"href":"https:\/\/www.matrix4design.com\/it\/wp-json\/wp\/v2\/categories?post=93580"},{"taxonomy":"post_tag","embeddable":true,"href":"https:\/\/www.matrix4design.com\/it\/wp-json\/wp\/v2\/tags?post=93580"}],"curies":[{"name":"wp","href":"https:\/\/api.w.org\/{rel}","templated":true}]}}