{"id":96312,"date":"2023-02-15T11:00:49","date_gmt":"2023-02-15T10:00:49","guid":{"rendered":"https:\/\/www.matrix4design.com\/?p=96312"},"modified":"2023-02-13T12:52:04","modified_gmt":"2023-02-13T11:52:04","slug":"progettare-lesperienza-il-metodo-fasemodus","status":"publish","type":"post","link":"https:\/\/www.matrix4design.com\/it\/architettura\/progettare-lesperienza-il-metodo-fasemodus\/","title":{"rendered":"Progettare l\u2019esperienza: il metodo FaseModus"},"content":{"rendered":"<p>Lo spazio come motore di creativit\u00e0, generatore di esperienze: dalla pianificazione territoriale all\u2019architettura corporate, dallo studio del paesaggio al retail, questo \u00e8 il concetto alla base del metodo <a href=\"https:\/\/fasemodus.com\/\" target=\"_blank\" rel=\"noopener\"><strong>FaseModus<\/strong><\/a>. Un approccio progettuale innovativo che gli architetti <strong>Luca Bucci <\/strong>e <strong>Stefano Cellerino<\/strong> applicano dal 2015, anno di fondazione del loro studio a Milano, con l\u2019obiettivo di imprimere un\u2019evoluzione nel design dello spazio, sia esso privato o pubblico, professionale, commerciale o ricreativo. Durante una lunga chiacchierata online, abbiamo provato a conoscerli meglio.<\/p>\n<figure id=\"attachment_96313\" aria-describedby=\"caption-attachment-96313\" style=\"width: 1600px\" class=\"wp-caption aligncenter\"><img loading=\"lazy\" decoding=\"async\" class=\"wp-image-96313 size-full\" src=\"https:\/\/www.matrix4design.com\/wp-content\/uploads\/2023\/02\/Ritratto-Luca-Bucci-e-Stefano-Cellerino.jpg\" alt=\"\" width=\"1600\" height=\"1067\" srcset=\"https:\/\/www.matrix4design.com\/wp-content\/uploads\/2023\/02\/Ritratto-Luca-Bucci-e-Stefano-Cellerino.jpg 1600w, https:\/\/www.matrix4design.com\/wp-content\/uploads\/2023\/02\/Ritratto-Luca-Bucci-e-Stefano-Cellerino-300x200.jpg 300w, https:\/\/www.matrix4design.com\/wp-content\/uploads\/2023\/02\/Ritratto-Luca-Bucci-e-Stefano-Cellerino-1024x683.jpg 1024w, https:\/\/www.matrix4design.com\/wp-content\/uploads\/2023\/02\/Ritratto-Luca-Bucci-e-Stefano-Cellerino-768x512.jpg 768w, https:\/\/www.matrix4design.com\/wp-content\/uploads\/2023\/02\/Ritratto-Luca-Bucci-e-Stefano-Cellerino-1536x1024.jpg 1536w, https:\/\/www.matrix4design.com\/wp-content\/uploads\/2023\/02\/Ritratto-Luca-Bucci-e-Stefano-Cellerino-150x100.jpg 150w, https:\/\/www.matrix4design.com\/wp-content\/uploads\/2023\/02\/Ritratto-Luca-Bucci-e-Stefano-Cellerino-696x464.jpg 696w, https:\/\/www.matrix4design.com\/wp-content\/uploads\/2023\/02\/Ritratto-Luca-Bucci-e-Stefano-Cellerino-1068x712.jpg 1068w\" sizes=\"auto, (max-width: 1600px) 100vw, 1600px\" \/><figcaption id=\"caption-attachment-96313\" class=\"wp-caption-text\">Un ritratto di Luca Bucci e Stefano Cellerino, architetti di FaseModus.<\/figcaption><\/figure>\n<p><strong>L\u2019attivit\u00e0 dello studio FaseModus si articola attorno a progetti molto diversi tra loro per tipologia e destinazione finale, dal paesaggio al retail, dall\u2019ufficio all\u2019hospitality. Come si riconosce la vostra firma? <\/strong><\/p>\n<p>LUCA BUCCI Io e Stefano ci conosciamo dai tempi dell\u2019universit\u00e0 e abbiamo compiuto percorsi paralleli: io mi sono dedicato in misura maggiore all\u2019urbanistica e all\u2019edilizia mentre Stefano ha lavorato di pi\u00f9 nel campo dell\u2019interior design e del retail. A un certo punto le nostre strade si sono unite, anche per via di una comune attitudine che abbiamo nell\u2019affrontare progetti di cos\u00ec ampio spettro, un\u2019inclinazione che ci porta a progettare un negozio cos\u00ec come un parco con il medesimo approccio metodologico. Questo approccio \u00e8 innanzitutto empatico, perch\u00e9 consiste nella capacit\u00e0 di immaginare come le persone possono muoversi all\u2019interno dei luoghi; di conseguenza, lavoriamo per concepire spazi capaci di accogliere e generare relazioni, un aspetto per noi fondamentale. Questo avviene in ogni progetto, con varie declinazioni a seconda della tipologia.<\/p>\n<p>Per esempio, in questo periodo stiamo curando il progetto di un orto botanico a Cernusco sul Naviglio e le prime informazioni che abbiamo richiesto non sono state relative alle piante ma piuttosto alle caratteristiche di vita del luogo: da chi \u00e8 frequentato, come viene utilizzato. A partire da qui, il nostro lavoro \u00e8 quello di creare dei dispositivi che possano facilitare lo svolgimento di determinate funzioni oppure possano complicarle intersecandole con altri modi d\u2019uso.<\/p>\n<p>STEFANO CELLERINO A tal proposito, un altro esperimento interessante che risale a qualche anno fa \u00e8 stata la progettazione di un segmento di Carrefour \u2013 denominato Carrefour Rural &#8211; in occasione della quale abbiamo scardinato le logiche dei flussi abituali del supermercato a partire dal concetto di citt\u00e0, evocandone la piazza e i viali. Questa visione \u00e8 risultata molto efficace dal punto di vista commerciale, tanto che poi Carrefour l\u2019ha applicata in diversi punti vendita. Un\u2019ulteriore dimostrazione di come lo stesso metodo pu\u00f2 essere applicato a spazi che vanno dalla grande scala al singolo scaffale.<\/p>\n<p><strong>Il tema dell\u2019empatia progettuale si ricollega a quello della biofilia, i cui principi si ritrovano chiaramente nei vostri interventi. Ci chiarite meglio questo concetto?<\/strong><\/p>\n<p>LB S\u00ec, si tratta di un derivato naturale di quanto detto prima. Fare architettura biofilica per uffici implica, per esempio, valutare con cura il cambiamento del flusso di luce durante il giorno, porre attenzione ai materiali e alla loro tessitura, alle scelte cromatiche. Occorre immaginare gli effetti di tutti gli elementi sulla percezione dello spazio da parte delle persone: permettere loro di guardare fuori dalla finestra e vedere una parete di rampicanti anzich\u00e9 un muro di cemento significa abbassare la temperatura mentale, garantire un livello migliore di benessere.<\/p>\n<figure id=\"attachment_96314\" aria-describedby=\"caption-attachment-96314\" style=\"width: 1600px\" class=\"wp-caption aligncenter\"><img loading=\"lazy\" decoding=\"async\" class=\"size-full wp-image-96314\" src=\"https:\/\/www.matrix4design.com\/wp-content\/uploads\/2023\/02\/EmporioMilano-Piazza-Tricolore.jpg\" alt=\"\" width=\"1600\" height=\"1067\" srcset=\"https:\/\/www.matrix4design.com\/wp-content\/uploads\/2023\/02\/EmporioMilano-Piazza-Tricolore.jpg 1600w, https:\/\/www.matrix4design.com\/wp-content\/uploads\/2023\/02\/EmporioMilano-Piazza-Tricolore-300x200.jpg 300w, https:\/\/www.matrix4design.com\/wp-content\/uploads\/2023\/02\/EmporioMilano-Piazza-Tricolore-1024x683.jpg 1024w, https:\/\/www.matrix4design.com\/wp-content\/uploads\/2023\/02\/EmporioMilano-Piazza-Tricolore-768x512.jpg 768w, https:\/\/www.matrix4design.com\/wp-content\/uploads\/2023\/02\/EmporioMilano-Piazza-Tricolore-1536x1024.jpg 1536w, https:\/\/www.matrix4design.com\/wp-content\/uploads\/2023\/02\/EmporioMilano-Piazza-Tricolore-150x100.jpg 150w, https:\/\/www.matrix4design.com\/wp-content\/uploads\/2023\/02\/EmporioMilano-Piazza-Tricolore-696x464.jpg 696w, https:\/\/www.matrix4design.com\/wp-content\/uploads\/2023\/02\/EmporioMilano-Piazza-Tricolore-1068x712.jpg 1068w\" sizes=\"auto, (max-width: 1600px) 100vw, 1600px\" \/><figcaption id=\"caption-attachment-96314\" class=\"wp-caption-text\">Emporio Olio Carli di Piazza Tricolore a Milano. \u00a9 FaseModus<\/figcaption><\/figure>\n<p><strong>Un benessere che ha a che fare anche con la sostenibilit\u00e0, intesa nel suo senso pi\u00f9 ampio.<\/strong><\/p>\n<p>SC Certamente, il tema della biofilia si lega strettamente a quello della sostenibilit\u00e0. In particolare, per quanto riguarda il settore retail, abbiamo creato un team ad hoc che include tutte le competenze necessarie su pi\u00f9 fronti, dall\u2019identit\u00e0 visual alla riduzione dell\u2019impatto ambientale, oltre a una societ\u00e0 di sviluppo apposita che ci consente di offrire un servizio a 360 gradi. Inoltre, abbiamo una partner importante, Elisabetta Tonali, che possiede una materio-teca tra le pi\u00f9 importanti d\u2019Italia, e anche grazie a lei abbiamo imparato a trasmettere ai brand con cui lavoriamo l\u2019importanza di agire in direzione di un maggior rispetto dell\u2019ambiente, per esempio attraverso l\u2019impiego di materiali eco-compatibili certificati, il cui valore deve essere comunicato al meglio. Senza dubbio questo messaggio viene recepito pi\u00f9 facilmente da alcuni clienti invece che da altri: il lavoro di rinnovamento dei punti vendita che abbiamo fatto con Olio Carli, per citarne soltanto uno, \u00e8 stato molto semplice perch\u00e9 l\u2019azienda \u00e8 una BCorp e dunque per sua natura molto ricettiva rispetto a questi temi. Oggi, comunque, la sensibilit\u00e0 sta aumentando in tutti i settori.<\/p>\n<p><strong>A proposito di retail, che tipo di processo genera la costruzione di spazi realmente rappresentativi di un brand? Qual \u00e8 il vostro ruolo di architetti rispetto alla committenza? <\/strong><\/p>\n<p>SC Noi realizziamo spazi di marca, per cui solitamente partiamo dall\u2019identit\u00e0 del marchio, se serve dallo studio della <em>brand identity<\/em>. Sviluppiamo quindi un progetto coerente con l\u2019identit\u00e0 e il posizionamento del marchio, per creare uno spazio che venda, certo, ma anche tale da offrire un\u2019esperienza al cliente. Questo approccio porta sensibili risultati e questo \u00e8 il motivo per il quale spesso continuiamo ad accompagnare il cliente come consulenti per il retail, oltre che come progettisti. Vorrei citare, a tal proposito, Simonetta Simonelli, che \u00e8 la nostra visual di riferimento e ci supporta proprio nei progetti retail, seguendo ogni aspetto, dalle vetrine all\u2019illuminazione.<\/p>\n<p>Di recente ci siamo occupati delle vetrine del nuovo store Lanerossi, dove siamo riusciti a raccontare una storia e ad anticipare in modo efficace quello che si trova all\u2019interno; ancora, nel caso di Olio Carli, abbiamo combinato la presenza di un monitor visuale all\u2019accenno di una tavola apparecchiata. L\u2019unione di tecnologia e prodotto fisico funziona molto bene. Sempre sul tema del retail, aggiungo che un importante brand di moda ci ha da poco incaricato dello sviluppo di un pop-up in vista delle Olimpiadi Invernali del 2026: il concept mixer\u00e0 contenuti e luxury style, ma non possiamo dire di pi\u00f9.<\/p>\n<figure id=\"attachment_96315\" aria-describedby=\"caption-attachment-96315\" style=\"width: 1600px\" class=\"wp-caption aligncenter\"><img loading=\"lazy\" decoding=\"async\" class=\"size-full wp-image-96315\" src=\"https:\/\/www.matrix4design.com\/wp-content\/uploads\/2023\/02\/103_04_Vista-esterna-reperti-PERSONE-210322.jpg\" alt=\"\" width=\"1600\" height=\"1200\" srcset=\"https:\/\/www.matrix4design.com\/wp-content\/uploads\/2023\/02\/103_04_Vista-esterna-reperti-PERSONE-210322.jpg 1600w, https:\/\/www.matrix4design.com\/wp-content\/uploads\/2023\/02\/103_04_Vista-esterna-reperti-PERSONE-210322-300x225.jpg 300w, https:\/\/www.matrix4design.com\/wp-content\/uploads\/2023\/02\/103_04_Vista-esterna-reperti-PERSONE-210322-1024x768.jpg 1024w, https:\/\/www.matrix4design.com\/wp-content\/uploads\/2023\/02\/103_04_Vista-esterna-reperti-PERSONE-210322-768x576.jpg 768w, https:\/\/www.matrix4design.com\/wp-content\/uploads\/2023\/02\/103_04_Vista-esterna-reperti-PERSONE-210322-1536x1152.jpg 1536w, https:\/\/www.matrix4design.com\/wp-content\/uploads\/2023\/02\/103_04_Vista-esterna-reperti-PERSONE-210322-150x113.jpg 150w, https:\/\/www.matrix4design.com\/wp-content\/uploads\/2023\/02\/103_04_Vista-esterna-reperti-PERSONE-210322-696x522.jpg 696w, https:\/\/www.matrix4design.com\/wp-content\/uploads\/2023\/02\/103_04_Vista-esterna-reperti-PERSONE-210322-1068x801.jpg 1068w, https:\/\/www.matrix4design.com\/wp-content\/uploads\/2023\/02\/103_04_Vista-esterna-reperti-PERSONE-210322-265x198.jpg 265w\" sizes=\"auto, (max-width: 1600px) 100vw, 1600px\" \/><figcaption id=\"caption-attachment-96315\" class=\"wp-caption-text\">Parco Archeologico di Laus Pompeia a Lodivecchio, Lodi. \u00a9 FaseModus<\/figcaption><\/figure>\n<p><strong>D\u2019altro canto, quando vi occupate dello studio del territorio, il processo creativo e progettuale necessariamente cambia forma, si amplifica ed evolve. Basti pensare all\u2019approccio adottato per il Parco Archeologico di Laus Pompeia a Lodivecchio, in provincia di Lodi. Quali sono le principali sfide che vi trovate ad affrontare in questo tipo di contesti? Com\u2019\u00e8 il rapporto con le istituzioni e con le altre parti coinvolte?<\/strong><\/p>\n<p>LB Questi progetti sono particolarmente complessi. Solitamente, nascono da un\u2019idea che pu\u00f2 venire da noi, dalla cittadinanza, dall\u2019amministrazione. Dopo un dialogo serrato con tutti gli attori coinvolti, proponiamo una nostra interpretazione del possibile funzionamento del luogo, prendendo in esame le relazioni che si possono creare con il contesto ambientale e sociale. Nel caso del Parco Archeologico, abbiamo lavorato su un progetto di scala almeno provinciale, immaginando il percorso di un turista che \u2013 poniamo \u2013 viene da Milano, deve posteggiare l\u2019auto, pu\u00f2 usufruire di un servizio di <em>bike sharing <\/em>per attraversare il parco dopo aver studiato le mappe ciclabili e alla fine pu\u00f2 decidere di andare a prendere il caff\u00e8 a Lodi. A partire da ipotesi come questa, mettiamo a punto gli strumenti necessari per trasformare la realt\u00e0, proponendo anche soluzioni inedite. Per esempio, in questo intervento abbiamo chiesto alla Sovrintendenza di cambiare la destinazione del posteggio auto nei giorni infrasettimanali, trasformandolo in un campo giochi dove i ragazzi possono giocare a tennis, basket e calcetto. Lo spazio \u00e8 utile cos\u00ec a un maggior numero di persone, che hanno necessit\u00e0 diverse tra loro.<\/p>\n<p><strong>Qual \u00e8 l\u2019aspetto pi\u00f9 difficile in questi casi?<\/strong><\/p>\n<p>LB Mantenere alta la tensione. Riuscire a mantenere vive le energie che portano avanti il progetto. Per esempio, la seconda fase del lavoro sul Parco Archeologico di Lodi si \u00e8 concentrata sul Museo, nato da una rifunzionalizzazione di una stalla ottocentesca: \u00e8 stata un\u2019operazione di adeguamento molto complessa e a un certo punto l\u2019impresa che aveva vinto l\u2019appalto pubblico \u00e8 fallita. In quel momento \u00e8 stata importante la convinzione di tutte le parti in causa nel proseguire il percorso. Questo genere di problematiche fanno dilatare i tempi: le amministrazioni cambiano e non sempre la sintonia \u00e8 la stessa. Serve tenacia.<\/p>\n<p><strong>E la maggiore soddisfazione?<\/strong><\/p>\n<p>LB Senza dubbio la possibilit\u00e0 di sperimentare nuove soluzioni di sostenibilit\u00e0, in particolare attraverso il lavoro sugli spazi pubblici. Il fatto di doverci attenere a protocolli molto stringenti, previsti per esempio dal PNRR, ci impone di impiegare materiali da costruzione la cui sostenibilit\u00e0 \u00e8 garantita lungo tutta la filiera, dall\u2019approvvigionamento della materia prima fino allo smaltimento. Queste competenze le riportiamo poi su progetti di scala diversa, come retail e uffici, rilevando tra le altre cose che negli ultimi anni l\u2019attenzione al rispetto dell\u2019ambiente \u00e8 molto pi\u00f9 presente anche nel settore privato. In questo senso ha aiutato anche l\u2019abbassamento dei costi: l\u2019approvvigionamento delle risorse sostenibili \u00e8 locale e l\u2019incidenza della speculazione \u00e8 nettamente inferiore, il che li rende oggi particolarmente convenienti.<\/p>\n<figure id=\"attachment_96316\" aria-describedby=\"caption-attachment-96316\" style=\"width: 1600px\" class=\"wp-caption aligncenter\"><img loading=\"lazy\" decoding=\"async\" class=\"size-full wp-image-96316\" src=\"https:\/\/www.matrix4design.com\/wp-content\/uploads\/2023\/02\/GiAy5F1V.jpeg\" alt=\"\" width=\"1600\" height=\"1200\" srcset=\"https:\/\/www.matrix4design.com\/wp-content\/uploads\/2023\/02\/GiAy5F1V.jpeg 1600w, https:\/\/www.matrix4design.com\/wp-content\/uploads\/2023\/02\/GiAy5F1V-300x225.jpeg 300w, https:\/\/www.matrix4design.com\/wp-content\/uploads\/2023\/02\/GiAy5F1V-1024x768.jpeg 1024w, https:\/\/www.matrix4design.com\/wp-content\/uploads\/2023\/02\/GiAy5F1V-768x576.jpeg 768w, https:\/\/www.matrix4design.com\/wp-content\/uploads\/2023\/02\/GiAy5F1V-1536x1152.jpeg 1536w, https:\/\/www.matrix4design.com\/wp-content\/uploads\/2023\/02\/GiAy5F1V-150x113.jpeg 150w, https:\/\/www.matrix4design.com\/wp-content\/uploads\/2023\/02\/GiAy5F1V-696x522.jpeg 696w, https:\/\/www.matrix4design.com\/wp-content\/uploads\/2023\/02\/GiAy5F1V-1068x801.jpeg 1068w, https:\/\/www.matrix4design.com\/wp-content\/uploads\/2023\/02\/GiAy5F1V-265x198.jpeg 265w\" sizes=\"auto, (max-width: 1600px) 100vw, 1600px\" \/><figcaption id=\"caption-attachment-96316\" class=\"wp-caption-text\">Parco Archeologico di Laus Pompeia a Lodivecchio, Lodi. \u00a9 FaseModus<\/figcaption><\/figure>\n<p><strong>Una maggiore sensibilit\u00e0 alle tematiche ambientali si riscontra anche nel lavoro che state portando avanti per il restyling del Camping Cevedale, dove c\u2019\u00e8 la volont\u00e0 di realizzare un upgrading rispetto alla preesistenza proprio in questa direzione. Come si concilia l\u2019accoglienza di alto livello con l\u2019esperienza autentica della natura?<\/strong><\/p>\n<p>SC La pandemia ha accelerato la tendenza verso un tipo di vacanza pi\u00f9 a contatto con la natura e allo stesso tempo, una volta superata, ha accentuato la ricerca della socialit\u00e0. La clientela del campeggio \u00e8 quindi aumentata diventando pi\u00f9 esigente. E s\u00ec, c\u2019\u00e8 una maggiore attenzione sul piano dell\u2019ecologia. Questo cambio di sensibilit\u00e0, in aggiunta alla richiesta di servizi migliori, \u00e8 stata una delle ragioni alla base della necessit\u00e0 di trasformare il Camping Cevedale, originariamente una struttura a due stelle, in una struttura a quattro stelle. Per realizzare un upgrading di questo tipo non \u00e8 sufficiente offrire un ristorante di livello pi\u00f9 alto o una spa, occorre un intervento complessivo. Innanzitutto, abbiamo scelto di potenziare il legame con il territorio, sia sul piano naturale sia sul piano sociale, favorendo lo scambio con la comunit\u00e0 locale. Con l\u2019aiuto di un paesaggista, abbiamo trasformato l\u2019esperienza naturalistica del luogo, valorizzando le piante locali e generando esperienze: gli ospiti possono per esempio raccogliere in autonomia i frutti di bosco e fare la loro marmellata.<\/p>\n<p><strong>Quando pensate all\u2019utente finale, al fruitore dei vostri spazi, qual \u00e8 l\u2019obiettivo pi\u00f9 importante che vi ponete?<\/strong><\/p>\n<p>LB La mia pi\u00f9 grande soddisfazione come architetto l\u2019ho avuta quando, una volta ridisegnati completamente gli uffici di ERM Italia (multinazionale inglese che si occupa di valutazione di impatto ambientale), collocati in una palazzina Anni Settanta nei pressi della Stazione Centrale di Milano, uno dei giovani ingegneri mi ha ringraziato per il lavoro svolto. Quando si lavora su questo tipo di spazi, cos\u00ec circoscritti, \u00e8 importante andare oltre il semplice concetto di postazione scrivania, perch\u00e9 oggi il luogo di lavoro ha un altro scopo: favorire l\u2019incontro e lo scambio anche informale tra le persone, all\u2019interno di ambienti confortevoli dove \u00e8 possibile creare relazioni e innescare processi creativi.<\/p>\n<p>SC Lo stesso vale per il retail, quando emerge la soddisfazione per il risultato finale da parte di tutte le persone che partecipano al progetto e che hanno come obiettivo la valorizzazione del prodotto e dell\u2019esperienza ad esso legata.<\/p>\n<figure id=\"attachment_96317\" aria-describedby=\"caption-attachment-96317\" style=\"width: 1040px\" class=\"wp-caption aligncenter\"><img loading=\"lazy\" decoding=\"async\" class=\"size-full wp-image-96317\" src=\"https:\/\/www.matrix4design.com\/wp-content\/uploads\/2023\/02\/ERM.jpg\" alt=\"\" width=\"1040\" height=\"780\" srcset=\"https:\/\/www.matrix4design.com\/wp-content\/uploads\/2023\/02\/ERM.jpg 1040w, https:\/\/www.matrix4design.com\/wp-content\/uploads\/2023\/02\/ERM-300x225.jpg 300w, https:\/\/www.matrix4design.com\/wp-content\/uploads\/2023\/02\/ERM-1024x768.jpg 1024w, https:\/\/www.matrix4design.com\/wp-content\/uploads\/2023\/02\/ERM-768x576.jpg 768w, https:\/\/www.matrix4design.com\/wp-content\/uploads\/2023\/02\/ERM-150x113.jpg 150w, https:\/\/www.matrix4design.com\/wp-content\/uploads\/2023\/02\/ERM-696x522.jpg 696w, https:\/\/www.matrix4design.com\/wp-content\/uploads\/2023\/02\/ERM-265x198.jpg 265w\" sizes=\"auto, (max-width: 1040px) 100vw, 1040px\" \/><figcaption id=\"caption-attachment-96317\" class=\"wp-caption-text\">HeadQuarter ERM Italia a Milano. \u00a9 FaseModus<\/figcaption><\/figure>\n<p><strong>Sempre sul tema dell\u2019ufficio, particolarmente interessante e innovativa per la visione proposta \u00e8 stata anche l\u2019esperienza con IPG Italia. Ce la raccontate?<\/strong><\/p>\n<p>LB S\u00ec, abbiamo lavorato sulla loro sede di via Spadolini a Milano. Ci siamo concentrati sulla realizzazione di spazi generatori di creativit\u00e0, assolutamente eccentrici rispetto alla loro funzione tradizionale. Infatti, ci sono studi che dimostrano come l\u2019innesco del processo creativo sia quasi sempre casuale. Partendo da questo dato, abbiamo scelto di dedicare la met\u00e0 dello spazio di superficie disponibile alle zone informali: area pranzo, cucina, sala videogiochi, calcio balilla, aree riunioni modulabili, addirittura una sala piena di palle da cui emergono sedute \u201ciceberg\u201d dove abbandonarsi al brainstorming e tentare un canestro una volta trovata l\u2019idea giusta. In questi luoghi il tipo di comunicazione pu\u00f2 essere solo informale e il divertimento diventa uno strumento per guardare le cose da un punto di vista inedito.<\/p>\n<p><strong>E poi l\u2019arte.<\/strong><\/p>\n<p>LB Gi\u00e0. Un altro aspetto a cui teniamo molto \u00e8 l\u2019introduzione dell\u2019arte nei nostri progetti: nel caso di IPG abbiamo coinvolto Millo, uno street artist che ha decorato la \u201cpiazza\u201d del complesso ufficio, cio\u00e8 lo spazio pi\u00f9 centrale e importante. Per noi l\u2019arte \u00e8 un altro modo per cambiare prospettiva, coltivando ancora una volta l\u2019originalit\u00e0 e il divertimento.<\/p>\n<figure id=\"attachment_96318\" aria-describedby=\"caption-attachment-96318\" style=\"width: 1600px\" class=\"wp-caption aligncenter\"><img loading=\"lazy\" decoding=\"async\" class=\"size-full wp-image-96318\" src=\"https:\/\/www.matrix4design.com\/wp-content\/uploads\/2023\/02\/IPG-McCann-2.jpg\" alt=\"\" width=\"1600\" height=\"1045\" srcset=\"https:\/\/www.matrix4design.com\/wp-content\/uploads\/2023\/02\/IPG-McCann-2.jpg 1600w, https:\/\/www.matrix4design.com\/wp-content\/uploads\/2023\/02\/IPG-McCann-2-300x196.jpg 300w, https:\/\/www.matrix4design.com\/wp-content\/uploads\/2023\/02\/IPG-McCann-2-1024x669.jpg 1024w, https:\/\/www.matrix4design.com\/wp-content\/uploads\/2023\/02\/IPG-McCann-2-768x502.jpg 768w, https:\/\/www.matrix4design.com\/wp-content\/uploads\/2023\/02\/IPG-McCann-2-1536x1003.jpg 1536w, https:\/\/www.matrix4design.com\/wp-content\/uploads\/2023\/02\/IPG-McCann-2-150x98.jpg 150w, https:\/\/www.matrix4design.com\/wp-content\/uploads\/2023\/02\/IPG-McCann-2-696x455.jpg 696w, https:\/\/www.matrix4design.com\/wp-content\/uploads\/2023\/02\/IPG-McCann-2-1068x698.jpg 1068w\" sizes=\"auto, (max-width: 1600px) 100vw, 1600px\" \/><figcaption id=\"caption-attachment-96318\" class=\"wp-caption-text\">HeadQuarter IPG McCann a Milano. \u00a9 FaseModus<\/figcaption><\/figure>\n<p><strong>Su quali progetti siete impegnati al momento e quali vedremo presto realizzati?<\/strong><\/p>\n<p>LB Stiamo progettando un complesso uffici vicino a Piazzale Maciachini che verr\u00e0 occupato da una societ\u00e0 di consulenza. Originariamente l\u2019edificio ospitava una banca svizzera e ne restano alcune tracce antiquate: il corridoio dove erano collocate le vending machine \u00e8 stretto e angusto, cos\u00ec abbiamo deciso di smantellarlo completamente, nella convinzione che i luoghi di lavoro contemporanei debbano essere innanzitutto luoghi di socialit\u00e0, accoglienti e confortevoli, come detto prima. Lo stesso meccanismo, del resto, si attiva negli spazi pubblici: se ci pensiamo, la piazza cittadina non \u00e8 pi\u00f9 un luogo di pura rappresentazione ma di incontro e di inciampo su eventi alternativi rispetto al quotidiano.<\/p>\n<p>SC Stiamo lavorando con Caleffi, per la progettazione del primo punto vendita e presto di un secondo negozio a Milano, in aggiunta alla realizzazione dello store aziendale. Proseguiremo la consolidata collaborazione con Olio Carli, in un percorso che ci sta dando molte soddisfazioni. Come anticipato, stiamo poi avviando un nuovo progetto con un importante brand di moda ancora top-secret.<\/p>\n<p>LB Stiamo infine lavorando alla realizzazione di un complesso produttivo che si innesta nella filiera del parmigiano reggiano di montagna: si tratta di un impianto di stagionatura sulle colline di Fornovo e consiste in un volume alto 12 metri inserito in contesto molto delicato in diretta relazione con il caseificio della societ\u00e0 Ferrari Giovanni Industria Casearia. La soluzione che abbiamo adottato \u00e8 stata quella di semi-interrare il reparto produzione in modo da creare un\u2019interfaccia con il paesaggio. L\u2019edificio \u00e8 green non solo in termini costruttivi ma anche in termini visivi: l\u2019obiettivo era quello di non nascondere il volume ma di farlo entrare in armonia con il contesto. La fase esecutiva inizier\u00e0 nel mese di febbraio, abbiamo ricevuto l\u2019approvazione di tutte le commissioni coinvolte e ci aspettiamo molto dal progetto.<\/p>\n","protected":false},"excerpt":{"rendered":"<p>Lo spazio come motore di creativit\u00e0, generatore di esperienze: dalla pianificazione territoriale all\u2019architettura corporate, dallo studio del paesaggio al retail, questo \u00e8 il concetto alla base del metodo FaseModus. Un approccio progettuale innovativo che gli architetti Luca Bucci e Stefano Cellerino applicano dal 2015, anno di fondazione del loro studio a Milano, con l\u2019obiettivo di [&hellip;]<\/p>\n","protected":false},"author":31,"featured_media":96313,"comment_status":"closed","ping_status":"closed","sticky":false,"template":"","format":"standard","meta":{"_acf_changed":false,"footnotes":""},"categories":[367,417,379],"tags":[],"class_list":{"0":"post-96312","1":"post","2":"type-post","3":"status-publish","4":"format-standard","5":"has-post-thumbnail","7":"category-architettura","8":"category-architettura-home","9":"category-focus-home"},"acf":[],"yoast_head":"<!-- This site is optimized with the Yoast SEO plugin v27.0 - https:\/\/yoast.com\/product\/yoast-seo-wordpress\/ -->\n<title>Progettare l\u2019esperienza: il metodo FaseModus<\/title>\n<meta name=\"description\" content=\"In questa intervista esclusiva Luca Bucci e Stefano Cellerino, fondatori dello studio milanese FaseModus, raccontano la loro esperienza di architetti alle prese con i progetti pi\u00f9 disparati, tra retail e paesaggio, uffici e ospitalit\u00e0.\" \/>\n<meta name=\"robots\" content=\"index, follow, max-snippet:-1, max-image-preview:large, max-video-preview:-1\" \/>\n<link rel=\"canonical\" href=\"https:\/\/www.matrix4design.com\/it\/architettura\/progettare-lesperienza-il-metodo-fasemodus\/\" \/>\n<meta property=\"og:locale\" content=\"it_IT\" \/>\n<meta property=\"og:type\" content=\"article\" \/>\n<meta property=\"og:title\" content=\"Progettare l\u2019esperienza: il metodo FaseModus\" \/>\n<meta property=\"og:description\" content=\"In questa intervista esclusiva Luca Bucci e Stefano Cellerino, fondatori dello studio milanese FaseModus, raccontano la loro esperienza di architetti alle prese con i progetti pi\u00f9 disparati, tra retail e paesaggio, uffici e ospitalit\u00e0.\" \/>\n<meta property=\"og:url\" content=\"https:\/\/www.matrix4design.com\/it\/architettura\/progettare-lesperienza-il-metodo-fasemodus\/\" \/>\n<meta property=\"og:site_name\" content=\"Matrix4Design\" \/>\n<meta property=\"article:publisher\" content=\"https:\/\/www.facebook.com\/matrix4designmagazine\/\" \/>\n<meta property=\"article:published_time\" content=\"2023-02-15T10:00:49+00:00\" \/>\n<meta property=\"og:image\" content=\"https:\/\/www.matrix4design.com\/wp-content\/uploads\/2023\/02\/Ritratto-Luca-Bucci-e-Stefano-Cellerino.jpg\" \/>\n\t<meta property=\"og:image:width\" content=\"1600\" \/>\n\t<meta property=\"og:image:height\" content=\"1067\" \/>\n\t<meta property=\"og:image:type\" content=\"image\/jpeg\" \/>\n<meta name=\"author\" content=\"Giulia Guerra\" \/>\n<meta name=\"twitter:card\" content=\"summary_large_image\" \/>\n<meta name=\"twitter:label1\" content=\"Scritto da\" \/>\n\t<meta name=\"twitter:data1\" content=\"Giulia Guerra\" \/>\n\t<meta name=\"twitter:label2\" content=\"Tempo di lettura stimato\" \/>\n\t<meta name=\"twitter:data2\" content=\"14 minuti\" \/>\n<script type=\"application\/ld+json\" class=\"yoast-schema-graph\">{\"@context\":\"https:\/\/schema.org\",\"@graph\":[{\"@type\":\"Article\",\"@id\":\"https:\/\/www.matrix4design.com\/it\/architettura\/progettare-lesperienza-il-metodo-fasemodus\/#article\",\"isPartOf\":{\"@id\":\"https:\/\/www.matrix4design.com\/it\/architettura\/progettare-lesperienza-il-metodo-fasemodus\/\"},\"author\":{\"name\":\"Giulia Guerra\",\"@id\":\"https:\/\/www.matrix4design.com\/it\/#\/schema\/person\/9904de51b5d381af5b1b998563d3adfe\"},\"headline\":\"Progettare l\u2019esperienza: il metodo FaseModus\",\"datePublished\":\"2023-02-15T10:00:49+00:00\",\"mainEntityOfPage\":{\"@id\":\"https:\/\/www.matrix4design.com\/it\/architettura\/progettare-lesperienza-il-metodo-fasemodus\/\"},\"wordCount\":2441,\"publisher\":{\"@id\":\"https:\/\/www.matrix4design.com\/it\/#organization\"},\"image\":{\"@id\":\"https:\/\/www.matrix4design.com\/it\/architettura\/progettare-lesperienza-il-metodo-fasemodus\/#primaryimage\"},\"thumbnailUrl\":\"https:\/\/www.matrix4design.com\/wp-content\/uploads\/2023\/02\/Ritratto-Luca-Bucci-e-Stefano-Cellerino.jpg\",\"articleSection\":[\"Architettura\",\"Architettura home\",\"Focus home\"],\"inLanguage\":\"it-IT\"},{\"@type\":\"WebPage\",\"@id\":\"https:\/\/www.matrix4design.com\/it\/architettura\/progettare-lesperienza-il-metodo-fasemodus\/\",\"url\":\"https:\/\/www.matrix4design.com\/it\/architettura\/progettare-lesperienza-il-metodo-fasemodus\/\",\"name\":\"Progettare l\u2019esperienza: il metodo FaseModus\",\"isPartOf\":{\"@id\":\"https:\/\/www.matrix4design.com\/it\/#website\"},\"primaryImageOfPage\":{\"@id\":\"https:\/\/www.matrix4design.com\/it\/architettura\/progettare-lesperienza-il-metodo-fasemodus\/#primaryimage\"},\"image\":{\"@id\":\"https:\/\/www.matrix4design.com\/it\/architettura\/progettare-lesperienza-il-metodo-fasemodus\/#primaryimage\"},\"thumbnailUrl\":\"https:\/\/www.matrix4design.com\/wp-content\/uploads\/2023\/02\/Ritratto-Luca-Bucci-e-Stefano-Cellerino.jpg\",\"datePublished\":\"2023-02-15T10:00:49+00:00\",\"description\":\"In questa intervista esclusiva Luca Bucci e Stefano Cellerino, fondatori dello studio milanese FaseModus, raccontano la loro esperienza di architetti alle prese con i progetti pi\u00f9 disparati, tra retail e paesaggio, uffici e ospitalit\u00e0.\",\"breadcrumb\":{\"@id\":\"https:\/\/www.matrix4design.com\/it\/architettura\/progettare-lesperienza-il-metodo-fasemodus\/#breadcrumb\"},\"inLanguage\":\"it-IT\",\"potentialAction\":[{\"@type\":\"ReadAction\",\"target\":[\"https:\/\/www.matrix4design.com\/it\/architettura\/progettare-lesperienza-il-metodo-fasemodus\/\"]}]},{\"@type\":\"ImageObject\",\"inLanguage\":\"it-IT\",\"@id\":\"https:\/\/www.matrix4design.com\/it\/architettura\/progettare-lesperienza-il-metodo-fasemodus\/#primaryimage\",\"url\":\"https:\/\/www.matrix4design.com\/wp-content\/uploads\/2023\/02\/Ritratto-Luca-Bucci-e-Stefano-Cellerino.jpg\",\"contentUrl\":\"https:\/\/www.matrix4design.com\/wp-content\/uploads\/2023\/02\/Ritratto-Luca-Bucci-e-Stefano-Cellerino.jpg\",\"width\":1600,\"height\":1067},{\"@type\":\"BreadcrumbList\",\"@id\":\"https:\/\/www.matrix4design.com\/it\/architettura\/progettare-lesperienza-il-metodo-fasemodus\/#breadcrumb\",\"itemListElement\":[{\"@type\":\"ListItem\",\"position\":1,\"name\":\"Home\",\"item\":\"https:\/\/www.matrix4design.com\/it\/\"},{\"@type\":\"ListItem\",\"position\":2,\"name\":\"Progettare l\u2019esperienza: il metodo FaseModus\"}]},{\"@type\":\"WebSite\",\"@id\":\"https:\/\/www.matrix4design.com\/it\/#website\",\"url\":\"https:\/\/www.matrix4design.com\/it\/\",\"name\":\"Matrix4Design\",\"description\":\"Digital architecture and design b2b magazine\",\"publisher\":{\"@id\":\"https:\/\/www.matrix4design.com\/it\/#organization\"},\"potentialAction\":[{\"@type\":\"SearchAction\",\"target\":{\"@type\":\"EntryPoint\",\"urlTemplate\":\"https:\/\/www.matrix4design.com\/it\/?s={search_term_string}\"},\"query-input\":{\"@type\":\"PropertyValueSpecification\",\"valueRequired\":true,\"valueName\":\"search_term_string\"}}],\"inLanguage\":\"it-IT\"},{\"@type\":\"Organization\",\"@id\":\"https:\/\/www.matrix4design.com\/it\/#organization\",\"name\":\"Matrix4Design\",\"url\":\"https:\/\/www.matrix4design.com\/it\/\",\"logo\":{\"@type\":\"ImageObject\",\"inLanguage\":\"it-IT\",\"@id\":\"https:\/\/www.matrix4design.com\/it\/#\/schema\/logo\/image\/\",\"url\":\"https:\/\/www.matrix4design.com\/wp-content\/uploads\/2020\/04\/logo_matrix4design.png\",\"contentUrl\":\"https:\/\/www.matrix4design.com\/wp-content\/uploads\/2020\/04\/logo_matrix4design.png\",\"width\":804,\"height\":114,\"caption\":\"Matrix4Design\"},\"image\":{\"@id\":\"https:\/\/www.matrix4design.com\/it\/#\/schema\/logo\/image\/\"},\"sameAs\":[\"https:\/\/www.facebook.com\/matrix4designmagazine\/\",\"https:\/\/www.instagram.com\/matrix4designmagazine\/\",\"https:\/\/www.youtube.com\/channel\/UCtuhSSrP3MOO_URZgv8mQ1A\"]},{\"@type\":\"Person\",\"@id\":\"https:\/\/www.matrix4design.com\/it\/#\/schema\/person\/9904de51b5d381af5b1b998563d3adfe\",\"name\":\"Giulia Guerra\",\"image\":{\"@type\":\"ImageObject\",\"inLanguage\":\"it-IT\",\"@id\":\"https:\/\/www.matrix4design.com\/it\/#\/schema\/person\/image\/\",\"url\":\"https:\/\/www.matrix4design.com\/wp-content\/uploads\/2023\/02\/logo_M4D_2023-96x96.jpg\",\"contentUrl\":\"https:\/\/www.matrix4design.com\/wp-content\/uploads\/2023\/02\/logo_M4D_2023-96x96.jpg\",\"caption\":\"Giulia Guerra\"},\"url\":\"https:\/\/www.matrix4design.com\/it\/author\/giuliag\/\"}]}<\/script>\n<!-- \/ Yoast SEO plugin. -->","yoast_head_json":{"title":"Progettare l\u2019esperienza: il metodo FaseModus","description":"In questa intervista esclusiva Luca Bucci e Stefano Cellerino, fondatori dello studio milanese FaseModus, raccontano la loro esperienza di architetti alle prese con i progetti pi\u00f9 disparati, tra retail e paesaggio, uffici e ospitalit\u00e0.","robots":{"index":"index","follow":"follow","max-snippet":"max-snippet:-1","max-image-preview":"max-image-preview:large","max-video-preview":"max-video-preview:-1"},"canonical":"https:\/\/www.matrix4design.com\/it\/architettura\/progettare-lesperienza-il-metodo-fasemodus\/","og_locale":"it_IT","og_type":"article","og_title":"Progettare l\u2019esperienza: il metodo FaseModus","og_description":"In questa intervista esclusiva Luca Bucci e Stefano Cellerino, fondatori dello studio milanese FaseModus, raccontano la loro esperienza di architetti alle prese con i progetti pi\u00f9 disparati, tra retail e paesaggio, uffici e ospitalit\u00e0.","og_url":"https:\/\/www.matrix4design.com\/it\/architettura\/progettare-lesperienza-il-metodo-fasemodus\/","og_site_name":"Matrix4Design","article_publisher":"https:\/\/www.facebook.com\/matrix4designmagazine\/","article_published_time":"2023-02-15T10:00:49+00:00","og_image":[{"width":1600,"height":1067,"url":"https:\/\/www.matrix4design.com\/wp-content\/uploads\/2023\/02\/Ritratto-Luca-Bucci-e-Stefano-Cellerino.jpg","type":"image\/jpeg"}],"author":"Giulia Guerra","twitter_card":"summary_large_image","twitter_misc":{"Scritto da":"Giulia Guerra","Tempo di lettura stimato":"14 minuti"},"schema":{"@context":"https:\/\/schema.org","@graph":[{"@type":"Article","@id":"https:\/\/www.matrix4design.com\/it\/architettura\/progettare-lesperienza-il-metodo-fasemodus\/#article","isPartOf":{"@id":"https:\/\/www.matrix4design.com\/it\/architettura\/progettare-lesperienza-il-metodo-fasemodus\/"},"author":{"name":"Giulia Guerra","@id":"https:\/\/www.matrix4design.com\/it\/#\/schema\/person\/9904de51b5d381af5b1b998563d3adfe"},"headline":"Progettare l\u2019esperienza: il metodo FaseModus","datePublished":"2023-02-15T10:00:49+00:00","mainEntityOfPage":{"@id":"https:\/\/www.matrix4design.com\/it\/architettura\/progettare-lesperienza-il-metodo-fasemodus\/"},"wordCount":2441,"publisher":{"@id":"https:\/\/www.matrix4design.com\/it\/#organization"},"image":{"@id":"https:\/\/www.matrix4design.com\/it\/architettura\/progettare-lesperienza-il-metodo-fasemodus\/#primaryimage"},"thumbnailUrl":"https:\/\/www.matrix4design.com\/wp-content\/uploads\/2023\/02\/Ritratto-Luca-Bucci-e-Stefano-Cellerino.jpg","articleSection":["Architettura","Architettura home","Focus home"],"inLanguage":"it-IT"},{"@type":"WebPage","@id":"https:\/\/www.matrix4design.com\/it\/architettura\/progettare-lesperienza-il-metodo-fasemodus\/","url":"https:\/\/www.matrix4design.com\/it\/architettura\/progettare-lesperienza-il-metodo-fasemodus\/","name":"Progettare l\u2019esperienza: il metodo FaseModus","isPartOf":{"@id":"https:\/\/www.matrix4design.com\/it\/#website"},"primaryImageOfPage":{"@id":"https:\/\/www.matrix4design.com\/it\/architettura\/progettare-lesperienza-il-metodo-fasemodus\/#primaryimage"},"image":{"@id":"https:\/\/www.matrix4design.com\/it\/architettura\/progettare-lesperienza-il-metodo-fasemodus\/#primaryimage"},"thumbnailUrl":"https:\/\/www.matrix4design.com\/wp-content\/uploads\/2023\/02\/Ritratto-Luca-Bucci-e-Stefano-Cellerino.jpg","datePublished":"2023-02-15T10:00:49+00:00","description":"In questa intervista esclusiva Luca Bucci e Stefano Cellerino, fondatori dello studio milanese FaseModus, raccontano la loro esperienza di architetti alle prese con i progetti pi\u00f9 disparati, tra retail e paesaggio, uffici e ospitalit\u00e0.","breadcrumb":{"@id":"https:\/\/www.matrix4design.com\/it\/architettura\/progettare-lesperienza-il-metodo-fasemodus\/#breadcrumb"},"inLanguage":"it-IT","potentialAction":[{"@type":"ReadAction","target":["https:\/\/www.matrix4design.com\/it\/architettura\/progettare-lesperienza-il-metodo-fasemodus\/"]}]},{"@type":"ImageObject","inLanguage":"it-IT","@id":"https:\/\/www.matrix4design.com\/it\/architettura\/progettare-lesperienza-il-metodo-fasemodus\/#primaryimage","url":"https:\/\/www.matrix4design.com\/wp-content\/uploads\/2023\/02\/Ritratto-Luca-Bucci-e-Stefano-Cellerino.jpg","contentUrl":"https:\/\/www.matrix4design.com\/wp-content\/uploads\/2023\/02\/Ritratto-Luca-Bucci-e-Stefano-Cellerino.jpg","width":1600,"height":1067},{"@type":"BreadcrumbList","@id":"https:\/\/www.matrix4design.com\/it\/architettura\/progettare-lesperienza-il-metodo-fasemodus\/#breadcrumb","itemListElement":[{"@type":"ListItem","position":1,"name":"Home","item":"https:\/\/www.matrix4design.com\/it\/"},{"@type":"ListItem","position":2,"name":"Progettare l\u2019esperienza: il metodo FaseModus"}]},{"@type":"WebSite","@id":"https:\/\/www.matrix4design.com\/it\/#website","url":"https:\/\/www.matrix4design.com\/it\/","name":"Matrix4Design","description":"Digital architecture and design b2b magazine","publisher":{"@id":"https:\/\/www.matrix4design.com\/it\/#organization"},"potentialAction":[{"@type":"SearchAction","target":{"@type":"EntryPoint","urlTemplate":"https:\/\/www.matrix4design.com\/it\/?s={search_term_string}"},"query-input":{"@type":"PropertyValueSpecification","valueRequired":true,"valueName":"search_term_string"}}],"inLanguage":"it-IT"},{"@type":"Organization","@id":"https:\/\/www.matrix4design.com\/it\/#organization","name":"Matrix4Design","url":"https:\/\/www.matrix4design.com\/it\/","logo":{"@type":"ImageObject","inLanguage":"it-IT","@id":"https:\/\/www.matrix4design.com\/it\/#\/schema\/logo\/image\/","url":"https:\/\/www.matrix4design.com\/wp-content\/uploads\/2020\/04\/logo_matrix4design.png","contentUrl":"https:\/\/www.matrix4design.com\/wp-content\/uploads\/2020\/04\/logo_matrix4design.png","width":804,"height":114,"caption":"Matrix4Design"},"image":{"@id":"https:\/\/www.matrix4design.com\/it\/#\/schema\/logo\/image\/"},"sameAs":["https:\/\/www.facebook.com\/matrix4designmagazine\/","https:\/\/www.instagram.com\/matrix4designmagazine\/","https:\/\/www.youtube.com\/channel\/UCtuhSSrP3MOO_URZgv8mQ1A"]},{"@type":"Person","@id":"https:\/\/www.matrix4design.com\/it\/#\/schema\/person\/9904de51b5d381af5b1b998563d3adfe","name":"Giulia Guerra","image":{"@type":"ImageObject","inLanguage":"it-IT","@id":"https:\/\/www.matrix4design.com\/it\/#\/schema\/person\/image\/","url":"https:\/\/www.matrix4design.com\/wp-content\/uploads\/2023\/02\/logo_M4D_2023-96x96.jpg","contentUrl":"https:\/\/www.matrix4design.com\/wp-content\/uploads\/2023\/02\/logo_M4D_2023-96x96.jpg","caption":"Giulia Guerra"},"url":"https:\/\/www.matrix4design.com\/it\/author\/giuliag\/"}]}},"_links":{"self":[{"href":"https:\/\/www.matrix4design.com\/it\/wp-json\/wp\/v2\/posts\/96312","targetHints":{"allow":["GET"]}}],"collection":[{"href":"https:\/\/www.matrix4design.com\/it\/wp-json\/wp\/v2\/posts"}],"about":[{"href":"https:\/\/www.matrix4design.com\/it\/wp-json\/wp\/v2\/types\/post"}],"author":[{"embeddable":true,"href":"https:\/\/www.matrix4design.com\/it\/wp-json\/wp\/v2\/users\/31"}],"replies":[{"embeddable":true,"href":"https:\/\/www.matrix4design.com\/it\/wp-json\/wp\/v2\/comments?post=96312"}],"version-history":[{"count":2,"href":"https:\/\/www.matrix4design.com\/it\/wp-json\/wp\/v2\/posts\/96312\/revisions"}],"predecessor-version":[{"id":96320,"href":"https:\/\/www.matrix4design.com\/it\/wp-json\/wp\/v2\/posts\/96312\/revisions\/96320"}],"wp:featuredmedia":[{"embeddable":true,"href":"https:\/\/www.matrix4design.com\/it\/wp-json\/wp\/v2\/media\/96313"}],"wp:attachment":[{"href":"https:\/\/www.matrix4design.com\/it\/wp-json\/wp\/v2\/media?parent=96312"}],"wp:term":[{"taxonomy":"category","embeddable":true,"href":"https:\/\/www.matrix4design.com\/it\/wp-json\/wp\/v2\/categories?post=96312"},{"taxonomy":"post_tag","embeddable":true,"href":"https:\/\/www.matrix4design.com\/it\/wp-json\/wp\/v2\/tags?post=96312"}],"curies":[{"name":"wp","href":"https:\/\/api.w.org\/{rel}","templated":true}]}}