{"id":98587,"date":"2023-06-06T11:00:38","date_gmt":"2023-06-06T09:00:38","guid":{"rendered":"https:\/\/www.matrix4design.com\/?p=98587"},"modified":"2023-06-01T18:00:12","modified_gmt":"2023-06-01T16:00:12","slug":"torna-la-quinta-edizione-di-milano-arch-week","status":"publish","type":"post","link":"https:\/\/www.matrix4design.com\/it\/architettura\/torna-la-quinta-edizione-di-milano-arch-week\/","title":{"rendered":"Waiting for Peripheries: torna la Milano Arch Week"},"content":{"rendered":"<p>&nbsp;<\/p>\n<p>Cosa possiamo imparare dalle aree marginali? Che cosa cerchiamo in una casa? Esiste un nuovo modo di concepire l\u2019housing sociale? Quali sono i confini del centro? I quartieri sono isole o sono piuttosto strati tematici? E ancora: come possiamo costruire un\u2019infrastruttura sociale solida in grado di penetrare in ogni quartiere? Possono le scuole esserne la nuova base? Queste sono alcune delle domande che guideranno la quinta edizione della <strong>Milano Arch Week<\/strong> che andr\u00e0 in scena da <strong>mercoled\u00ec 7 giugno a domenica 11 giugno 2023.<\/strong><\/p>\n<p>Il tema della manifestazione dedicata all&#8217;architettura, alle trasformazioni urbane e al futuro delle citt\u00e0 di quest&#8217;anno \u00e8 <strong>Waiting for Peripheries<\/strong>. L&#8217;obiettivo \u00e8 quello di proporre un momento di confronto sulle energie sociali e culturali della citt\u00e0, volto ad avviare una riflessione collettiva sulle periferie.<\/p>\n<figure id=\"attachment_98589\" aria-describedby=\"caption-attachment-98589\" style=\"width: 1428px\" class=\"wp-caption aligncenter\"><img loading=\"lazy\" decoding=\"async\" class=\"wp-image-98589 size-full\" src=\"https:\/\/www.matrix4design.com\/wp-content\/uploads\/2023\/05\/milano-arch-week.png\" alt=\"\" width=\"1428\" height=\"795\" srcset=\"https:\/\/www.matrix4design.com\/wp-content\/uploads\/2023\/05\/milano-arch-week.png 1428w, https:\/\/www.matrix4design.com\/wp-content\/uploads\/2023\/05\/milano-arch-week-300x167.png 300w, https:\/\/www.matrix4design.com\/wp-content\/uploads\/2023\/05\/milano-arch-week-1024x570.png 1024w, https:\/\/www.matrix4design.com\/wp-content\/uploads\/2023\/05\/milano-arch-week-768x428.png 768w, https:\/\/www.matrix4design.com\/wp-content\/uploads\/2023\/05\/milano-arch-week-150x84.png 150w, https:\/\/www.matrix4design.com\/wp-content\/uploads\/2023\/05\/milano-arch-week-696x387.png 696w, https:\/\/www.matrix4design.com\/wp-content\/uploads\/2023\/05\/milano-arch-week-1068x595.png 1068w\" sizes=\"auto, (max-width: 1428px) 100vw, 1428px\" \/><figcaption id=\"caption-attachment-98589\" class=\"wp-caption-text\">46xy \/ Mario Piazza, Lorenzo Mazzali<\/figcaption><\/figure>\n<p>A parlare di questi temi ci saranno architetti e designer internazionali, studi e professionisti emergenti, urbanisti e paesaggisti. Tra i nomi gi\u00e0 confermati, per esempio, spiccano <strong>I\u00f1aki Carnicero<\/strong>, architetto di fama internazionale che \u00e8 stato nominato dal Primo Ministro spagnolo Pedro S\u00e1nchez Segretario generale per l\u2019Agenda urbana e l\u2019architettura e che ha promosso la stesura della prima legge statale sulla qualit\u00e0 dell\u2019architettura; lo studio tedesco <strong>b+ Arno Brandlhuber<\/strong>, che si \u00e8 sempre distinto per il suo approccio sperimentale; lo studio catalano <strong>Harquitectes<\/strong>;<strong> Kersten Geers<\/strong> dello studio belga <strong>OFFICE<\/strong>;\u00a0l\u2019architetta giapponese <strong>Toshiko Mori<\/strong>, co-direttrice di \u201cDomus\u201d per il 2023.<\/p>\n<p><img loading=\"lazy\" decoding=\"async\" class=\"aligncenter wp-image-98617 size-full\" src=\"https:\/\/www.matrix4design.com\/wp-content\/uploads\/2023\/06\/Lecture-Patio-architettura-Politecnico-scaled.jpg\" alt=\"\" width=\"2560\" height=\"1709\" srcset=\"https:\/\/www.matrix4design.com\/wp-content\/uploads\/2023\/06\/Lecture-Patio-architettura-Politecnico-scaled.jpg 2560w, https:\/\/www.matrix4design.com\/wp-content\/uploads\/2023\/06\/Lecture-Patio-architettura-Politecnico-300x200.jpg 300w, https:\/\/www.matrix4design.com\/wp-content\/uploads\/2023\/06\/Lecture-Patio-architettura-Politecnico-1024x684.jpg 1024w, https:\/\/www.matrix4design.com\/wp-content\/uploads\/2023\/06\/Lecture-Patio-architettura-Politecnico-768x513.jpg 768w, https:\/\/www.matrix4design.com\/wp-content\/uploads\/2023\/06\/Lecture-Patio-architettura-Politecnico-1536x1025.jpg 1536w, https:\/\/www.matrix4design.com\/wp-content\/uploads\/2023\/06\/Lecture-Patio-architettura-Politecnico-2048x1367.jpg 2048w, https:\/\/www.matrix4design.com\/wp-content\/uploads\/2023\/06\/Lecture-Patio-architettura-Politecnico-150x100.jpg 150w, https:\/\/www.matrix4design.com\/wp-content\/uploads\/2023\/06\/Lecture-Patio-architettura-Politecnico-696x465.jpg 696w, https:\/\/www.matrix4design.com\/wp-content\/uploads\/2023\/06\/Lecture-Patio-architettura-Politecnico-1068x713.jpg 1068w, https:\/\/www.matrix4design.com\/wp-content\/uploads\/2023\/06\/Lecture-Patio-architettura-Politecnico-1920x1282.jpg 1920w, https:\/\/www.matrix4design.com\/wp-content\/uploads\/2023\/06\/Lecture-Patio-architettura-Politecnico-1800x1202.jpg 1800w\" sizes=\"auto, (max-width: 2560px) 100vw, 2560px\" \/><\/p>\n<p>La novit\u00e0 di quest&#8217;anno per\u00f2 \u00e8 che Milano Arch Week <strong>espande i suoi confini<\/strong> entrando in diverse sedi della citt\u00e0 come scuole, teatri, associazioni, biblioteche, giardini di quartiere per un totale di<strong> 40 luoghi<\/strong> che tracciano una rete che dal centro arriva ai quartieri pi\u00f9 esterni. Non mancheranno poi i tour realizzati da <strong>Urban Center Milano<\/strong> e dall&#8217;<strong>Assessorato Rigenerazione Urbana del Comune di Milano<\/strong>, che guideranno i partecipanti alla scoperta delle potenzialit\u00e0 future di tre aree della citt\u00e0: Crescenzago, Lorenteggio\/Giambellino e Stazione Centrale\/Loreto.<\/p>\n<p>Confermati, invece, il <strong>Politecnico di Milano<\/strong> e <a href=\"https:\/\/triennale.org\/milano-arch-week-22-23\" target=\"_blank\" rel=\"noopener\"><strong>Triennale Milano<\/strong><\/a> come sedi principali di Milano Arch Week per ospitare tavoli di lavoro, talk, lecture e workshop.<\/p>\n","protected":false},"excerpt":{"rendered":"<p>&nbsp; Cosa possiamo imparare dalle aree marginali? Che cosa cerchiamo in una casa? Esiste un nuovo modo di concepire l\u2019housing sociale? Quali sono i confini del centro? I quartieri sono isole o sono piuttosto strati tematici? E ancora: come possiamo costruire un\u2019infrastruttura sociale solida in grado di penetrare in ogni quartiere? Possono le scuole esserne [&hellip;]<\/p>\n","protected":false},"author":6,"featured_media":98588,"comment_status":"closed","ping_status":"closed","sticky":false,"template":"","format":"standard","meta":{"_acf_changed":false,"footnotes":""},"categories":[367,417,368],"tags":[],"class_list":{"0":"post-98587","1":"post","2":"type-post","3":"status-publish","4":"format-standard","5":"has-post-thumbnail","7":"category-architettura","8":"category-architettura-home","9":"category-featured"},"acf":[],"yoast_head":"<!-- This site is optimized with the Yoast SEO plugin v27.0 - https:\/\/yoast.com\/product\/yoast-seo-wordpress\/ -->\n<title>Waiting for Peripheries: torna la Milano Arch Week<\/title>\n<meta name=\"description\" content=\"Dal 7 all&#039;11 giugno torna, per la sua quinta edizione, Milano Arch Week, la manifestazione dedicata all&#039;architettura, alle trasformazioni urbane e al futuro delle citt\u00e0.\" \/>\n<meta name=\"robots\" content=\"index, follow, max-snippet:-1, max-image-preview:large, max-video-preview:-1\" \/>\n<link rel=\"canonical\" href=\"https:\/\/www.matrix4design.com\/it\/architettura\/torna-la-quinta-edizione-di-milano-arch-week\/\" \/>\n<meta property=\"og:locale\" content=\"it_IT\" \/>\n<meta property=\"og:type\" content=\"article\" \/>\n<meta property=\"og:title\" content=\"Waiting for Peripheries: torna la Milano Arch Week\" \/>\n<meta property=\"og:description\" content=\"Dal 7 all&#039;11 giugno torna, per la sua quinta edizione, Milano Arch Week, la manifestazione dedicata all&#039;architettura, alle trasformazioni urbane e al futuro delle citt\u00e0.\" \/>\n<meta property=\"og:url\" content=\"https:\/\/www.matrix4design.com\/it\/architettura\/torna-la-quinta-edizione-di-milano-arch-week\/\" \/>\n<meta property=\"og:site_name\" content=\"Matrix4Design\" \/>\n<meta property=\"article:publisher\" content=\"https:\/\/www.facebook.com\/matrix4designmagazine\/\" \/>\n<meta property=\"article:published_time\" content=\"2023-06-06T09:00:38+00:00\" \/>\n<meta property=\"og:image\" content=\"https:\/\/www.matrix4design.com\/wp-content\/uploads\/2023\/05\/pexels-yentl-jacobs-157811-scaled.jpg\" \/>\n\t<meta property=\"og:image:width\" content=\"2560\" \/>\n\t<meta property=\"og:image:height\" content=\"1707\" \/>\n\t<meta property=\"og:image:type\" content=\"image\/jpeg\" \/>\n<meta name=\"author\" content=\"Redazione\" \/>\n<meta name=\"twitter:card\" content=\"summary_large_image\" \/>\n<meta name=\"twitter:label1\" content=\"Scritto da\" \/>\n\t<meta name=\"twitter:data1\" content=\"Redazione\" \/>\n\t<meta name=\"twitter:label2\" content=\"Tempo di lettura stimato\" \/>\n\t<meta name=\"twitter:data2\" content=\"3 minuti\" \/>\n<script type=\"application\/ld+json\" class=\"yoast-schema-graph\">{\"@context\":\"https:\/\/schema.org\",\"@graph\":[{\"@type\":\"Article\",\"@id\":\"https:\/\/www.matrix4design.com\/it\/architettura\/torna-la-quinta-edizione-di-milano-arch-week\/#article\",\"isPartOf\":{\"@id\":\"https:\/\/www.matrix4design.com\/it\/architettura\/torna-la-quinta-edizione-di-milano-arch-week\/\"},\"author\":{\"name\":\"Redazione\",\"@id\":\"https:\/\/www.matrix4design.com\/it\/#\/schema\/person\/b2b6dd48f9d6892ca224742379951fa1\"},\"headline\":\"Waiting for Peripheries: torna la Milano Arch Week\",\"datePublished\":\"2023-06-06T09:00:38+00:00\",\"mainEntityOfPage\":{\"@id\":\"https:\/\/www.matrix4design.com\/it\/architettura\/torna-la-quinta-edizione-di-milano-arch-week\/\"},\"wordCount\":360,\"publisher\":{\"@id\":\"https:\/\/www.matrix4design.com\/it\/#organization\"},\"image\":{\"@id\":\"https:\/\/www.matrix4design.com\/it\/architettura\/torna-la-quinta-edizione-di-milano-arch-week\/#primaryimage\"},\"thumbnailUrl\":\"https:\/\/www.matrix4design.com\/wp-content\/uploads\/2023\/05\/pexels-yentl-jacobs-157811-scaled.jpg\",\"articleSection\":[\"Architettura\",\"Architettura home\",\"Featured\"],\"inLanguage\":\"it-IT\"},{\"@type\":\"WebPage\",\"@id\":\"https:\/\/www.matrix4design.com\/it\/architettura\/torna-la-quinta-edizione-di-milano-arch-week\/\",\"url\":\"https:\/\/www.matrix4design.com\/it\/architettura\/torna-la-quinta-edizione-di-milano-arch-week\/\",\"name\":\"Waiting for Peripheries: torna la Milano Arch Week\",\"isPartOf\":{\"@id\":\"https:\/\/www.matrix4design.com\/it\/#website\"},\"primaryImageOfPage\":{\"@id\":\"https:\/\/www.matrix4design.com\/it\/architettura\/torna-la-quinta-edizione-di-milano-arch-week\/#primaryimage\"},\"image\":{\"@id\":\"https:\/\/www.matrix4design.com\/it\/architettura\/torna-la-quinta-edizione-di-milano-arch-week\/#primaryimage\"},\"thumbnailUrl\":\"https:\/\/www.matrix4design.com\/wp-content\/uploads\/2023\/05\/pexels-yentl-jacobs-157811-scaled.jpg\",\"datePublished\":\"2023-06-06T09:00:38+00:00\",\"description\":\"Dal 7 all'11 giugno torna, per la sua quinta edizione, Milano Arch Week, la manifestazione dedicata all'architettura, alle trasformazioni urbane e al futuro delle citt\u00e0.\",\"breadcrumb\":{\"@id\":\"https:\/\/www.matrix4design.com\/it\/architettura\/torna-la-quinta-edizione-di-milano-arch-week\/#breadcrumb\"},\"inLanguage\":\"it-IT\",\"potentialAction\":[{\"@type\":\"ReadAction\",\"target\":[\"https:\/\/www.matrix4design.com\/it\/architettura\/torna-la-quinta-edizione-di-milano-arch-week\/\"]}]},{\"@type\":\"ImageObject\",\"inLanguage\":\"it-IT\",\"@id\":\"https:\/\/www.matrix4design.com\/it\/architettura\/torna-la-quinta-edizione-di-milano-arch-week\/#primaryimage\",\"url\":\"https:\/\/www.matrix4design.com\/wp-content\/uploads\/2023\/05\/pexels-yentl-jacobs-157811-scaled.jpg\",\"contentUrl\":\"https:\/\/www.matrix4design.com\/wp-content\/uploads\/2023\/05\/pexels-yentl-jacobs-157811-scaled.jpg\",\"width\":2560,\"height\":1707,\"caption\":\"milano arch week\"},{\"@type\":\"BreadcrumbList\",\"@id\":\"https:\/\/www.matrix4design.com\/it\/architettura\/torna-la-quinta-edizione-di-milano-arch-week\/#breadcrumb\",\"itemListElement\":[{\"@type\":\"ListItem\",\"position\":1,\"name\":\"Home\",\"item\":\"https:\/\/www.matrix4design.com\/it\/\"},{\"@type\":\"ListItem\",\"position\":2,\"name\":\"Waiting for Peripheries: torna la Milano Arch Week\"}]},{\"@type\":\"WebSite\",\"@id\":\"https:\/\/www.matrix4design.com\/it\/#website\",\"url\":\"https:\/\/www.matrix4design.com\/it\/\",\"name\":\"Matrix4Design\",\"description\":\"Digital architecture and design b2b magazine\",\"publisher\":{\"@id\":\"https:\/\/www.matrix4design.com\/it\/#organization\"},\"potentialAction\":[{\"@type\":\"SearchAction\",\"target\":{\"@type\":\"EntryPoint\",\"urlTemplate\":\"https:\/\/www.matrix4design.com\/it\/?s={search_term_string}\"},\"query-input\":{\"@type\":\"PropertyValueSpecification\",\"valueRequired\":true,\"valueName\":\"search_term_string\"}}],\"inLanguage\":\"it-IT\"},{\"@type\":\"Organization\",\"@id\":\"https:\/\/www.matrix4design.com\/it\/#organization\",\"name\":\"Matrix4Design\",\"url\":\"https:\/\/www.matrix4design.com\/it\/\",\"logo\":{\"@type\":\"ImageObject\",\"inLanguage\":\"it-IT\",\"@id\":\"https:\/\/www.matrix4design.com\/it\/#\/schema\/logo\/image\/\",\"url\":\"https:\/\/www.matrix4design.com\/wp-content\/uploads\/2020\/04\/logo_matrix4design.png\",\"contentUrl\":\"https:\/\/www.matrix4design.com\/wp-content\/uploads\/2020\/04\/logo_matrix4design.png\",\"width\":804,\"height\":114,\"caption\":\"Matrix4Design\"},\"image\":{\"@id\":\"https:\/\/www.matrix4design.com\/it\/#\/schema\/logo\/image\/\"},\"sameAs\":[\"https:\/\/www.facebook.com\/matrix4designmagazine\/\",\"https:\/\/www.instagram.com\/matrix4designmagazine\/\",\"https:\/\/www.youtube.com\/channel\/UCtuhSSrP3MOO_URZgv8mQ1A\"]},{\"@type\":\"Person\",\"@id\":\"https:\/\/www.matrix4design.com\/it\/#\/schema\/person\/b2b6dd48f9d6892ca224742379951fa1\",\"name\":\"Redazione\",\"image\":{\"@type\":\"ImageObject\",\"inLanguage\":\"it-IT\",\"@id\":\"https:\/\/www.matrix4design.com\/it\/#\/schema\/person\/image\/\",\"url\":\"https:\/\/www.matrix4design.com\/wp-content\/uploads\/2023\/01\/logo_M4D_2023-96x96.jpg\",\"contentUrl\":\"https:\/\/www.matrix4design.com\/wp-content\/uploads\/2023\/01\/logo_M4D_2023-96x96.jpg\",\"caption\":\"Redazione\"},\"url\":\"https:\/\/www.matrix4design.com\/it\/author\/redazione\/\"}]}<\/script>\n<!-- \/ Yoast SEO plugin. -->","yoast_head_json":{"title":"Waiting for Peripheries: torna la Milano Arch Week","description":"Dal 7 all'11 giugno torna, per la sua quinta edizione, Milano Arch Week, la manifestazione dedicata all'architettura, alle trasformazioni urbane e al futuro delle citt\u00e0.","robots":{"index":"index","follow":"follow","max-snippet":"max-snippet:-1","max-image-preview":"max-image-preview:large","max-video-preview":"max-video-preview:-1"},"canonical":"https:\/\/www.matrix4design.com\/it\/architettura\/torna-la-quinta-edizione-di-milano-arch-week\/","og_locale":"it_IT","og_type":"article","og_title":"Waiting for Peripheries: torna la Milano Arch Week","og_description":"Dal 7 all'11 giugno torna, per la sua quinta edizione, Milano Arch Week, la manifestazione dedicata all'architettura, alle trasformazioni urbane e al futuro delle citt\u00e0.","og_url":"https:\/\/www.matrix4design.com\/it\/architettura\/torna-la-quinta-edizione-di-milano-arch-week\/","og_site_name":"Matrix4Design","article_publisher":"https:\/\/www.facebook.com\/matrix4designmagazine\/","article_published_time":"2023-06-06T09:00:38+00:00","og_image":[{"width":2560,"height":1707,"url":"https:\/\/www.matrix4design.com\/wp-content\/uploads\/2023\/05\/pexels-yentl-jacobs-157811-scaled.jpg","type":"image\/jpeg"}],"author":"Redazione","twitter_card":"summary_large_image","twitter_misc":{"Scritto da":"Redazione","Tempo di lettura stimato":"3 minuti"},"schema":{"@context":"https:\/\/schema.org","@graph":[{"@type":"Article","@id":"https:\/\/www.matrix4design.com\/it\/architettura\/torna-la-quinta-edizione-di-milano-arch-week\/#article","isPartOf":{"@id":"https:\/\/www.matrix4design.com\/it\/architettura\/torna-la-quinta-edizione-di-milano-arch-week\/"},"author":{"name":"Redazione","@id":"https:\/\/www.matrix4design.com\/it\/#\/schema\/person\/b2b6dd48f9d6892ca224742379951fa1"},"headline":"Waiting for Peripheries: torna la Milano Arch Week","datePublished":"2023-06-06T09:00:38+00:00","mainEntityOfPage":{"@id":"https:\/\/www.matrix4design.com\/it\/architettura\/torna-la-quinta-edizione-di-milano-arch-week\/"},"wordCount":360,"publisher":{"@id":"https:\/\/www.matrix4design.com\/it\/#organization"},"image":{"@id":"https:\/\/www.matrix4design.com\/it\/architettura\/torna-la-quinta-edizione-di-milano-arch-week\/#primaryimage"},"thumbnailUrl":"https:\/\/www.matrix4design.com\/wp-content\/uploads\/2023\/05\/pexels-yentl-jacobs-157811-scaled.jpg","articleSection":["Architettura","Architettura home","Featured"],"inLanguage":"it-IT"},{"@type":"WebPage","@id":"https:\/\/www.matrix4design.com\/it\/architettura\/torna-la-quinta-edizione-di-milano-arch-week\/","url":"https:\/\/www.matrix4design.com\/it\/architettura\/torna-la-quinta-edizione-di-milano-arch-week\/","name":"Waiting for Peripheries: torna la Milano Arch Week","isPartOf":{"@id":"https:\/\/www.matrix4design.com\/it\/#website"},"primaryImageOfPage":{"@id":"https:\/\/www.matrix4design.com\/it\/architettura\/torna-la-quinta-edizione-di-milano-arch-week\/#primaryimage"},"image":{"@id":"https:\/\/www.matrix4design.com\/it\/architettura\/torna-la-quinta-edizione-di-milano-arch-week\/#primaryimage"},"thumbnailUrl":"https:\/\/www.matrix4design.com\/wp-content\/uploads\/2023\/05\/pexels-yentl-jacobs-157811-scaled.jpg","datePublished":"2023-06-06T09:00:38+00:00","description":"Dal 7 all'11 giugno torna, per la sua quinta edizione, Milano Arch Week, la manifestazione dedicata all'architettura, alle trasformazioni urbane e al futuro delle citt\u00e0.","breadcrumb":{"@id":"https:\/\/www.matrix4design.com\/it\/architettura\/torna-la-quinta-edizione-di-milano-arch-week\/#breadcrumb"},"inLanguage":"it-IT","potentialAction":[{"@type":"ReadAction","target":["https:\/\/www.matrix4design.com\/it\/architettura\/torna-la-quinta-edizione-di-milano-arch-week\/"]}]},{"@type":"ImageObject","inLanguage":"it-IT","@id":"https:\/\/www.matrix4design.com\/it\/architettura\/torna-la-quinta-edizione-di-milano-arch-week\/#primaryimage","url":"https:\/\/www.matrix4design.com\/wp-content\/uploads\/2023\/05\/pexels-yentl-jacobs-157811-scaled.jpg","contentUrl":"https:\/\/www.matrix4design.com\/wp-content\/uploads\/2023\/05\/pexels-yentl-jacobs-157811-scaled.jpg","width":2560,"height":1707,"caption":"milano arch week"},{"@type":"BreadcrumbList","@id":"https:\/\/www.matrix4design.com\/it\/architettura\/torna-la-quinta-edizione-di-milano-arch-week\/#breadcrumb","itemListElement":[{"@type":"ListItem","position":1,"name":"Home","item":"https:\/\/www.matrix4design.com\/it\/"},{"@type":"ListItem","position":2,"name":"Waiting for Peripheries: torna la Milano Arch Week"}]},{"@type":"WebSite","@id":"https:\/\/www.matrix4design.com\/it\/#website","url":"https:\/\/www.matrix4design.com\/it\/","name":"Matrix4Design","description":"Digital architecture and design b2b magazine","publisher":{"@id":"https:\/\/www.matrix4design.com\/it\/#organization"},"potentialAction":[{"@type":"SearchAction","target":{"@type":"EntryPoint","urlTemplate":"https:\/\/www.matrix4design.com\/it\/?s={search_term_string}"},"query-input":{"@type":"PropertyValueSpecification","valueRequired":true,"valueName":"search_term_string"}}],"inLanguage":"it-IT"},{"@type":"Organization","@id":"https:\/\/www.matrix4design.com\/it\/#organization","name":"Matrix4Design","url":"https:\/\/www.matrix4design.com\/it\/","logo":{"@type":"ImageObject","inLanguage":"it-IT","@id":"https:\/\/www.matrix4design.com\/it\/#\/schema\/logo\/image\/","url":"https:\/\/www.matrix4design.com\/wp-content\/uploads\/2020\/04\/logo_matrix4design.png","contentUrl":"https:\/\/www.matrix4design.com\/wp-content\/uploads\/2020\/04\/logo_matrix4design.png","width":804,"height":114,"caption":"Matrix4Design"},"image":{"@id":"https:\/\/www.matrix4design.com\/it\/#\/schema\/logo\/image\/"},"sameAs":["https:\/\/www.facebook.com\/matrix4designmagazine\/","https:\/\/www.instagram.com\/matrix4designmagazine\/","https:\/\/www.youtube.com\/channel\/UCtuhSSrP3MOO_URZgv8mQ1A"]},{"@type":"Person","@id":"https:\/\/www.matrix4design.com\/it\/#\/schema\/person\/b2b6dd48f9d6892ca224742379951fa1","name":"Redazione","image":{"@type":"ImageObject","inLanguage":"it-IT","@id":"https:\/\/www.matrix4design.com\/it\/#\/schema\/person\/image\/","url":"https:\/\/www.matrix4design.com\/wp-content\/uploads\/2023\/01\/logo_M4D_2023-96x96.jpg","contentUrl":"https:\/\/www.matrix4design.com\/wp-content\/uploads\/2023\/01\/logo_M4D_2023-96x96.jpg","caption":"Redazione"},"url":"https:\/\/www.matrix4design.com\/it\/author\/redazione\/"}]}},"_links":{"self":[{"href":"https:\/\/www.matrix4design.com\/it\/wp-json\/wp\/v2\/posts\/98587","targetHints":{"allow":["GET"]}}],"collection":[{"href":"https:\/\/www.matrix4design.com\/it\/wp-json\/wp\/v2\/posts"}],"about":[{"href":"https:\/\/www.matrix4design.com\/it\/wp-json\/wp\/v2\/types\/post"}],"author":[{"embeddable":true,"href":"https:\/\/www.matrix4design.com\/it\/wp-json\/wp\/v2\/users\/6"}],"replies":[{"embeddable":true,"href":"https:\/\/www.matrix4design.com\/it\/wp-json\/wp\/v2\/comments?post=98587"}],"version-history":[{"count":4,"href":"https:\/\/www.matrix4design.com\/it\/wp-json\/wp\/v2\/posts\/98587\/revisions"}],"predecessor-version":[{"id":98618,"href":"https:\/\/www.matrix4design.com\/it\/wp-json\/wp\/v2\/posts\/98587\/revisions\/98618"}],"wp:featuredmedia":[{"embeddable":true,"href":"https:\/\/www.matrix4design.com\/it\/wp-json\/wp\/v2\/media\/98588"}],"wp:attachment":[{"href":"https:\/\/www.matrix4design.com\/it\/wp-json\/wp\/v2\/media?parent=98587"}],"wp:term":[{"taxonomy":"category","embeddable":true,"href":"https:\/\/www.matrix4design.com\/it\/wp-json\/wp\/v2\/categories?post=98587"},{"taxonomy":"post_tag","embeddable":true,"href":"https:\/\/www.matrix4design.com\/it\/wp-json\/wp\/v2\/tags?post=98587"}],"curies":[{"name":"wp","href":"https:\/\/api.w.org\/{rel}","templated":true}]}}