{"id":98649,"date":"2023-06-13T11:00:48","date_gmt":"2023-06-13T09:00:48","guid":{"rendered":"https:\/\/www.matrix4design.com\/?p=98649"},"modified":"2023-06-14T10:59:05","modified_gmt":"2023-06-14T08:59:05","slug":"le-maniglie-un-oggetto-di-design-che-apre-a-un-nuovo-mondo","status":"publish","type":"post","link":"https:\/\/www.matrix4design.com\/it\/design\/le-maniglie-un-oggetto-di-design-che-apre-a-un-nuovo-mondo\/","title":{"rendered":"Maniglie: il dettaglio che fa la differenza"},"content":{"rendered":"<p>&nbsp;<\/p>\n<p>Non sempre si fa caso alle <strong>maniglie<\/strong>. Spesso sono viste come semplici elementi presenti in virt\u00f9 della loro utilit\u00e0 senza troppa attenzione al design. E invece una maniglia \u00e8 l&#8217;inizio di un&#8217;avventura, il mezzo per accedere a un nuovo mondo, e anch&#8217;esse hanno una storia e uno studio accurato dietro di s\u00e9. Lo sanno bene coloro che lavorano per realizzarle e che ogni anno presentano interessanti novit\u00e0 come <strong><a href=\"https:\/\/www.frascio.it\/\" target=\"_blank\" rel=\"noopener\">Frascio<\/a><\/strong>, <strong><a href=\"https:\/\/www.vallihandles.com\/it\/it\" target=\"_blank\" rel=\"noopener\">Valli<\/a> <\/strong>e <a href=\"http:\/\/www.manital.it\/\" target=\"_blank\" rel=\"noopener\"><strong>Manital<\/strong><\/a>.<\/p>\n<h2>Le maniglie d&#8217;autore di Frascio<\/h2>\n<p>La <strong>collezione 2023<\/strong> di Frascio propone <strong>sette<\/strong> diverse <strong>maniglie d&#8217;autore<\/strong>, tutte studiate per scoprire ed interpretare i nuovi orizzonti dell\u2019architettura e degli spazi residenziali.<\/p>\n<p><img loading=\"lazy\" decoding=\"async\" class=\"aligncenter wp-image-98654 size-full\" src=\"https:\/\/www.matrix4design.com\/wp-content\/uploads\/2023\/06\/Frascio-mod-Seppia-2023-colore-.jpg\" alt=\"\" width=\"923\" height=\"1200\" srcset=\"https:\/\/www.matrix4design.com\/wp-content\/uploads\/2023\/06\/Frascio-mod-Seppia-2023-colore-.jpg 923w, https:\/\/www.matrix4design.com\/wp-content\/uploads\/2023\/06\/Frascio-mod-Seppia-2023-colore--231x300.jpg 231w, https:\/\/www.matrix4design.com\/wp-content\/uploads\/2023\/06\/Frascio-mod-Seppia-2023-colore--788x1024.jpg 788w, https:\/\/www.matrix4design.com\/wp-content\/uploads\/2023\/06\/Frascio-mod-Seppia-2023-colore--768x998.jpg 768w, https:\/\/www.matrix4design.com\/wp-content\/uploads\/2023\/06\/Frascio-mod-Seppia-2023-colore--150x195.jpg 150w, https:\/\/www.matrix4design.com\/wp-content\/uploads\/2023\/06\/Frascio-mod-Seppia-2023-colore--300x390.jpg 300w, https:\/\/www.matrix4design.com\/wp-content\/uploads\/2023\/06\/Frascio-mod-Seppia-2023-colore--696x905.jpg 696w\" sizes=\"auto, (max-width: 923px) 100vw, 923px\" \/><\/p>\n<p>I modelli si differenziano tra loro per<strong> stili e finiture<\/strong> cos\u00ec da poter prontamente rispondere alle esigenze dell&#8217;abitare contemporaneo. Le nuove maniglie si chiamano <strong>Seppia, Decima, Sigma, Drop, Zoe, Form e Teckne.<\/strong><\/p>\n<h2>Ala, la maniglia di Manital e Bartoli Design<\/h2>\n<p>Dalla collaborazione tra <strong>Manital<\/strong> e <strong>Bartoli Design<\/strong> nasce <strong>Ala<\/strong>, la nuova maniglia appena presentata dal brand.<\/p>\n<p><img loading=\"lazy\" decoding=\"async\" class=\"aligncenter wp-image-98656 size-full\" src=\"https:\/\/www.matrix4design.com\/wp-content\/uploads\/2023\/06\/Manital-Ala_Bartoli-Design-01-low.jpg\" alt=\"\" width=\"1200\" height=\"800\" srcset=\"https:\/\/www.matrix4design.com\/wp-content\/uploads\/2023\/06\/Manital-Ala_Bartoli-Design-01-low.jpg 1200w, https:\/\/www.matrix4design.com\/wp-content\/uploads\/2023\/06\/Manital-Ala_Bartoli-Design-01-low-300x200.jpg 300w, https:\/\/www.matrix4design.com\/wp-content\/uploads\/2023\/06\/Manital-Ala_Bartoli-Design-01-low-1024x683.jpg 1024w, https:\/\/www.matrix4design.com\/wp-content\/uploads\/2023\/06\/Manital-Ala_Bartoli-Design-01-low-768x512.jpg 768w, https:\/\/www.matrix4design.com\/wp-content\/uploads\/2023\/06\/Manital-Ala_Bartoli-Design-01-low-150x100.jpg 150w, https:\/\/www.matrix4design.com\/wp-content\/uploads\/2023\/06\/Manital-Ala_Bartoli-Design-01-low-696x464.jpg 696w, https:\/\/www.matrix4design.com\/wp-content\/uploads\/2023\/06\/Manital-Ala_Bartoli-Design-01-low-1068x712.jpg 1068w\" sizes=\"auto, (max-width: 1200px) 100vw, 1200px\" \/><\/p>\n<p>Ala, pensata per <strong>porte e finestre<\/strong>, ha una <strong>forma leggera e delicata<\/strong> proprio come l&#8217;ala di una libellula dalla quale prende il nome. Il modello \u00e8 realizzato in <strong>zama<\/strong> ed \u00e8 disponibile nelle finiture <strong>cromo<\/strong>,<strong> cromo satinato<\/strong>, <strong>nickel satinato<\/strong>,<strong> bronzo opaco<\/strong>,<strong> antracite<\/strong>,<strong> bianco e nero<\/strong>.<\/p>\n<h2>La collezione Fusital di Valli<\/h2>\n<p>Infine, <strong>Valli<\/strong>\u00a0ha presentato diverse maniglie della sua ultima collezione <strong>Fusital<\/strong>, tutte realizzate da grandi designer come <strong>Antonio Citterio<\/strong>, lo studio <strong>Perkins&amp;Will<\/strong>, lo <strong>Studio Meneghello Paolelli <\/strong>e <strong>Federica Biasi.<\/strong><\/p>\n<p><img loading=\"lazy\" decoding=\"async\" class=\"aligncenter wp-image-98655 size-full\" src=\"https:\/\/www.matrix4design.com\/wp-content\/uploads\/2023\/06\/H-385-Federica-Biasi-2.jpg\" alt=\"\" width=\"900\" height=\"1200\" srcset=\"https:\/\/www.matrix4design.com\/wp-content\/uploads\/2023\/06\/H-385-Federica-Biasi-2.jpg 900w, https:\/\/www.matrix4design.com\/wp-content\/uploads\/2023\/06\/H-385-Federica-Biasi-2-225x300.jpg 225w, https:\/\/www.matrix4design.com\/wp-content\/uploads\/2023\/06\/H-385-Federica-Biasi-2-768x1024.jpg 768w, https:\/\/www.matrix4design.com\/wp-content\/uploads\/2023\/06\/H-385-Federica-Biasi-2-150x200.jpg 150w, https:\/\/www.matrix4design.com\/wp-content\/uploads\/2023\/06\/H-385-Federica-Biasi-2-300x400.jpg 300w, https:\/\/www.matrix4design.com\/wp-content\/uploads\/2023\/06\/H-385-Federica-Biasi-2-696x928.jpg 696w\" sizes=\"auto, (max-width: 900px) 100vw, 900px\" \/><\/p>\n<p>Proprio quello realizzato da Federica Biasi, in particolare, \u00e8 stato l&#8217;ultimo modello presentato dal brand. Si tratta della maniglia <strong>H385<\/strong> che <strong>si ispira alla natura<\/strong> e in particolare alla <strong>forma del ramo<\/strong>. Grazie alla sua silhouette funzionale ed ergonomica e al suo tratto sinuoso e gentile la maniglia diventa un elemento d\u2019arredo non solo confortevole all\u2019uso, ma anche di grande impatto estetico, capace di aggiungere a ogni ambiente un alito di leggerezza, proprio come fosse un ramo carezzato dalla brezza, fragile ma saldo, delicato ma tenace.<\/p>\n","protected":false},"excerpt":{"rendered":"<p>&nbsp; Non sempre si fa caso alle maniglie. Spesso sono viste come semplici elementi presenti in virt\u00f9 della loro utilit\u00e0 senza troppa attenzione al design. E invece una maniglia \u00e8 l&#8217;inizio di un&#8217;avventura, il mezzo per accedere a un nuovo mondo, e anch&#8217;esse hanno una storia e uno studio accurato dietro di s\u00e9. Lo sanno [&hellip;]<\/p>\n","protected":false},"author":42,"featured_media":98656,"comment_status":"closed","ping_status":"closed","sticky":false,"template":"","format":"standard","meta":{"_acf_changed":false,"footnotes":""},"categories":[366,418,368],"tags":[],"class_list":{"0":"post-98649","1":"post","2":"type-post","3":"status-publish","4":"format-standard","5":"has-post-thumbnail","7":"category-design","8":"category-design-home","9":"category-featured"},"acf":[],"yoast_head":"<!-- This site is optimized with the Yoast SEO plugin v27.0 - https:\/\/yoast.com\/product\/yoast-seo-wordpress\/ -->\n<title>Maniglie: il dettaglio che fa la differenza<\/title>\n<meta name=\"description\" content=\"La bellezza delle maniglie, oggetti di design che ci aprono a nuovi mondi. Ecco alcune delle novit\u00e0 2023 di Frascio, Manital e Valli.\" \/>\n<meta name=\"robots\" content=\"index, follow, max-snippet:-1, max-image-preview:large, max-video-preview:-1\" \/>\n<link rel=\"canonical\" href=\"https:\/\/www.matrix4design.com\/it\/design\/le-maniglie-un-oggetto-di-design-che-apre-a-un-nuovo-mondo\/\" \/>\n<meta property=\"og:locale\" content=\"it_IT\" \/>\n<meta property=\"og:type\" content=\"article\" \/>\n<meta property=\"og:title\" content=\"Maniglie: il dettaglio che fa la differenza\" \/>\n<meta property=\"og:description\" content=\"La bellezza delle maniglie, oggetti di design che ci aprono a nuovi mondi. Ecco alcune delle novit\u00e0 2023 di Frascio, Manital e Valli.\" \/>\n<meta property=\"og:url\" content=\"https:\/\/www.matrix4design.com\/it\/design\/le-maniglie-un-oggetto-di-design-che-apre-a-un-nuovo-mondo\/\" \/>\n<meta property=\"og:site_name\" content=\"Matrix4Design\" \/>\n<meta property=\"article:publisher\" content=\"https:\/\/www.facebook.com\/matrix4designmagazine\/\" \/>\n<meta property=\"article:published_time\" content=\"2023-06-13T09:00:48+00:00\" \/>\n<meta property=\"article:modified_time\" content=\"2023-06-14T08:59:05+00:00\" \/>\n<meta property=\"og:image\" content=\"https:\/\/www.matrix4design.com\/wp-content\/uploads\/2023\/06\/Manital-Ala_Bartoli-Design-01-low.jpg\" \/>\n\t<meta property=\"og:image:width\" content=\"1200\" \/>\n\t<meta property=\"og:image:height\" content=\"800\" \/>\n\t<meta property=\"og:image:type\" content=\"image\/jpeg\" \/>\n<meta name=\"author\" content=\"Arianna De Felice\" \/>\n<meta name=\"twitter:card\" content=\"summary_large_image\" \/>\n<meta name=\"twitter:label1\" content=\"Scritto da\" \/>\n\t<meta name=\"twitter:data1\" content=\"Arianna De Felice\" \/>\n\t<meta name=\"twitter:label2\" content=\"Tempo di lettura stimato\" \/>\n\t<meta name=\"twitter:data2\" content=\"3 minuti\" \/>\n<script type=\"application\/ld+json\" class=\"yoast-schema-graph\">{\"@context\":\"https:\/\/schema.org\",\"@graph\":[{\"@type\":\"Article\",\"@id\":\"https:\/\/www.matrix4design.com\/it\/design\/le-maniglie-un-oggetto-di-design-che-apre-a-un-nuovo-mondo\/#article\",\"isPartOf\":{\"@id\":\"https:\/\/www.matrix4design.com\/it\/design\/le-maniglie-un-oggetto-di-design-che-apre-a-un-nuovo-mondo\/\"},\"author\":{\"name\":\"Arianna De Felice\",\"@id\":\"https:\/\/www.matrix4design.com\/it\/#\/schema\/person\/5cab3419363cada764945825bbc03378\"},\"headline\":\"Maniglie: il dettaglio che fa la differenza\",\"datePublished\":\"2023-06-13T09:00:48+00:00\",\"dateModified\":\"2023-06-14T08:59:05+00:00\",\"mainEntityOfPage\":{\"@id\":\"https:\/\/www.matrix4design.com\/it\/design\/le-maniglie-un-oggetto-di-design-che-apre-a-un-nuovo-mondo\/\"},\"wordCount\":338,\"publisher\":{\"@id\":\"https:\/\/www.matrix4design.com\/it\/#organization\"},\"image\":{\"@id\":\"https:\/\/www.matrix4design.com\/it\/design\/le-maniglie-un-oggetto-di-design-che-apre-a-un-nuovo-mondo\/#primaryimage\"},\"thumbnailUrl\":\"https:\/\/www.matrix4design.com\/wp-content\/uploads\/2023\/06\/Manital-Ala_Bartoli-Design-01-low.jpg\",\"articleSection\":[\"Design\",\"Design home\",\"Featured\"],\"inLanguage\":\"it-IT\"},{\"@type\":\"WebPage\",\"@id\":\"https:\/\/www.matrix4design.com\/it\/design\/le-maniglie-un-oggetto-di-design-che-apre-a-un-nuovo-mondo\/\",\"url\":\"https:\/\/www.matrix4design.com\/it\/design\/le-maniglie-un-oggetto-di-design-che-apre-a-un-nuovo-mondo\/\",\"name\":\"Maniglie: il dettaglio che fa la differenza\",\"isPartOf\":{\"@id\":\"https:\/\/www.matrix4design.com\/it\/#website\"},\"primaryImageOfPage\":{\"@id\":\"https:\/\/www.matrix4design.com\/it\/design\/le-maniglie-un-oggetto-di-design-che-apre-a-un-nuovo-mondo\/#primaryimage\"},\"image\":{\"@id\":\"https:\/\/www.matrix4design.com\/it\/design\/le-maniglie-un-oggetto-di-design-che-apre-a-un-nuovo-mondo\/#primaryimage\"},\"thumbnailUrl\":\"https:\/\/www.matrix4design.com\/wp-content\/uploads\/2023\/06\/Manital-Ala_Bartoli-Design-01-low.jpg\",\"datePublished\":\"2023-06-13T09:00:48+00:00\",\"dateModified\":\"2023-06-14T08:59:05+00:00\",\"description\":\"La bellezza delle maniglie, oggetti di design che ci aprono a nuovi mondi. Ecco alcune delle novit\u00e0 2023 di Frascio, Manital e Valli.\",\"breadcrumb\":{\"@id\":\"https:\/\/www.matrix4design.com\/it\/design\/le-maniglie-un-oggetto-di-design-che-apre-a-un-nuovo-mondo\/#breadcrumb\"},\"inLanguage\":\"it-IT\",\"potentialAction\":[{\"@type\":\"ReadAction\",\"target\":[\"https:\/\/www.matrix4design.com\/it\/design\/le-maniglie-un-oggetto-di-design-che-apre-a-un-nuovo-mondo\/\"]}]},{\"@type\":\"ImageObject\",\"inLanguage\":\"it-IT\",\"@id\":\"https:\/\/www.matrix4design.com\/it\/design\/le-maniglie-un-oggetto-di-design-che-apre-a-un-nuovo-mondo\/#primaryimage\",\"url\":\"https:\/\/www.matrix4design.com\/wp-content\/uploads\/2023\/06\/Manital-Ala_Bartoli-Design-01-low.jpg\",\"contentUrl\":\"https:\/\/www.matrix4design.com\/wp-content\/uploads\/2023\/06\/Manital-Ala_Bartoli-Design-01-low.jpg\",\"width\":1200,\"height\":800,\"caption\":\"maniglie\"},{\"@type\":\"BreadcrumbList\",\"@id\":\"https:\/\/www.matrix4design.com\/it\/design\/le-maniglie-un-oggetto-di-design-che-apre-a-un-nuovo-mondo\/#breadcrumb\",\"itemListElement\":[{\"@type\":\"ListItem\",\"position\":1,\"name\":\"Home\",\"item\":\"https:\/\/www.matrix4design.com\/it\/\"},{\"@type\":\"ListItem\",\"position\":2,\"name\":\"Maniglie: il dettaglio che fa la differenza\"}]},{\"@type\":\"WebSite\",\"@id\":\"https:\/\/www.matrix4design.com\/it\/#website\",\"url\":\"https:\/\/www.matrix4design.com\/it\/\",\"name\":\"Matrix4Design\",\"description\":\"Digital architecture and design b2b magazine\",\"publisher\":{\"@id\":\"https:\/\/www.matrix4design.com\/it\/#organization\"},\"potentialAction\":[{\"@type\":\"SearchAction\",\"target\":{\"@type\":\"EntryPoint\",\"urlTemplate\":\"https:\/\/www.matrix4design.com\/it\/?s={search_term_string}\"},\"query-input\":{\"@type\":\"PropertyValueSpecification\",\"valueRequired\":true,\"valueName\":\"search_term_string\"}}],\"inLanguage\":\"it-IT\"},{\"@type\":\"Organization\",\"@id\":\"https:\/\/www.matrix4design.com\/it\/#organization\",\"name\":\"Matrix4Design\",\"url\":\"https:\/\/www.matrix4design.com\/it\/\",\"logo\":{\"@type\":\"ImageObject\",\"inLanguage\":\"it-IT\",\"@id\":\"https:\/\/www.matrix4design.com\/it\/#\/schema\/logo\/image\/\",\"url\":\"https:\/\/www.matrix4design.com\/wp-content\/uploads\/2020\/04\/logo_matrix4design.png\",\"contentUrl\":\"https:\/\/www.matrix4design.com\/wp-content\/uploads\/2020\/04\/logo_matrix4design.png\",\"width\":804,\"height\":114,\"caption\":\"Matrix4Design\"},\"image\":{\"@id\":\"https:\/\/www.matrix4design.com\/it\/#\/schema\/logo\/image\/\"},\"sameAs\":[\"https:\/\/www.facebook.com\/matrix4designmagazine\/\",\"https:\/\/www.instagram.com\/matrix4designmagazine\/\",\"https:\/\/www.youtube.com\/channel\/UCtuhSSrP3MOO_URZgv8mQ1A\"]},{\"@type\":\"Person\",\"@id\":\"https:\/\/www.matrix4design.com\/it\/#\/schema\/person\/5cab3419363cada764945825bbc03378\",\"name\":\"Arianna De Felice\",\"image\":{\"@type\":\"ImageObject\",\"inLanguage\":\"it-IT\",\"@id\":\"https:\/\/www.matrix4design.com\/it\/#\/schema\/person\/image\/\",\"url\":\"https:\/\/secure.gravatar.com\/avatar\/a608814fcaebeafcf9459394f148f351d8304473bf763d1b34027ec3d2bc8c58?s=96&d=wp_user_avatar&r=g\",\"contentUrl\":\"https:\/\/secure.gravatar.com\/avatar\/a608814fcaebeafcf9459394f148f351d8304473bf763d1b34027ec3d2bc8c58?s=96&d=wp_user_avatar&r=g\",\"caption\":\"Arianna De Felice\"},\"url\":\"https:\/\/www.matrix4design.com\/it\/author\/arianna-de-felice\/\"}]}<\/script>\n<!-- \/ Yoast SEO plugin. -->","yoast_head_json":{"title":"Maniglie: il dettaglio che fa la differenza","description":"La bellezza delle maniglie, oggetti di design che ci aprono a nuovi mondi. Ecco alcune delle novit\u00e0 2023 di Frascio, Manital e Valli.","robots":{"index":"index","follow":"follow","max-snippet":"max-snippet:-1","max-image-preview":"max-image-preview:large","max-video-preview":"max-video-preview:-1"},"canonical":"https:\/\/www.matrix4design.com\/it\/design\/le-maniglie-un-oggetto-di-design-che-apre-a-un-nuovo-mondo\/","og_locale":"it_IT","og_type":"article","og_title":"Maniglie: il dettaglio che fa la differenza","og_description":"La bellezza delle maniglie, oggetti di design che ci aprono a nuovi mondi. Ecco alcune delle novit\u00e0 2023 di Frascio, Manital e Valli.","og_url":"https:\/\/www.matrix4design.com\/it\/design\/le-maniglie-un-oggetto-di-design-che-apre-a-un-nuovo-mondo\/","og_site_name":"Matrix4Design","article_publisher":"https:\/\/www.facebook.com\/matrix4designmagazine\/","article_published_time":"2023-06-13T09:00:48+00:00","article_modified_time":"2023-06-14T08:59:05+00:00","og_image":[{"width":1200,"height":800,"url":"https:\/\/www.matrix4design.com\/wp-content\/uploads\/2023\/06\/Manital-Ala_Bartoli-Design-01-low.jpg","type":"image\/jpeg"}],"author":"Arianna De Felice","twitter_card":"summary_large_image","twitter_misc":{"Scritto da":"Arianna De Felice","Tempo di lettura stimato":"3 minuti"},"schema":{"@context":"https:\/\/schema.org","@graph":[{"@type":"Article","@id":"https:\/\/www.matrix4design.com\/it\/design\/le-maniglie-un-oggetto-di-design-che-apre-a-un-nuovo-mondo\/#article","isPartOf":{"@id":"https:\/\/www.matrix4design.com\/it\/design\/le-maniglie-un-oggetto-di-design-che-apre-a-un-nuovo-mondo\/"},"author":{"name":"Arianna De Felice","@id":"https:\/\/www.matrix4design.com\/it\/#\/schema\/person\/5cab3419363cada764945825bbc03378"},"headline":"Maniglie: il dettaglio che fa la differenza","datePublished":"2023-06-13T09:00:48+00:00","dateModified":"2023-06-14T08:59:05+00:00","mainEntityOfPage":{"@id":"https:\/\/www.matrix4design.com\/it\/design\/le-maniglie-un-oggetto-di-design-che-apre-a-un-nuovo-mondo\/"},"wordCount":338,"publisher":{"@id":"https:\/\/www.matrix4design.com\/it\/#organization"},"image":{"@id":"https:\/\/www.matrix4design.com\/it\/design\/le-maniglie-un-oggetto-di-design-che-apre-a-un-nuovo-mondo\/#primaryimage"},"thumbnailUrl":"https:\/\/www.matrix4design.com\/wp-content\/uploads\/2023\/06\/Manital-Ala_Bartoli-Design-01-low.jpg","articleSection":["Design","Design home","Featured"],"inLanguage":"it-IT"},{"@type":"WebPage","@id":"https:\/\/www.matrix4design.com\/it\/design\/le-maniglie-un-oggetto-di-design-che-apre-a-un-nuovo-mondo\/","url":"https:\/\/www.matrix4design.com\/it\/design\/le-maniglie-un-oggetto-di-design-che-apre-a-un-nuovo-mondo\/","name":"Maniglie: il dettaglio che fa la differenza","isPartOf":{"@id":"https:\/\/www.matrix4design.com\/it\/#website"},"primaryImageOfPage":{"@id":"https:\/\/www.matrix4design.com\/it\/design\/le-maniglie-un-oggetto-di-design-che-apre-a-un-nuovo-mondo\/#primaryimage"},"image":{"@id":"https:\/\/www.matrix4design.com\/it\/design\/le-maniglie-un-oggetto-di-design-che-apre-a-un-nuovo-mondo\/#primaryimage"},"thumbnailUrl":"https:\/\/www.matrix4design.com\/wp-content\/uploads\/2023\/06\/Manital-Ala_Bartoli-Design-01-low.jpg","datePublished":"2023-06-13T09:00:48+00:00","dateModified":"2023-06-14T08:59:05+00:00","description":"La bellezza delle maniglie, oggetti di design che ci aprono a nuovi mondi. Ecco alcune delle novit\u00e0 2023 di Frascio, Manital e Valli.","breadcrumb":{"@id":"https:\/\/www.matrix4design.com\/it\/design\/le-maniglie-un-oggetto-di-design-che-apre-a-un-nuovo-mondo\/#breadcrumb"},"inLanguage":"it-IT","potentialAction":[{"@type":"ReadAction","target":["https:\/\/www.matrix4design.com\/it\/design\/le-maniglie-un-oggetto-di-design-che-apre-a-un-nuovo-mondo\/"]}]},{"@type":"ImageObject","inLanguage":"it-IT","@id":"https:\/\/www.matrix4design.com\/it\/design\/le-maniglie-un-oggetto-di-design-che-apre-a-un-nuovo-mondo\/#primaryimage","url":"https:\/\/www.matrix4design.com\/wp-content\/uploads\/2023\/06\/Manital-Ala_Bartoli-Design-01-low.jpg","contentUrl":"https:\/\/www.matrix4design.com\/wp-content\/uploads\/2023\/06\/Manital-Ala_Bartoli-Design-01-low.jpg","width":1200,"height":800,"caption":"maniglie"},{"@type":"BreadcrumbList","@id":"https:\/\/www.matrix4design.com\/it\/design\/le-maniglie-un-oggetto-di-design-che-apre-a-un-nuovo-mondo\/#breadcrumb","itemListElement":[{"@type":"ListItem","position":1,"name":"Home","item":"https:\/\/www.matrix4design.com\/it\/"},{"@type":"ListItem","position":2,"name":"Maniglie: il dettaglio che fa la differenza"}]},{"@type":"WebSite","@id":"https:\/\/www.matrix4design.com\/it\/#website","url":"https:\/\/www.matrix4design.com\/it\/","name":"Matrix4Design","description":"Digital architecture and design b2b magazine","publisher":{"@id":"https:\/\/www.matrix4design.com\/it\/#organization"},"potentialAction":[{"@type":"SearchAction","target":{"@type":"EntryPoint","urlTemplate":"https:\/\/www.matrix4design.com\/it\/?s={search_term_string}"},"query-input":{"@type":"PropertyValueSpecification","valueRequired":true,"valueName":"search_term_string"}}],"inLanguage":"it-IT"},{"@type":"Organization","@id":"https:\/\/www.matrix4design.com\/it\/#organization","name":"Matrix4Design","url":"https:\/\/www.matrix4design.com\/it\/","logo":{"@type":"ImageObject","inLanguage":"it-IT","@id":"https:\/\/www.matrix4design.com\/it\/#\/schema\/logo\/image\/","url":"https:\/\/www.matrix4design.com\/wp-content\/uploads\/2020\/04\/logo_matrix4design.png","contentUrl":"https:\/\/www.matrix4design.com\/wp-content\/uploads\/2020\/04\/logo_matrix4design.png","width":804,"height":114,"caption":"Matrix4Design"},"image":{"@id":"https:\/\/www.matrix4design.com\/it\/#\/schema\/logo\/image\/"},"sameAs":["https:\/\/www.facebook.com\/matrix4designmagazine\/","https:\/\/www.instagram.com\/matrix4designmagazine\/","https:\/\/www.youtube.com\/channel\/UCtuhSSrP3MOO_URZgv8mQ1A"]},{"@type":"Person","@id":"https:\/\/www.matrix4design.com\/it\/#\/schema\/person\/5cab3419363cada764945825bbc03378","name":"Arianna De Felice","image":{"@type":"ImageObject","inLanguage":"it-IT","@id":"https:\/\/www.matrix4design.com\/it\/#\/schema\/person\/image\/","url":"https:\/\/secure.gravatar.com\/avatar\/a608814fcaebeafcf9459394f148f351d8304473bf763d1b34027ec3d2bc8c58?s=96&d=wp_user_avatar&r=g","contentUrl":"https:\/\/secure.gravatar.com\/avatar\/a608814fcaebeafcf9459394f148f351d8304473bf763d1b34027ec3d2bc8c58?s=96&d=wp_user_avatar&r=g","caption":"Arianna De Felice"},"url":"https:\/\/www.matrix4design.com\/it\/author\/arianna-de-felice\/"}]}},"_links":{"self":[{"href":"https:\/\/www.matrix4design.com\/it\/wp-json\/wp\/v2\/posts\/98649","targetHints":{"allow":["GET"]}}],"collection":[{"href":"https:\/\/www.matrix4design.com\/it\/wp-json\/wp\/v2\/posts"}],"about":[{"href":"https:\/\/www.matrix4design.com\/it\/wp-json\/wp\/v2\/types\/post"}],"author":[{"embeddable":true,"href":"https:\/\/www.matrix4design.com\/it\/wp-json\/wp\/v2\/users\/42"}],"replies":[{"embeddable":true,"href":"https:\/\/www.matrix4design.com\/it\/wp-json\/wp\/v2\/comments?post=98649"}],"version-history":[{"count":5,"href":"https:\/\/www.matrix4design.com\/it\/wp-json\/wp\/v2\/posts\/98649\/revisions"}],"predecessor-version":[{"id":98875,"href":"https:\/\/www.matrix4design.com\/it\/wp-json\/wp\/v2\/posts\/98649\/revisions\/98875"}],"wp:featuredmedia":[{"embeddable":true,"href":"https:\/\/www.matrix4design.com\/it\/wp-json\/wp\/v2\/media\/98656"}],"wp:attachment":[{"href":"https:\/\/www.matrix4design.com\/it\/wp-json\/wp\/v2\/media?parent=98649"}],"wp:term":[{"taxonomy":"category","embeddable":true,"href":"https:\/\/www.matrix4design.com\/it\/wp-json\/wp\/v2\/categories?post=98649"},{"taxonomy":"post_tag","embeddable":true,"href":"https:\/\/www.matrix4design.com\/it\/wp-json\/wp\/v2\/tags?post=98649"}],"curies":[{"name":"wp","href":"https:\/\/api.w.org\/{rel}","templated":true}]}}